{"id":50721,"date":"2025-09-16T09:57:29","date_gmt":"2025-09-16T12:57:29","guid":{"rendered":"https:\/\/atecordoba.org\/?p=50721"},"modified":"2025-09-16T09:58:05","modified_gmt":"2025-09-16T12:58:05","slug":"17-de-septiembre-en-ate-cordoba-nos-sumamos-a-la-marcha-federal-universitaria-en-el-marco-del-paro-nacional","status":"publish","type":"post","link":"https:\/\/atecordoba.org\/?p=50721","title":{"rendered":"17 de septiembre: en ATE C\u00f3rdoba nos sumamos a la Marcha Federal Universitaria en el marco del Paro Nacional"},"content":{"rendered":"\n<figure class=\"wp-block-image size-large\"><img loading=\"lazy\" decoding=\"async\" width=\"576\" height=\"432\" src=\"https:\/\/atecordoba.org\/wp-content\/uploads\/2025\/09\/images-23419977800819111902.jpg\" alt=\"\" class=\"wp-image-50717\" srcset=\"https:\/\/atecordoba.org\/wp-content\/uploads\/2025\/09\/images-23419977800819111902.jpg 576w, https:\/\/atecordoba.org\/wp-content\/uploads\/2025\/09\/images-23419977800819111902-300x225.jpg 300w\" sizes=\"auto, (max-width: 576px) 100vw, 576px\" \/><\/figure>\n\n\n\n<p>En el marco del Paro Nacional de ATE resuelto por nuestro Consejo Directivo Nacional, desde ATE C\u00f3rdoba nos movilizamos este mi\u00e9rcoles 17 de septiembre en defensa de la educaci\u00f3n y la salud p\u00fablicas, y contra el ajuste que el Gobierno intenta imponer a trav\u00e9s de los vetos presidenciales.<br><br>En nuestra provincia, convocamos a concentrarnos a las 13 horas en el Monumento de la Reforma en Ciudad Universitaria, para marchar junto a la comunidad educativa y al pueblo cordob\u00e9s en la tercera Marcha Federal Universitaria. La movilizaci\u00f3n comenzar\u00e1 a las 14 y culminar\u00e1 con un acto central a las 15:30 en la intersecci\u00f3n de Yrigoyen y Obispo Trejo.<\/p>\n\n\n\n<h2 class=\"wp-block-heading\">Por qu\u00e9 paramos y luchamos<\/h2>\n\n\n\n<figure class=\"wp-block-image size-large\"><img loading=\"lazy\" decoding=\"async\" width=\"750\" height=\"563\" src=\"https:\/\/atecordoba.org\/wp-content\/uploads\/2025\/09\/whatsapp-image-2024-09-24-at-112821329092264777245.jpeg\" alt=\"\" class=\"wp-image-50718\" srcset=\"https:\/\/atecordoba.org\/wp-content\/uploads\/2025\/09\/whatsapp-image-2024-09-24-at-112821329092264777245.jpeg 750w, https:\/\/atecordoba.org\/wp-content\/uploads\/2025\/09\/whatsapp-image-2024-09-24-at-112821329092264777245-300x225.jpeg 300w\" sizes=\"auto, (max-width: 750px) 100vw, 750px\" \/><\/figure>\n\n\n\n<p><br>Desde ATE resolvimos una Jornada Nacional de Lucha con paros, asambleas, movilizaciones y distintas acciones en todo el pa\u00eds. Lo hicimos porque no podemos permitir que se vetara la Ley de Emergencia Sanitaria en Salud Pedi\u00e1trica y la Ley de Financiamiento Universitario, sancionadas por el Congreso. Ajustar sobre la salud y la educaci\u00f3n es un acto criminal que condena a la exclusi\u00f3n y a la desigualdad a millones de argentinas y argentinos.<br><br>El Gobierno precariza, empobrece y hunde en la miseria a las y los trabajadores y jubilados, y frente a los reclamos responde con represi\u00f3n y criminalizaci\u00f3n de la protesta social. Por eso volvemos a las calles para reclamar por:<\/p>\n\n\n\n<p><em><strong>Rechazo a los vetos <\/strong><\/em><em>contra la Ley de Emergencia Sanitaria y la Ley de Financiamiento Universitario.<\/em><br><br><em><strong>Aumento salarial de emergencia <\/strong><\/em><strong><em>para todas y todos los estatales.<\/em><\/strong><br><br><em><strong>Aumento de emergencia <\/strong><\/em><em>para jubiladas y jubilados.<\/em><br><br><em><strong>Regularizaci\u00f3n del empleo p\u00fablico y pase a planta permanente.<\/strong><\/em><br><br><em><strong>Cese de despidos y reincorporaci\u00f3n de todas y todos.<\/strong><\/em><br><br><em><strong>Rechazo a las privatizaciones <\/strong><\/em><em>de empresas p\u00fablicas y a la venta de inmuebles del Estado.<\/em><br><br><em><strong>Restituci\u00f3n de los fondos adeudados a las provincias.<\/strong><\/em><br><br><em><strong>Defensa de las Cajas Previsionales Provinciales <\/strong><\/em><em>y restituci\u00f3n del Fondo de Garant\u00eda de Sustentabilidad (FGS).<\/em><br><br><em><strong>Anulaci\u00f3n del protocolo anti movilizaciones, <\/strong><\/em><em>del DNU 70\/23, de la Ley Bases y del SEP.<\/em><br><\/p>\n\n\n\n<h2 class=\"wp-block-heading\">Una causa com\u00fan<\/h2>\n\n\n\n<figure class=\"wp-block-image size-large\"><img loading=\"lazy\" decoding=\"async\" width=\"750\" height=\"563\" src=\"https:\/\/atecordoba.org\/wp-content\/uploads\/2025\/09\/whatsapp-image-2024-09-24-at-115325406126854778091.jpeg\" alt=\"\" class=\"wp-image-50719\" srcset=\"https:\/\/atecordoba.org\/wp-content\/uploads\/2025\/09\/whatsapp-image-2024-09-24-at-115325406126854778091.jpeg 750w, https:\/\/atecordoba.org\/wp-content\/uploads\/2025\/09\/whatsapp-image-2024-09-24-at-115325406126854778091-300x225.jpeg 300w\" sizes=\"auto, (max-width: 750px) 100vw, 750px\" \/><\/figure>\n\n\n\n<p><br>La Marcha Federal Universitaria, convocada por el Consejo Interuniversitario Nacional (CIN), el Frente Sindical Universitario y la Federaci\u00f3n Universitaria Argentina (FUA), re\u00fane a toda la comunidad universitaria, a las y los trabajadores y a la sociedad en su conjunto en la defensa de la educaci\u00f3n p\u00fablica, gratuita y de calidad.<br><br>Desde ATE C\u00f3rdoba decimos con fuerza: <\/p>\n\n\n\n<p><strong>\u00a1Nos vemos en la marcha! No al veto, no al ajuste, en defensa de la salud, la educaci\u00f3n y los derechos de las y los trabajadores estatales.<\/strong><br><br>\ud83d\udc49 Concentramos a las 13 hs en el Monumento de la Reforma, Ciudad Universitaria.<\/p>\n","protected":false},"excerpt":{"rendered":"<p>En el marco del Paro Nacional de ATE resuelto por nuestro Consejo Directivo Nacional, desde ATE C\u00f3rdoba nos movilizamos este mi\u00e9rcoles 17 de septiembre en defensa de la educaci\u00f3n y la salud p\u00fablicas, y contra el ajuste que el Gobierno intenta imponer a trav\u00e9s de los vetos presidenciales. En nuestra provincia, convocamos a concentrarnos a [&hellip;]<\/p>\n","protected":false},"author":3,"featured_media":50720,"comment_status":"open","ping_status":"open","sticky":false,"template":"","format":"standard","meta":{"_exactmetrics_skip_tracking":false,"_exactmetrics_sitenote_active":false,"_exactmetrics_sitenote_note":"","_exactmetrics_sitenote_category":0,"jnews-multi-image_gallery":[],"jnews_single_post":[],"jnews_primary_category":[],"jnews_social_meta":[],"jnews_review":[],"enable_review":"","type":"","name":"","summary":"","brand":"","sku":"","good":[],"bad":[],"score_override":"","override_value":"","rating":[],"price":[],"jnews_override_counter":[],"jnews_post_split":[],"footnotes":""},"categories":[10],"tags":[],"class_list":["post-50721","post","type-post","status-publish","format-standard","has-post-thumbnail","hentry","category-accion-politica"],"jetpack_featured_media_url":"https:\/\/atecordoba.org\/wp-content\/uploads\/2025\/09\/images-2.jpeg","_links":{"self":[{"href":"https:\/\/atecordoba.org\/index.php?rest_route=\/wp\/v2\/posts\/50721","targetHints":{"allow":["GET"]}}],"collection":[{"href":"https:\/\/atecordoba.org\/index.php?rest_route=\/wp\/v2\/posts"}],"about":[{"href":"https:\/\/atecordoba.org\/index.php?rest_route=\/wp\/v2\/types\/post"}],"author":[{"embeddable":true,"href":"https:\/\/atecordoba.org\/index.php?rest_route=\/wp\/v2\/users\/3"}],"replies":[{"embeddable":true,"href":"https:\/\/atecordoba.org\/index.php?rest_route=%2Fwp%2Fv2%2Fcomments&post=50721"}],"version-history":[{"count":1,"href":"https:\/\/atecordoba.org\/index.php?rest_route=\/wp\/v2\/posts\/50721\/revisions"}],"predecessor-version":[{"id":50722,"href":"https:\/\/atecordoba.org\/index.php?rest_route=\/wp\/v2\/posts\/50721\/revisions\/50722"}],"wp:featuredmedia":[{"embeddable":true,"href":"https:\/\/atecordoba.org\/index.php?rest_route=\/wp\/v2\/media\/50720"}],"wp:attachment":[{"href":"https:\/\/atecordoba.org\/index.php?rest_route=%2Fwp%2Fv2%2Fmedia&parent=50721"}],"wp:term":[{"taxonomy":"category","embeddable":true,"href":"https:\/\/atecordoba.org\/index.php?rest_route=%2Fwp%2Fv2%2Fcategories&post=50721"},{"taxonomy":"post_tag","embeddable":true,"href":"https:\/\/atecordoba.org\/index.php?rest_route=%2Fwp%2Fv2%2Ftags&post=50721"}],"curies":[{"name":"wp","href":"https:\/\/api.w.org\/{rel}","templated":true}]}}