{"id":50702,"date":"2025-09-15T10:35:12","date_gmt":"2025-09-15T13:35:12","guid":{"rendered":"https:\/\/atecordoba.org\/?p=50702"},"modified":"2025-09-15T10:38:46","modified_gmt":"2025-09-15T13:38:46","slug":"50702","status":"publish","type":"post","link":"https:\/\/atecordoba.org\/?p=50702","title":{"rendered":"El Colegio de Abogados reclama explicaciones del fiscal De Arag\u00f3n por la detenci\u00f3n del secretario de DDHH y abogado de ATE, C\u00e9sar Theaux"},"content":{"rendered":"<p><img loading=\"lazy\" decoding=\"async\" class=\"aligncenter wp-image-50707 \" src=\"https:\/\/atecordoba.org\/wp-content\/uploads\/2025\/09\/Colegio-Abogados-1.jpg\" alt=\"\" width=\"618\" height=\"370\" srcset=\"https:\/\/atecordoba.org\/wp-content\/uploads\/2025\/09\/Colegio-Abogados-1.jpg 800w, https:\/\/atecordoba.org\/wp-content\/uploads\/2025\/09\/Colegio-Abogados-1-300x180.jpg 300w, https:\/\/atecordoba.org\/wp-content\/uploads\/2025\/09\/Colegio-Abogados-1-768x460.jpg 768w, https:\/\/atecordoba.org\/wp-content\/uploads\/2025\/09\/Colegio-Abogados-1-750x449.jpg 750w\" sizes=\"auto, (max-width: 618px) 100vw, 618px\" \/>El Colegio de Abogados reclama explicaciones del fiscal De Arag\u00f3n por la detenci\u00f3n del secretario de DDHH y abogado de ATE, C\u00e9sar Theaux<\/p>\n<p>La semana pasada el presidente dl Colegio de Abogados de C\u00f3rdoba, Eduardo Bittar, se present\u00f3 ante la fiscal\u00eda Distrito 1 Turno 4, a cargo de Ernesto De Arag\u00f3n pidiendo participaci\u00f3n y explicaciones de la detenci\u00f3n del abogado de DDHH, integrante del Colegio de Abogados y dirigente de ATE C\u00f3rdoba, C\u00e9sar Theaux, y su estad\u00eda en el Penal de Bouwer.<\/p>\n<p>La presentaci\u00f3n reclama explicaciones para que De Arag\u00f3n responda en base a qu\u00e9 se realiz\u00f3 la detenci\u00f3n.<\/p>\n<p>Theaux fue encarcelado, a pesar de haberse identificado ante la polic\u00eda como abogado de la CTAA, en el marco de la violenta represi\u00f3n en la Secretar\u00eda de Pol\u00edticas Sociales y Desarrollo Humano de la Municipalidad de C\u00f3rdoba, donde una columna 1000 compa\u00f1eros y compa\u00f1eras de la Federaci\u00f3n Nacional Territorial (FeNaT-CTAA) se moviliz\u00f3 para reclamar por la distribuci\u00f3n de alimentos para merenderos y comedores populares, dr\u00e1sticamente interrumpida por la Municipalidad los \u00faltimos dos meses.<\/p>\n<p>La detenci\u00f3n del dirigente estatal se extendi\u00f3 hasta la 1 AM del viernes, es decir alrededor de 14 horas, esposado y sin recibir un vaso de agua, lo que constituye una grave violaci\u00f3n a los DDHH. Adem\u00e1s, al detenerlo la polic\u00eda le impidi\u00f3 ejercer la defensa de sus representados, los 14 detenidos dentro de las oficinas de la Secretar\u00eda, y del resto de las y los compa\u00f1eros que fueron reprimidos en la calle durante el ataque policial, llevado adelante por las fuerzas de seguridad pero perge\u00f1ado por el fiscal De Arag\u00f3n, funcionario que tiene a cargo las actuaciones del Ministerio P\u00fablico Fiscal en cuestiones relacionadas con la protesta social en el centro de la Ciudad de C\u00f3rdoba.<\/p>\n<p>De esta forma, el Colegio de Abogados respondi\u00f3 positivamente al<a href=\"https:\/\/atecordoba.org\/?p=50435\"> pedido de Theaux<\/a> para que la colegiatura intervenga en el caso.<\/p>\n<p>Vale mencionar que la violenta represi\u00f3n, las detenciones arbitrarias y las graves heridas sufridas por el secretario General de ATE C\u00f3rdoba, Federico Giuliani, tuvieron repercusi\u00f3n en la Unicameral, donde la legisladora Luciana Echevarr\u00eda present\u00f3 un pedido de informes al ministro de Seguridad Juan Pablo Quinteros para que explique en la Unicameral respecto al operativo desarrollado por la Polic\u00eda de la Provincia de C\u00f3rdoba.<\/p>\n","protected":false},"excerpt":{"rendered":"<p>El Colegio de Abogados reclama explicaciones del fiscal De Arag\u00f3n por la detenci\u00f3n del secretario de DDHH y abogado de ATE, C\u00e9sar Theaux La semana pasada el presidente dl Colegio de Abogados de C\u00f3rdoba, Eduardo Bittar, se present\u00f3 ante la fiscal\u00eda Distrito 1 Turno 4, a cargo de Ernesto De Arag\u00f3n pidiendo participaci\u00f3n y explicaciones [&hellip;]<\/p>\n","protected":false},"author":7,"featured_media":50703,"comment_status":"open","ping_status":"open","sticky":false,"template":"","format":"standard","meta":{"_exactmetrics_skip_tracking":false,"_exactmetrics_sitenote_active":false,"_exactmetrics_sitenote_note":"","_exactmetrics_sitenote_category":0,"jnews-multi-image_gallery":[],"jnews_single_post":{"format":"standard","override":[{"template":"1","parallax":"1","fullscreen":"1","layout":"no-sidebar-narrow","sidebar":"default-sidebar","second_sidebar":"default-sidebar","sticky_sidebar":"1","share_position":"bottom","share_float_style":"share-monocrhome","show_share_counter":"1","show_view_counter":"1","show_post_meta":"1","show_post_author_image":"1","show_post_date":"1","post_date_format":"default","post_date_format_custom":"Y\/m\/d","show_post_category":"1","show_post_reading_time":"0","post_reading_time_wpm":"300","post_calculate_word_method":"str_word_count","show_zoom_button":"0","zoom_button_out_step":"2","zoom_button_in_step":"3","show_post_tag":"1","number_popup_post":"1","show_post_related":"1","show_inline_post_related":"0"}],"image_override":[{"single_post_thumbnail_size":"crop-500","single_post_gallery_size":"crop-500"}],"trending_post_position":"meta","trending_post_label":"Trending","sponsored_post_label":"Sponsored by","disable_ad":"0"},"jnews_primary_category":[],"jnews_social_meta":[],"jnews_review":[],"enable_review":"","type":"percentage","name":"","summary":"","brand":"","sku":"","good":[],"bad":[],"score_override":"","override_value":"","rating":[],"price":[],"jnews_override_counter":{"view_counter_number":"0","share_counter_number":"0","like_counter_number":"0","dislike_counter_number":"0"},"jnews_post_split":{"post_split":[{"template":"1","tag":"h2","numbering":"asc","mode":"normal","first":"0","enable_toc":"0","toc_type":"normal"}]},"footnotes":""},"categories":[122],"tags":[],"class_list":["post-50702","post","type-post","status-publish","format-standard","has-post-thumbnail","hentry","category-ddhh"],"jetpack_featured_media_url":"https:\/\/atecordoba.org\/wp-content\/uploads\/2025\/09\/logo-colegio-abogados-cordoba-e1757943363640.jpg","_links":{"self":[{"href":"https:\/\/atecordoba.org\/index.php?rest_route=\/wp\/v2\/posts\/50702","targetHints":{"allow":["GET"]}}],"collection":[{"href":"https:\/\/atecordoba.org\/index.php?rest_route=\/wp\/v2\/posts"}],"about":[{"href":"https:\/\/atecordoba.org\/index.php?rest_route=\/wp\/v2\/types\/post"}],"author":[{"embeddable":true,"href":"https:\/\/atecordoba.org\/index.php?rest_route=\/wp\/v2\/users\/7"}],"replies":[{"embeddable":true,"href":"https:\/\/atecordoba.org\/index.php?rest_route=%2Fwp%2Fv2%2Fcomments&post=50702"}],"version-history":[{"count":4,"href":"https:\/\/atecordoba.org\/index.php?rest_route=\/wp\/v2\/posts\/50702\/revisions"}],"predecessor-version":[{"id":50709,"href":"https:\/\/atecordoba.org\/index.php?rest_route=\/wp\/v2\/posts\/50702\/revisions\/50709"}],"wp:featuredmedia":[{"embeddable":true,"href":"https:\/\/atecordoba.org\/index.php?rest_route=\/wp\/v2\/media\/50703"}],"wp:attachment":[{"href":"https:\/\/atecordoba.org\/index.php?rest_route=%2Fwp%2Fv2%2Fmedia&parent=50702"}],"wp:term":[{"taxonomy":"category","embeddable":true,"href":"https:\/\/atecordoba.org\/index.php?rest_route=%2Fwp%2Fv2%2Fcategories&post=50702"},{"taxonomy":"post_tag","embeddable":true,"href":"https:\/\/atecordoba.org\/index.php?rest_route=%2Fwp%2Fv2%2Ftags&post=50702"}],"curies":[{"name":"wp","href":"https:\/\/api.w.org\/{rel}","templated":true}]}}