{"id":50696,"date":"2025-09-15T10:13:43","date_gmt":"2025-09-15T13:13:43","guid":{"rendered":"https:\/\/atecordoba.org\/?p=50696"},"modified":"2025-09-15T10:15:59","modified_gmt":"2025-09-15T13:15:59","slug":"ddhh-denuncian-ante-el-fiscal-general-a-de-aragon-por-la-represion-de-la-protesta-de-ctaa","status":"publish","type":"post","link":"https:\/\/atecordoba.org\/?p=50696","title":{"rendered":"DDHH: Denuncian ante el Fiscal General a De Arag\u00f3n por la represi\u00f3n de la protesta de CTAA"},"content":{"rendered":"<figure id=\"attachment_50687\" aria-describedby=\"caption-attachment-50687\" style=\"width: 621px\" class=\"wp-caption aligncenter\"><img loading=\"lazy\" decoding=\"async\" class=\"wp-image-50687\" src=\"https:\/\/atecordoba.org\/wp-content\/uploads\/2025\/09\/fede-hospitalizado.webp\" alt=\"\" width=\"621\" height=\"573\" \/><figcaption id=\"caption-attachment-50687\" class=\"wp-caption-text\">Federico Giuliani, hospitalizado por la quebradura de un brazo durante su detenci\u00f3n.<\/figcaption><\/figure>\n<p>Organismos de Derechos Humanos denunciaron ante el Fiscal General de la Provincia, Juan Manuel Delgado, la actuaci\u00f3n del Fiscal Ernesto Rafael De Arag\u00f3n en la represi\u00f3n de una protesta realizada el pasado 28 de agosto, en C\u00f3rdoba Capital, en reclamo de alimentos para comedores y merenderos populares, y en la detenci\u00f3n del Secretario General de ATE y la CTA Aut\u00f3noma, Federico Giuliani, y otros 14 dirigentes y manifestantes. La grave denuncia se extiende a la \u201canimosidad manifiesta\u201d por parte del Fiscal respecto de Giuliani, e incluye un planteo para que intervengan la Oficina de DD.HH. en defensa del gremialista y el Tribunal de \u00c9tica del Poder Judicial para que analice la conducta del funcionario judicial.<\/p>\n<p>Tambi\u00e9n expusieron las agresiones e impedimento de realizar su trabajo a los periodistas que cubren este tipo de sucesos, lo que configura entre otras afectaciones, \u201ccensura y atenta contra el libre ejercicio de trabajar, informar y expresarse\u201d.<\/p>\n<p>La demanda, presentada el viernes pasado, est\u00e1 impulsada por la Mesa de Trabajo por los Derechos Humanos de C\u00f3rdoba, la Asamblea Permanente por los Derechos Humanos (APDH), Familiares de Desaparecidos y Detenidos por Razones Pol\u00edticas de C\u00f3rdoba, Agrupaci\u00f3n Ex Presos Pol\u00edticos por la Patria Grande, e Hijos. Lleva las firmas de Mabel Sessa, Carlos Hugo Vicente, Adriana del Valle Ochoa, Juan Jos\u00e9 L\u00f3pez, Silvia Salamone, Mar\u00eda Jos\u00e9 Loto y Jorge Mario Lewit.<\/p>\n<p><strong>La denuncia<\/strong><\/p>\n<figure id=\"attachment_50688\" aria-describedby=\"caption-attachment-50688\" style=\"width: 614px\" class=\"wp-caption aligncenter\"><img loading=\"lazy\" decoding=\"async\" class=\"wp-image-50688\" src=\"https:\/\/atecordoba.org\/wp-content\/uploads\/2025\/09\/fede-detenido.webp\" alt=\"\" width=\"614\" height=\"356\" srcset=\"https:\/\/atecordoba.org\/wp-content\/uploads\/2025\/09\/fede-detenido.webp 768w, https:\/\/atecordoba.org\/wp-content\/uploads\/2025\/09\/fede-detenido-300x174.webp 300w, https:\/\/atecordoba.org\/wp-content\/uploads\/2025\/09\/fede-detenido-750x435.webp 750w\" sizes=\"auto, (max-width: 614px) 100vw, 614px\" \/><figcaption id=\"caption-attachment-50688\" class=\"wp-caption-text\">Giuliani, en manos de la polic\u00eda de C\u00f3rdoba.<\/figcaption><\/figure>\n<p>El escrito de los organismos de DD.HH. asegura que \u201cen esta avanzada contra los derechos del pueblo, sus trabajadoras y trabajadores observamos el uso de la prepotencia y t\u00e1cticas de limitaci\u00f3n en el libre ejercicio de derechos constitucionales, que pretenden profesar un amedrentamiento, censura y disciplinamiento, con el claro intento de limitar el ejercicio de la libertad de prensa y de expresi\u00f3n, de manifestaci\u00f3n y circulaci\u00f3n, mediante tratos inadecuados provenientes de funcionarios p\u00fablicos\u201d.<\/p>\n<p>Agrega que \u201ccomo colorario, de m\u00e1s est\u00e1 decir que el uso de t\u00e1cticas de persecuci\u00f3n, represi\u00f3n y vigilancia masiva como \u00e9stas, no s\u00f3lo invaden el derecho a la privacidad de las personas que protestan, sino que tambi\u00e9n las intimida, para que sea menos probable que deseen asistir a marchas\u201d.<\/p>\n<p>Y concluye que \u201ces claro el proceder abusivo y desproporcionado de las autoridades de seguridad provinciales y dem\u00e1s responsables que menoscaban derechos constitucionales de los manifestantes; y que con ello amedrentan a quienes se manifiestan; a lo que se le podr\u00eda sumar un oculto inter\u00e9s de disciplinar a los trabajadores, criminalizar la protesta social y los reclamos por los leg\u00edtimos derechos avasallados a amplios sectores de la sociedad cordobesa\u201d.<\/p>\n<p><strong>Los graves hechos ocurridos<\/strong><\/p>\n<p>Recuerda el escrito de los organismos de DD.HH, que la protesta en C\u00f3rdoba se desarroll\u00f3 en el marco de un plan de lucha de la CTA-A a nivel nacional.\u00a0 Resalta que \u201cla concentraci\u00f3n se estableci\u00f3 (en) cercan\u00eda de la oficina de Pol\u00edticas Sociales y Desarrollo Humano de la Municipalidad de C\u00f3rdoba que asiste a los comedores y merenderos, debido a la falta de asistencia a los mismos que desde hac\u00eda unos meses se ven\u00eda incumpliendo; es decir se estaba marchando para reclamar alimentos para los comedores locales y ayudas sociales para los sectores populares m\u00e1s postergados de la ciudad\u201d.<\/p>\n<p>Y agrega que \u201cen horas del mediod\u00eda, un grupo de manifestantes sociales y sindicales que, ya frente a la secretar\u00eda de Pol\u00edticas Sociales y Desarrollo Humano de la Municipalidad de C\u00f3rdoba, a cargo de Ra\u00fal La Cava, y tambi\u00e9n periodistas que cubr\u00edan la protesta, sufrieron una feroz represi\u00f3n llevada a cabo por la Polic\u00eda de la Provincia de C\u00f3rdoba a cargo del Subcomisario Edgardo P\u00e9rez y el Subcomisario Ezequiel Ulises Romero, bajo el comando del Ministro de Seguridad Juan Pablo Quinteros en un operativo desmedido\u201d.<\/p>\n<figure id=\"attachment_50689\" aria-describedby=\"caption-attachment-50689\" style=\"width: 604px\" class=\"wp-caption aligncenter\"><img loading=\"lazy\" decoding=\"async\" class=\"wp-image-50689\" src=\"https:\/\/atecordoba.org\/wp-content\/uploads\/2025\/09\/de-aragon-1024x721.jpg\" alt=\"\" width=\"604\" height=\"425\" srcset=\"https:\/\/atecordoba.org\/wp-content\/uploads\/2025\/09\/de-aragon-1024x721.jpg 1024w, https:\/\/atecordoba.org\/wp-content\/uploads\/2025\/09\/de-aragon-300x211.jpg 300w, https:\/\/atecordoba.org\/wp-content\/uploads\/2025\/09\/de-aragon-768x541.jpg 768w, https:\/\/atecordoba.org\/wp-content\/uploads\/2025\/09\/de-aragon-750x528.jpg 750w, https:\/\/atecordoba.org\/wp-content\/uploads\/2025\/09\/de-aragon-1140x803.jpg 1140w, https:\/\/atecordoba.org\/wp-content\/uploads\/2025\/09\/de-aragon.jpg 1200w\" sizes=\"auto, (max-width: 604px) 100vw, 604px\" \/><figcaption id=\"caption-attachment-50689\" class=\"wp-caption-text\">El fiscal Ernesto De Arag\u00f3n.<\/figcaption><\/figure>\n<p>En esa l\u00ednea sigue diciendo la denuncia que \u201cya ingresados una veintena de personas por autorizaci\u00f3n y con control del subcomisario Romero, incluidos periodistas, fueron emboscados, acorralados, hostigados, agredidos, golpeados, heridos y detenidos por personal policial, quienes con alevos\u00eda y crueldad llevaron a los manifestantes a una especie de corralito improvisado dentro de predio municipal, hasta que fueron trasladados a Tribunales II\u201d.<\/p>\n<p>Dentro de ese contexto, Giuliani fue herido de gravedad por la Polic\u00eda de C\u00f3rdoba, y tuvo que recibir asistencia m\u00e9dica, \u201csiendo el \u00fanico que ha permanecido detenido arbitrariamente hasta el d\u00eda 01\/09\/2025; por su parte el abogado C\u00e9sar Theaux relata que los otros 14 detenidos fueron trasladados a la c\u00e1rcel de Bouwer; las mujeres detenidas eran ocho, y estuvieron m\u00e1s de tres horas sin saber d\u00f3nde estaban ya que no les brindaba informaci\u00f3n certeras a los abogados defensores sobre el lugar de alojamiento de los detenidos\u201d. Theaux tambi\u00e9n revel\u00f3 que \u201cfue trasladado a Bouwer sin provisi\u00f3n de agua ni bebida durante las 14 horas de encierro, no se le permiti\u00f3 ir a los sanitarios y reci\u00e9n fue liberado del penal alrededor de la 1:00 de la madrugada del 29\/08\/2025, junto a otros 13 detenidos\u201d.<\/p>\n<p><strong>\u201cAnimosidad manifiesta\u201d<\/strong><\/p>\n<p>El escrito de 14 carillas detalla apunta contra el fiscal De Arag\u00f3n: \u201cdesde hace tiempo, observamos tendr\u00eda una animosidad manifiesta contra Federico Giuliani y sus representados, al igual que el Ministro de Seguridad de la Provincia y la Polic\u00eda de C\u00f3rdoba a cargo de los operativos anti-protestas. Recordamos que dicha Fiscal\u00eda tiene bajo su intervenci\u00f3n en todas las protestas gremiales y sociales, por designaci\u00f3n espec\u00edfica de la Fiscal\u00eda General\u201d.<\/p>\n<p>Luego plantea que \u201cobservamos del Fiscal De Arag\u00f3n que a trav\u00e9s del Poder Judicial criminaliza la protesta social y tiene en la mira la persecuci\u00f3n de Federico Giuliani y dem\u00e1s dirigentes que lo acompa\u00f1an en su labor gremial y social\u201d.<img loading=\"lazy\" decoding=\"async\" class=\"alignright wp-image-50690 \" src=\"https:\/\/atecordoba.org\/wp-content\/uploads\/2025\/09\/portada-tribunales-645x1024.jpeg\" alt=\"\" width=\"393\" height=\"624\" \/><\/p>\n<p>Y precisa que el dirigente sindical \u201cha sido imputado por el Fiscal denunciado en varias oportunidades, habiendo sido absuelto y eximido de dichas acusaciones por parte de la Justicia\u201d, a la par que apunta que \u201clamentablemente tenemos que acu\u00f1ar nuevamente la categor\u00eda de \u2018preso pol\u00edtico\u2019 de las \u00faltimas dictaduras argentinas, que cre\u00edamos ya desterradas, para quienes luchan por la justicia social\u201d.<\/p>\n<p><strong>Graves antecedentes<\/strong><\/p>\n<p>\u201cEsta pr\u00e1ctica organizada desde el poder estatal se viene dando desde hace tiempo, sobre todos en las movilizaciones llevadas a cabo por ATE y los movimientos sociales de los sectores m\u00e1s postergados de nuestra provincia. Es por ello por lo que como organismos de derechos humanos nos invade una gran preocupaci\u00f3n, ya que no podemos naturalizar estas pr\u00e1cticas represivas que remedan las que se hacen a nivel nacional, como por ejemplo cada mi\u00e9rcoles en CABA, cuando las Fuerzas de Seguridad apalean a jubilados que reclaman una mejora jubilatoria, alimentos, medicamentos, etc. y los periodistas que cubren las manifestaciones son heridos y maltratados por trabajar. En C\u00f3rdoba se est\u00e1n afirmando estas pr\u00e1cticas nocivas para la sociedad en su conjunto\u201d, afirma la presentaci\u00f3n de los organismos de DD.HH. ante el fiscal general de la Provincia.<\/p>\n<p>Luego denuncia \u201clas restricciones ileg\u00edtimas que afectan en la provincia de C\u00f3rdoba, el derecho a la libertad ambulatoria, que criminalizan la protesta social y que ponen en riesgo la integridad de los manifestantes por la aplicaci\u00f3n del protocolo anti-protesta utilizado por el Ministerio de Seguridad, la Polic\u00eda de la Provincia de C\u00f3rdoba, y la Fiscal\u00eda de De Arag\u00f3n, protocolo no legislado, ni publicado, cuasi desconocido, y que en parte aplica lo resuelto de manera unilateral por el Juez Control y Faltas N\u00ba 10 en autos \u201cEXPEDIENTE SAC: 11363867 \u2013 H\u00c1BEAS CORPUS COLECTIVO -DENUNCIA DE LIMITACI\u00d3N DE LIBERTAD AMBULATORIA Y DE TRABAJAR LIBREMENTE SIN ORDEN DE AUTORIDAD COMPETENTE Y ALTERACI\u00d3N DE LA TRANQUILIDAD P\u00daBLICA \u2013 H\u00c1BEAS CORPUS\u201d mediante sentencia N\u00b0 53 del 31\/03\/2023\u201d.<\/p>\n<figure id=\"attachment_50691\" aria-describedby=\"caption-attachment-50691\" style=\"width: 622px\" class=\"wp-caption aligncenter\"><img loading=\"lazy\" decoding=\"async\" class=\"wp-image-50691\" src=\"https:\/\/atecordoba.org\/wp-content\/uploads\/2025\/09\/juan-manuel-delgado.webp\" alt=\"\" width=\"622\" height=\"350\" srcset=\"https:\/\/atecordoba.org\/wp-content\/uploads\/2025\/09\/juan-manuel-delgado.webp 987w, https:\/\/atecordoba.org\/wp-content\/uploads\/2025\/09\/juan-manuel-delgado-300x169.webp 300w, https:\/\/atecordoba.org\/wp-content\/uploads\/2025\/09\/juan-manuel-delgado-768x432.webp 768w, https:\/\/atecordoba.org\/wp-content\/uploads\/2025\/09\/juan-manuel-delgado-750x422.webp 750w\" sizes=\"auto, (max-width: 622px) 100vw, 622px\" \/><figcaption id=\"caption-attachment-50691\" class=\"wp-caption-text\">El Fiscal General Juan Manuel Delegado.<\/figcaption><\/figure>\n<p>En ese sentido indica que \u201chemos tomado conocimiento de su existencia (Protocolo Anti-protesta) por medios period\u00edsticos, y en la cual ninguno de los actores sociales contra quien va dirigido fueron leg\u00edtimamente citados ni escuchados en las referidas actuaciones\u201d y acusa a De Arag\u00f3n de \u201cautoerigirse seudo facultades legislativas vedadas al Poder Judicial, con el \u00fanico fin de criminalizar la protesta social, limitando derechos constituciones y legislaci\u00f3n internacional\u201d.<\/p>\n<p>Posteriormente se\u00f1ala que \u201c(las) disposiciones del cuestionado \u201cProtocolo\u201d de hecho aplicado por el Ministerio de Seguridad, la Polic\u00eda de la Provincia de C\u00f3rdoba y la Fiscal\u00eda DISTRITO 4 TURNO 1, a cargo del Fiscal De Arag\u00f3n, constituyen la suspensi\u00f3n ilegal de derechos amparados por la Constituci\u00f3n Nacional y los tratados internacionales con jerarqu\u00eda constitucional\u201d.<\/p>\n<p>Denuncia, adem\u00e1s, \u201cla persistencia y desarrollo de posibles acciones de inteligencia ilegal realizadas por la Polic\u00eda de la Provincia de C\u00f3rdoba que encuadrar\u00edan en los delitos tipificados en especial los arts. 248 y 249 del C\u00f3digo Penal (Abuso de autoridad e incumplimiento de los deberes de funcionario p\u00fablico), incumplimiento de la ley 23.554 de Defensa Nacional (1988), la ley 24.059 de Seguridad Interior (1991) y la Ley 25.520 de Inteligencia Nacional (2001); adem\u00e1s de que habr\u00edan incurrido en actos discriminatorios normados en la Ley 23.592; que fueran ejecutadas en la concentraci\u00f3n y protesta pac\u00edfica del d\u00eda 20\/12\/2023, las del d\u00eda 21\/12\/2023 y el 27\/12\/2023 entre otras\u201d.<\/p>\n<p>Finalmente, para completar el cuadro, asegura que \u201cestos hechos fueron denunciados oportunamente ante la Fiscal\u00eda en lo Penal Econ\u00f3mico N\u00b02 de la ciudad de C\u00f3rdoba, pero lamentablemente hasta la fecha est\u00e1 paralizada la tramitaci\u00f3n de dicha denuncia, a pesar de haber sido presentada con fecha 29\/12\/2023\u201d, esto es, hace un a\u00f1o y nueve meses atr\u00e1s.<\/p>\n<p><strong>El Caso Giuliani<\/strong><\/p>\n<p>El escrito presentado por los organismos de DD.HH. hace especial hincapi\u00e9 en las condiciones de detenci\u00f3n, la violencia institucional y la violaci\u00f3n de derechos humanos que padeci\u00f3 Federico Giuliani, el principal dirigente de ATE C\u00f3rdoba y la CTA-A de la segunda provincia argentina. Por ese motivo es que pide la intervenci\u00f3n de la Oficina de Derechos Humanos del Poder Judicial.<\/p>\n<p>Detalla textualmente: \u201cLa familia de Federico Giuliani nos informa que el d\u00eda 28.8.2025 luego de ser trasladado a dependencias de Tribunales II, fue derivado al Hospital Misericordia donde fue asistido por sus lesiones en codo y hombro (por la noche estuvo esposado con custodia y el desfile de la c\u00fapula policial); el viernes 29 de agosto recibi\u00f3 el alta m\u00e9dica siendo trasladado desde el Hospital a Tribunales II para su indagatoria. All\u00ed el Fiscal De Arag\u00f3n no quiso tomarle la declaraci\u00f3n indagatoria y lo trasladaron directamente al Penal de Bouwer, estando hasta el 01\/09\/2025 all\u00ed alojado, incomunicado, sin su medicaci\u00f3n de ingesta habitual; sin ropa ni elementos de higiene\u201d.<\/p>\n<a href=\"https:\/\/atecordoba.org\/wp-content\/uploads\/2025\/09\/PRESENTACION-ORGANISMOS-FISCALIA-GRAL-GIULIANI-.pdf\" class=\"pdfemb-viewer\" style=\"\" data-width=\"max\" data-height=\"max\" data-toolbar=\"bottom\" data-toolbar-fixed=\"off\">PRESENTACION ORGANISMOS FISCALIA GRAL GIULIANI<\/a>\n<p>&nbsp;<\/p>\n","protected":false},"excerpt":{"rendered":"<p>Organismos de Derechos Humanos denunciaron ante el Fiscal General de la Provincia, Juan Manuel Delgado, la actuaci\u00f3n del Fiscal Ernesto Rafael De Arag\u00f3n en la represi\u00f3n de una protesta realizada el pasado 28 de agosto, en C\u00f3rdoba Capital, en reclamo de alimentos para comedores y merenderos populares, y en la detenci\u00f3n del Secretario General de [&hellip;]<\/p>\n","protected":false},"author":7,"featured_media":50687,"comment_status":"open","ping_status":"open","sticky":false,"template":"","format":"standard","meta":{"_exactmetrics_skip_tracking":false,"_exactmetrics_sitenote_active":false,"_exactmetrics_sitenote_note":"","_exactmetrics_sitenote_category":0,"jnews-multi-image_gallery":[],"jnews_single_post":{"format":"standard","override":[{"template":"1","parallax":"1","fullscreen":"1","layout":"no-sidebar-narrow","sidebar":"default-sidebar","second_sidebar":"default-sidebar","sticky_sidebar":"1","share_position":"bottom","share_float_style":"share-monocrhome","show_share_counter":"1","show_view_counter":"1","show_post_meta":"1","show_post_author_image":"1","show_post_date":"1","post_date_format":"default","post_date_format_custom":"Y\/m\/d","show_post_category":"1","show_post_reading_time":"0","post_reading_time_wpm":"300","post_calculate_word_method":"str_word_count","show_zoom_button":"0","zoom_button_out_step":"2","zoom_button_in_step":"3","show_post_tag":"1","number_popup_post":"1","show_post_related":"1","show_inline_post_related":"0"}],"image_override":[{"single_post_thumbnail_size":"crop-500","single_post_gallery_size":"crop-500"}],"trending_post_position":"meta","trending_post_label":"Trending","sponsored_post_label":"Sponsored by","disable_ad":"0"},"jnews_primary_category":[],"jnews_social_meta":[],"jnews_review":[],"enable_review":"","type":"percentage","name":"","summary":"","brand":"","sku":"","good":[],"bad":[],"score_override":"","override_value":"","rating":[],"price":[],"jnews_override_counter":{"view_counter_number":"0","share_counter_number":"0","like_counter_number":"0","dislike_counter_number":"0"},"jnews_post_split":{"post_split":[{"template":"1","tag":"h2","numbering":"asc","mode":"normal","first":"0","enable_toc":"0","toc_type":"normal"}]},"footnotes":""},"categories":[341],"tags":[],"class_list":["post-50696","post","type-post","status-publish","format-standard","has-post-thumbnail","hentry","category-cdp"],"jetpack_featured_media_url":"https:\/\/atecordoba.org\/wp-content\/uploads\/2025\/09\/fede-hospitalizado-e1757942016178.webp","_links":{"self":[{"href":"https:\/\/atecordoba.org\/index.php?rest_route=\/wp\/v2\/posts\/50696","targetHints":{"allow":["GET"]}}],"collection":[{"href":"https:\/\/atecordoba.org\/index.php?rest_route=\/wp\/v2\/posts"}],"about":[{"href":"https:\/\/atecordoba.org\/index.php?rest_route=\/wp\/v2\/types\/post"}],"author":[{"embeddable":true,"href":"https:\/\/atecordoba.org\/index.php?rest_route=\/wp\/v2\/users\/7"}],"replies":[{"embeddable":true,"href":"https:\/\/atecordoba.org\/index.php?rest_route=%2Fwp%2Fv2%2Fcomments&post=50696"}],"version-history":[{"count":4,"href":"https:\/\/atecordoba.org\/index.php?rest_route=\/wp\/v2\/posts\/50696\/revisions"}],"predecessor-version":[{"id":50700,"href":"https:\/\/atecordoba.org\/index.php?rest_route=\/wp\/v2\/posts\/50696\/revisions\/50700"}],"wp:featuredmedia":[{"embeddable":true,"href":"https:\/\/atecordoba.org\/index.php?rest_route=\/wp\/v2\/media\/50687"}],"wp:attachment":[{"href":"https:\/\/atecordoba.org\/index.php?rest_route=%2Fwp%2Fv2%2Fmedia&parent=50696"}],"wp:term":[{"taxonomy":"category","embeddable":true,"href":"https:\/\/atecordoba.org\/index.php?rest_route=%2Fwp%2Fv2%2Fcategories&post=50696"},{"taxonomy":"post_tag","embeddable":true,"href":"https:\/\/atecordoba.org\/index.php?rest_route=%2Fwp%2Fv2%2Ftags&post=50696"}],"curies":[{"name":"wp","href":"https:\/\/api.w.org\/{rel}","templated":true}]}}