{"id":50669,"date":"2025-09-12T13:24:46","date_gmt":"2025-09-12T16:24:46","guid":{"rendered":"https:\/\/atecordoba.org\/?p=50669"},"modified":"2025-09-12T13:39:20","modified_gmt":"2025-09-12T16:39:20","slug":"capital-humano-800-puestos-de-trabajo-en-riesgo-por-la-disponibilidad-profundizan-la-crueldad-del-ajuste-del-gobierno-libertario","status":"publish","type":"post","link":"https:\/\/atecordoba.org\/?p=50669","title":{"rendered":"Capital Humano: 800 puestos de trabajo en riesgo por la disponibilidad profundizan la crueldad del ajuste del gobierno libertario"},"content":{"rendered":"<p><img loading=\"lazy\" decoding=\"async\" class=\"aligncenter wp-image-50670 \" src=\"https:\/\/atecordoba.org\/wp-content\/uploads\/2025\/09\/WhatsApp-Image-2025-09-12-at-10.45.09-1024x576.jpeg\" alt=\"\" width=\"622\" height=\"350\" srcset=\"https:\/\/atecordoba.org\/wp-content\/uploads\/2025\/09\/WhatsApp-Image-2025-09-12-at-10.45.09-1024x576.jpeg 1024w, https:\/\/atecordoba.org\/wp-content\/uploads\/2025\/09\/WhatsApp-Image-2025-09-12-at-10.45.09-300x169.jpeg 300w, https:\/\/atecordoba.org\/wp-content\/uploads\/2025\/09\/WhatsApp-Image-2025-09-12-at-10.45.09-768x432.jpeg 768w, https:\/\/atecordoba.org\/wp-content\/uploads\/2025\/09\/WhatsApp-Image-2025-09-12-at-10.45.09-750x422.jpeg 750w, https:\/\/atecordoba.org\/wp-content\/uploads\/2025\/09\/WhatsApp-Image-2025-09-12-at-10.45.09-1140x641.jpeg 1140w, https:\/\/atecordoba.org\/wp-content\/uploads\/2025\/09\/WhatsApp-Image-2025-09-12-at-10.45.09.jpeg 1280w\" sizes=\"auto, (max-width: 622px) 100vw, 622px\" \/>El 15 de septiembre 800 trabajadores y trabajadoras de planta permanente del Ministerio de Capital Humano (ex Desarrollo Social y SENAF) ser\u00e1n despedidos y despedidas luego de permanecer durante seis meses en el Registro de Disponibilidad.<\/p>\n<p>Hoy se cumple el plazo que estableci\u00f3 el gobierno para ser reubicados, que la normativa fija en seis meses a pesar se public\u00f3 en el Bolet\u00edn Oficial hace apenas un mes, imposibilitando llevar a cabo un tr\u00e1mite que no tarda menos de tres meses y demostrando que el \u00fanico objetivo de la maniobra es el despido encubierto.<img loading=\"lazy\" decoding=\"async\" class=\"aligncenter wp-image-50671 \" src=\"https:\/\/atecordoba.org\/wp-content\/uploads\/2025\/09\/WhatsApp-Image-2025-09-12-at-10.49.25-1024x823.jpeg\" alt=\"\" width=\"614\" height=\"494\" srcset=\"https:\/\/atecordoba.org\/wp-content\/uploads\/2025\/09\/WhatsApp-Image-2025-09-12-at-10.49.25-1024x823.jpeg 1024w, https:\/\/atecordoba.org\/wp-content\/uploads\/2025\/09\/WhatsApp-Image-2025-09-12-at-10.49.25-300x241.jpeg 300w, https:\/\/atecordoba.org\/wp-content\/uploads\/2025\/09\/WhatsApp-Image-2025-09-12-at-10.49.25-768x617.jpeg 768w, https:\/\/atecordoba.org\/wp-content\/uploads\/2025\/09\/WhatsApp-Image-2025-09-12-at-10.49.25-750x603.jpeg 750w, https:\/\/atecordoba.org\/wp-content\/uploads\/2025\/09\/WhatsApp-Image-2025-09-12-at-10.49.25-1140x916.jpeg 1140w, https:\/\/atecordoba.org\/wp-content\/uploads\/2025\/09\/WhatsApp-Image-2025-09-12-at-10.49.25.jpeg 1280w\" sizes=\"auto, (max-width: 614px) 100vw, 614px\" \/><\/p>\n<p>&#8220;Se trata de personal En su mayor\u00eda acreditan entre 15 y 30 a\u00f1os de experiencia en la gesti\u00f3n p\u00fablica. Desde la puesta en disponibilidad en marzo al d\u00eda de hoy no fueron en ning\u00fan momento contactadas para su capacitaci\u00f3n o reubicaci\u00f3n, incumpliendo la Ley Bases que el mismo gobierno impuls\u00f3&#8221;, denunci\u00f3 la Junta Interna de ATE del Ministerio de Capital Humano.<\/p>\n<p>&#8220;En este marco, desde ATE venimos denunciando la ilegalidad y el incumplimiento de la Ley Bases que el Gobierno redact\u00f3 y seguimos trabajando para que se suspendan los efectos de las resoluciones 126\/2025 y 130\/2025, a trav\u00e9s de la presentaci\u00f3n de medida cautelar y solicitando al poder legislativo el tratamiento del proyecto de ley para poner un freno a la motosierrra que, bajo el discurso del \u201cd\u00e9ficit cero\u201d, esconde un brutal recorte de presupuesto dirigido fundamentalmente a las pol\u00edticas sociales federales que llevaba adelante nuestro organismo, desarticulando \u00e1reas claves para la asistencia y el desarrollo de todo nuestro pueblo&#8221;, completaron desde la Junta Interna.<\/p>\n<div id='gallery_1' class='gallery galleryid-50669 gallery-columns-4 gallery-size-medium'><figure class='gallery-item'>\n                <div class='gallery-icon portrait'>\n                    <a href='https:\/\/atecordoba.org\/wp-content\/uploads\/2025\/09\/1757686946285.jpg'><img loading=\"lazy\" decoding=\"async\" width=\"225\" height=\"300\" src=\"\" class=\"attachment-medium size-medium lazyload\" alt=\"\" data-src=\"https:\/\/atecordoba.org\/wp-content\/uploads\/2025\/09\/1757686946285-225x300.jpg\" data-sizes=\"auto\" data-srcset=\"https:\/\/atecordoba.org\/wp-content\/uploads\/2025\/09\/1757686946285-225x300.jpg 225w, https:\/\/atecordoba.org\/wp-content\/uploads\/2025\/09\/1757686946285-768x1024.jpg 768w, https:\/\/atecordoba.org\/wp-content\/uploads\/2025\/09\/1757686946285-1152x1536.jpg 1152w, https:\/\/atecordoba.org\/wp-content\/uploads\/2025\/09\/1757686946285-750x1000.jpg 750w, https:\/\/atecordoba.org\/wp-content\/uploads\/2025\/09\/1757686946285-1140x1520.jpg 1140w, https:\/\/atecordoba.org\/wp-content\/uploads\/2025\/09\/1757686946285.jpg 1200w\" data-expand=\"700\" \/><\/a>\n                <\/div><\/figure><figure class='gallery-item'>\n                <div class='gallery-icon landscape'>\n                    <a href='https:\/\/atecordoba.org\/wp-content\/uploads\/2025\/09\/1757686946338.jpg'><img loading=\"lazy\" decoding=\"async\" width=\"300\" height=\"225\" src=\"\" class=\"attachment-medium size-medium lazyload\" alt=\"\" data-src=\"https:\/\/atecordoba.org\/wp-content\/uploads\/2025\/09\/1757686946338-300x225.jpg\" data-sizes=\"auto\" data-srcset=\"https:\/\/atecordoba.org\/wp-content\/uploads\/2025\/09\/1757686946338-300x225.jpg 300w, https:\/\/atecordoba.org\/wp-content\/uploads\/2025\/09\/1757686946338-1024x768.jpg 1024w, https:\/\/atecordoba.org\/wp-content\/uploads\/2025\/09\/1757686946338-768x576.jpg 768w, https:\/\/atecordoba.org\/wp-content\/uploads\/2025\/09\/1757686946338-1536x1152.jpg 1536w, https:\/\/atecordoba.org\/wp-content\/uploads\/2025\/09\/1757686946338-750x563.jpg 750w, https:\/\/atecordoba.org\/wp-content\/uploads\/2025\/09\/1757686946338-1140x855.jpg 1140w, https:\/\/atecordoba.org\/wp-content\/uploads\/2025\/09\/1757686946338.jpg 1600w\" data-expand=\"700\" \/><\/a>\n                <\/div><\/figure><figure class='gallery-item'>\n                <div class='gallery-icon portrait'>\n                    <a href='https:\/\/atecordoba.org\/wp-content\/uploads\/2025\/09\/1757686946365.jpg'><img loading=\"lazy\" decoding=\"async\" width=\"225\" height=\"300\" src=\"\" class=\"attachment-medium size-medium lazyload\" alt=\"\" data-src=\"https:\/\/atecordoba.org\/wp-content\/uploads\/2025\/09\/1757686946365-225x300.jpg\" data-sizes=\"auto\" data-srcset=\"https:\/\/atecordoba.org\/wp-content\/uploads\/2025\/09\/1757686946365-225x300.jpg 225w, https:\/\/atecordoba.org\/wp-content\/uploads\/2025\/09\/1757686946365-768x1024.jpg 768w, https:\/\/atecordoba.org\/wp-content\/uploads\/2025\/09\/1757686946365-1152x1536.jpg 1152w, https:\/\/atecordoba.org\/wp-content\/uploads\/2025\/09\/1757686946365-750x1000.jpg 750w, https:\/\/atecordoba.org\/wp-content\/uploads\/2025\/09\/1757686946365-1140x1520.jpg 1140w, https:\/\/atecordoba.org\/wp-content\/uploads\/2025\/09\/1757686946365.jpg 1200w\" data-expand=\"700\" \/><\/a>\n                <\/div><\/figure><figure class='gallery-item'>\n                <div class='gallery-icon portrait'>\n                    <a href='https:\/\/atecordoba.org\/wp-content\/uploads\/2025\/09\/1757686946392.jpg'><img loading=\"lazy\" decoding=\"async\" width=\"225\" height=\"300\" src=\"\" class=\"attachment-medium size-medium lazyload\" alt=\"\" data-src=\"https:\/\/atecordoba.org\/wp-content\/uploads\/2025\/09\/1757686946392-225x300.jpg\" data-sizes=\"auto\" data-srcset=\"https:\/\/atecordoba.org\/wp-content\/uploads\/2025\/09\/1757686946392-225x300.jpg 225w, https:\/\/atecordoba.org\/wp-content\/uploads\/2025\/09\/1757686946392-768x1024.jpg 768w, https:\/\/atecordoba.org\/wp-content\/uploads\/2025\/09\/1757686946392-1152x1536.jpg 1152w, https:\/\/atecordoba.org\/wp-content\/uploads\/2025\/09\/1757686946392-750x1000.jpg 750w, https:\/\/atecordoba.org\/wp-content\/uploads\/2025\/09\/1757686946392-1140x1520.jpg 1140w, https:\/\/atecordoba.org\/wp-content\/uploads\/2025\/09\/1757686946392.jpg 1200w\" data-expand=\"700\" \/><\/a>\n                <\/div><\/figure><br style=\"clear: both\" \/>\n            <\/div>\n\n<p>La secretaria de G\u00e9nero de ATE C\u00f3rdoba y trabajadora de planta permanente de Capital Humano explic\u00f3 que &#8220;esto es el final de un proceso muy perverso: cuando sale la comunicaci\u00f3n de Capital Humano en marzo pasado fue muy desprolijo en t\u00e9rminos administrativos. Se comunic\u00f3 a trav\u00e9s de un mail sin firma de funcionario ni destinatario, argumentando que se cerraban esa dependencias, cuando en realidad esto no fue as\u00ed porque son organismos que siguen existiendo&#8221;.<\/p>\n<h4>Registro de disponibilidad trucho<\/h4>\n<p>La dirigente remarc\u00f3 que la maniobra para imponer los despidos &#8220;se instrument\u00f3 con un listado de perfiles para que otros organismos que tuvieran vacantes hicieran lugar a estos compa\u00f1eros y compa\u00f1eras que estaban supuestamente a un registro de disponibilidad. Pero ese registro no exist\u00eda en marzo. Lo instrumentaron reci\u00e9n hace menos de tres y lo publicaron en el Bolet\u00edn Oficial, donde informan de las metodolog\u00eda y el proceso administrativo. De manera que aquellos compa\u00f1eros sin puestos de trabajo desde marzo no tuvieran el tiempo para realizar el tr\u00e1mite. Eso lo denunciamos desde ATE&#8221;.<img loading=\"lazy\" decoding=\"async\" class=\"aligncenter wp-image-50676 \" src=\"https:\/\/atecordoba.org\/wp-content\/uploads\/2025\/09\/WhatsApp-Image-2025-09-12-at-11.47.05-1-1024x770.jpeg\" alt=\"\" width=\"612\" height=\"460\" srcset=\"https:\/\/atecordoba.org\/wp-content\/uploads\/2025\/09\/WhatsApp-Image-2025-09-12-at-11.47.05-1-1024x770.jpeg 1024w, https:\/\/atecordoba.org\/wp-content\/uploads\/2025\/09\/WhatsApp-Image-2025-09-12-at-11.47.05-1-300x226.jpeg 300w, https:\/\/atecordoba.org\/wp-content\/uploads\/2025\/09\/WhatsApp-Image-2025-09-12-at-11.47.05-1-768x578.jpeg 768w, https:\/\/atecordoba.org\/wp-content\/uploads\/2025\/09\/WhatsApp-Image-2025-09-12-at-11.47.05-1-750x564.jpeg 750w, https:\/\/atecordoba.org\/wp-content\/uploads\/2025\/09\/WhatsApp-Image-2025-09-12-at-11.47.05-1-1140x858.jpeg 1140w, https:\/\/atecordoba.org\/wp-content\/uploads\/2025\/09\/WhatsApp-Image-2025-09-12-at-11.47.05-1.jpeg 1280w\" sizes=\"auto, (max-width: 612px) 100vw, 612px\" \/><\/p>\n<p>En C\u00f3rdoba, los puesto de trabajo en riesgo incluyen a personal que tiene &#8220;al menos 10 a\u00f1os de antig\u00fcedad, porque ese es el requisito para concursar el cargo en planta permanente, tanto administrativa como de profesionales. La mayor\u00eda, si se efectivizan los despidos, recibir\u00e1n indemnizaciones por tan solo un a\u00f1o de trabajo porque es lo que trabajaron como planta permanente, en concursos realizados en 2022 y 2023. Esa es otra injusticia m\u00e1s porque ni siquiera se reconoce laboralmente el tiempo trabajado&#8221;.<\/p>\n<h4>P\u00e9rdida de capacidad de gesti\u00f3n<\/h4>\n<p><img loading=\"lazy\" decoding=\"async\" class=\"wp-image-50677 alignright\" src=\"https:\/\/atecordoba.org\/wp-content\/uploads\/2025\/09\/WhatsApp-Image-2025-09-12-at-10.48.57-e1757694237625-674x1024.jpeg\" alt=\"\" width=\"321\" height=\"488\" srcset=\"https:\/\/atecordoba.org\/wp-content\/uploads\/2025\/09\/WhatsApp-Image-2025-09-12-at-10.48.57-e1757694237625-674x1024.jpeg 674w, https:\/\/atecordoba.org\/wp-content\/uploads\/2025\/09\/WhatsApp-Image-2025-09-12-at-10.48.57-e1757694237625-197x300.jpeg 197w, https:\/\/atecordoba.org\/wp-content\/uploads\/2025\/09\/WhatsApp-Image-2025-09-12-at-10.48.57-e1757694237625.jpeg 720w\" sizes=\"auto, (max-width: 321px) 100vw, 321px\" \/>&#8220;Es de una crueldad terrible, nuestros compa\u00f1eros y compa\u00f1eras tiene muchos a\u00f1os de experiencia y formaci\u00f3n, habituados a tratar con personas con necesidades que hoy asisten al PAMI o al ANSES, en gestiones administrativas con el uso del sistema GDE (Gesti\u00f3n Documental Electr\u00f3nica), que el presidente no sab\u00eda que existe. Mucha capacidad que se pierde, es lamentable ver c\u00f3mo impacta en momentos que ya es tarde, cuando los niveles de desnutrici\u00f3n comienza a aparecer, el aprendizaje de las infancias decaen porque esos ni\u00f1os y ni\u00f1as no tuvieron una correcta estimulaci\u00f3n de su salud oportunamente, cuando los adultos mayores mueren por causas evitables y empeora su calidad de vida&#8221;, agrega Spaventa.<\/p>\n<p>El desmantelamiento en el \u00e1rea de pol\u00edticas sociales &#8220;es brutal porque el trabajo de estos compa\u00f1eros no fue cubierto por nadie. En el Estado no sobra nadie sino que faltan pol\u00edticas p\u00fablicas, situaci\u00f3n que se expresa en la falta de atenci\u00f3n de los sectores vulnerables y de hecho lo vemos en el ataque permanente a las personas con discapacidad, infancias, adultos mayores, personas que padecen enfermedades graves como el c\u00e1ncer. Toda poblaci\u00f3n con la que trabaj\u00e1bamos y hoy est\u00e1n reclamando sus derechos en la calle&#8221;, advierte la secretaria de G\u00e9nero de ATE C\u00f3rdoba.<\/p>\n<p>Y explica que &#8220;como sindicato mantenemos di\u00e1logo con delegados y delegadas de otros sectores de organismos nacionales, que carecen de personal administrativo \u00a0y profesional.\u00a0En lo social, la sociedad toma conciencia cuando ya es tarde. Nos alegra mucho que tanto en ciencia como en producci\u00f3n hayan podido frenar el proceso de disponibilidad, nosotros dimos una larga batalla, no lo logramos impedir el desguace de los organismos pero no nos rendimos y vamos a seguir peleando para recuperar esos puestos de trabajo y esas pol\u00edticas para hacer un pa\u00eds m\u00e1s justo&#8221;.<\/p>\n<p><img loading=\"lazy\" decoding=\"async\" class=\"aligncenter wp-image-50680 size-full\" src=\"https:\/\/atecordoba.org\/wp-content\/uploads\/2025\/09\/boletin.png\" alt=\"\" width=\"583\" height=\"624\" srcset=\"https:\/\/atecordoba.org\/wp-content\/uploads\/2025\/09\/boletin.png 583w, https:\/\/atecordoba.org\/wp-content\/uploads\/2025\/09\/boletin-280x300.png 280w\" sizes=\"auto, (max-width: 583px) 100vw, 583px\" \/><\/p>\n<p>Esta semana se realiz\u00f3 un Jornada de Lucha en Cordoba, como en Capital Federal y en otros puntos del pa\u00eds sosteniendo el plan de lucha mientras se aguarda la respuesta de la medida cautelar presentada por ATE que detenga este proceso ilegal de despidos del personal de planta permanente, cuya estabilidad est\u00e1 garantizada por la Constituci\u00f3n Nacional.<\/p>\n","protected":false},"excerpt":{"rendered":"<p>El 15 de septiembre 800 trabajadores y trabajadoras de planta permanente del Ministerio de Capital Humano (ex Desarrollo Social y SENAF) ser\u00e1n despedidos y despedidas luego de permanecer durante seis meses en el Registro de Disponibilidad. Hoy se cumple el plazo que estableci\u00f3 el gobierno para ser reubicados, que la normativa fija en seis meses [&hellip;]<\/p>\n","protected":false},"author":7,"featured_media":50670,"comment_status":"open","ping_status":"open","sticky":false,"template":"","format":"standard","meta":{"_exactmetrics_skip_tracking":false,"_exactmetrics_sitenote_active":false,"_exactmetrics_sitenote_note":"","_exactmetrics_sitenote_category":0,"jnews-multi-image_gallery":[],"jnews_single_post":{"format":"standard","override":[{"template":"1","parallax":"1","fullscreen":"1","layout":"no-sidebar-narrow","sidebar":"default-sidebar","second_sidebar":"default-sidebar","sticky_sidebar":"1","share_position":"bottom","share_float_style":"share-monocrhome","show_share_counter":"1","show_view_counter":"1","show_post_meta":"1","show_post_author_image":"1","show_post_date":"1","post_date_format":"default","post_date_format_custom":"Y\/m\/d","show_post_category":"1","show_post_reading_time":"0","post_reading_time_wpm":"300","post_calculate_word_method":"str_word_count","show_zoom_button":"0","zoom_button_out_step":"2","zoom_button_in_step":"3","show_post_tag":"1","number_popup_post":"1","show_post_related":"1","show_inline_post_related":"0"}],"image_override":[{"single_post_thumbnail_size":"crop-500","single_post_gallery_size":"crop-500"}],"trending_post_position":"meta","trending_post_label":"Trending","sponsored_post_label":"Sponsored by","disable_ad":"0"},"jnews_primary_category":[],"jnews_social_meta":[],"jnews_review":[],"enable_review":"","type":"percentage","name":"","summary":"","brand":"","sku":"","good":[],"bad":[],"score_override":"","override_value":"","rating":[],"price":[],"jnews_override_counter":{"view_counter_number":"0","share_counter_number":"0","like_counter_number":"0","dislike_counter_number":"0"},"jnews_post_split":{"post_split":[{"template":"1","tag":"h2","numbering":"asc","mode":"normal","first":"0","enable_toc":"0","toc_type":"normal"}]},"footnotes":""},"categories":[18],"tags":[],"class_list":["post-50669","post","type-post","status-publish","format-standard","has-post-thumbnail","hentry","category-nacionales"],"jetpack_featured_media_url":"https:\/\/atecordoba.org\/wp-content\/uploads\/2025\/09\/WhatsApp-Image-2025-09-12-at-10.45.09.jpeg","_links":{"self":[{"href":"https:\/\/atecordoba.org\/index.php?rest_route=\/wp\/v2\/posts\/50669","targetHints":{"allow":["GET"]}}],"collection":[{"href":"https:\/\/atecordoba.org\/index.php?rest_route=\/wp\/v2\/posts"}],"about":[{"href":"https:\/\/atecordoba.org\/index.php?rest_route=\/wp\/v2\/types\/post"}],"author":[{"embeddable":true,"href":"https:\/\/atecordoba.org\/index.php?rest_route=\/wp\/v2\/users\/7"}],"replies":[{"embeddable":true,"href":"https:\/\/atecordoba.org\/index.php?rest_route=%2Fwp%2Fv2%2Fcomments&post=50669"}],"version-history":[{"count":3,"href":"https:\/\/atecordoba.org\/index.php?rest_route=\/wp\/v2\/posts\/50669\/revisions"}],"predecessor-version":[{"id":50681,"href":"https:\/\/atecordoba.org\/index.php?rest_route=\/wp\/v2\/posts\/50669\/revisions\/50681"}],"wp:featuredmedia":[{"embeddable":true,"href":"https:\/\/atecordoba.org\/index.php?rest_route=\/wp\/v2\/media\/50670"}],"wp:attachment":[{"href":"https:\/\/atecordoba.org\/index.php?rest_route=%2Fwp%2Fv2%2Fmedia&parent=50669"}],"wp:term":[{"taxonomy":"category","embeddable":true,"href":"https:\/\/atecordoba.org\/index.php?rest_route=%2Fwp%2Fv2%2Fcategories&post=50669"},{"taxonomy":"post_tag","embeddable":true,"href":"https:\/\/atecordoba.org\/index.php?rest_route=%2Fwp%2Fv2%2Ftags&post=50669"}],"curies":[{"name":"wp","href":"https:\/\/api.w.org\/{rel}","templated":true}]}}