{"id":50664,"date":"2025-09-12T10:15:23","date_gmt":"2025-09-12T13:15:23","guid":{"rendered":"https:\/\/atecordoba.org\/?p=50664"},"modified":"2025-09-12T10:15:23","modified_gmt":"2025-09-12T13:15:23","slug":"audiencia-en-san-francisco-por-el-acoso-antisindical-contra-el-companero-mario-bongiovani-perna","status":"publish","type":"post","link":"https:\/\/atecordoba.org\/?p=50664","title":{"rendered":"Audiencia en San Francisco por el acoso antisindical contra el compa\u00f1ero Mario Bongiovani Perna"},"content":{"rendered":"<p><img loading=\"lazy\" decoding=\"async\" class=\"aligncenter wp-image-50665 \" src=\"https:\/\/atecordoba.org\/wp-content\/uploads\/2025\/09\/WhatsApp-Image-2025-09-11-at-12.46.33-1024x576.jpeg\" alt=\"\" width=\"618\" height=\"348\" srcset=\"https:\/\/atecordoba.org\/wp-content\/uploads\/2025\/09\/WhatsApp-Image-2025-09-11-at-12.46.33-1024x576.jpeg 1024w, https:\/\/atecordoba.org\/wp-content\/uploads\/2025\/09\/WhatsApp-Image-2025-09-11-at-12.46.33-300x169.jpeg 300w, https:\/\/atecordoba.org\/wp-content\/uploads\/2025\/09\/WhatsApp-Image-2025-09-11-at-12.46.33-768x432.jpeg 768w, https:\/\/atecordoba.org\/wp-content\/uploads\/2025\/09\/WhatsApp-Image-2025-09-11-at-12.46.33-1536x864.jpeg 1536w, https:\/\/atecordoba.org\/wp-content\/uploads\/2025\/09\/WhatsApp-Image-2025-09-11-at-12.46.33-750x422.jpeg 750w, https:\/\/atecordoba.org\/wp-content\/uploads\/2025\/09\/WhatsApp-Image-2025-09-11-at-12.46.33-1140x641.jpeg 1140w, https:\/\/atecordoba.org\/wp-content\/uploads\/2025\/09\/WhatsApp-Image-2025-09-11-at-12.46.33.jpeg 1600w\" sizes=\"auto, (max-width: 618px) 100vw, 618px\" \/>El pasado 28 de agosto ATE mantuvo una audiencia con el secretario de Econom\u00eda de la Municipalidad de San Francisco, para abordar tambi\u00e9n la persecuci\u00f3n personal, pol\u00edtica y acoso laboral que viene padeciendo que est\u00e1 padeciendo por su actividad sindical \u00a0el compa\u00f1ero Mario Bongiovani Perna, trabajador de la Municipalidad y congresal nacional de ATE.<\/p>\n<p>En la oportunidad, estuvieron presentes los integrantes del Consejo Directivo Provincial Jorge Chalup, secretario Gremial, y Javier Bracamonte, de Organizaci\u00f3n, junto al secretario General de ATE Cruz del Eje, Juan Pablo Pozzi, junto a compa\u00f1eros municipales de Rio Primero y de San Francisco.<img loading=\"lazy\" decoding=\"async\" class=\"aligncenter wp-image-50666 \" src=\"https:\/\/atecordoba.org\/wp-content\/uploads\/2025\/09\/WhatsApp-Image-2025-09-11-at-12.46.31-1024x574.jpeg\" alt=\"\" width=\"604\" height=\"338\" srcset=\"https:\/\/atecordoba.org\/wp-content\/uploads\/2025\/09\/WhatsApp-Image-2025-09-11-at-12.46.31-1024x574.jpeg 1024w, https:\/\/atecordoba.org\/wp-content\/uploads\/2025\/09\/WhatsApp-Image-2025-09-11-at-12.46.31-300x168.jpeg 300w, https:\/\/atecordoba.org\/wp-content\/uploads\/2025\/09\/WhatsApp-Image-2025-09-11-at-12.46.31-768x431.jpeg 768w, https:\/\/atecordoba.org\/wp-content\/uploads\/2025\/09\/WhatsApp-Image-2025-09-11-at-12.46.31-750x421.jpeg 750w, https:\/\/atecordoba.org\/wp-content\/uploads\/2025\/09\/WhatsApp-Image-2025-09-11-at-12.46.31-1140x639.jpeg 1140w, https:\/\/atecordoba.org\/wp-content\/uploads\/2025\/09\/WhatsApp-Image-2025-09-11-at-12.46.31.jpeg 1280w\" sizes=\"auto, (max-width: 604px) 100vw, 604px\" \/><\/p>\n<p>En la reuni\u00f3n acordamos criterios a corto plazo para retomar la negociaci\u00f3n de reincorporar al compa\u00f1ero sin tener que tomar medidas de mayor conflicto.<\/p>\n<p>Durante el di\u00e1logo se destacaron los fueros gremiales que goza el compa\u00f1ero Bongiovanni, c\u00f3mo tambi\u00e9n la persecuci\u00f3n personal, pol\u00edtica y acoso laboral que viene padeciendo por cuestiones de ser un dirigente activo protagonista de proyectos institucionales, as\u00ed como su compromiso por el trabajo en el \u00e1mbito social de las barriadas populares, con su fundaci\u00f3n Actitud Ciudadana.<\/p>\n<p>Declaramos la situaci\u00f3n en estado de alerta a la espera de una respuesta positiva y avanzar en lograr la reincorporaci\u00f3n del dirigente.<\/p>\n","protected":false},"excerpt":{"rendered":"<p>El pasado 28 de agosto ATE mantuvo una audiencia con el secretario de Econom\u00eda de la Municipalidad de San Francisco, para abordar tambi\u00e9n la persecuci\u00f3n personal, pol\u00edtica y acoso laboral que viene padeciendo que est\u00e1 padeciendo por su actividad sindical \u00a0el compa\u00f1ero Mario Bongiovani Perna, trabajador de la Municipalidad y congresal nacional de ATE. En [&hellip;]<\/p>\n","protected":false},"author":7,"featured_media":50665,"comment_status":"open","ping_status":"open","sticky":false,"template":"","format":"standard","meta":{"_exactmetrics_skip_tracking":false,"_exactmetrics_sitenote_active":false,"_exactmetrics_sitenote_note":"","_exactmetrics_sitenote_category":0,"jnews-multi-image_gallery":[],"jnews_single_post":[],"jnews_primary_category":[],"jnews_social_meta":[],"jnews_review":[],"enable_review":"","type":"","name":"","summary":"","brand":"","sku":"","good":[],"bad":[],"score_override":"","override_value":"","rating":[],"price":[],"jnews_override_counter":[],"jnews_post_split":[],"footnotes":""},"categories":[20],"tags":[],"class_list":["post-50664","post","type-post","status-publish","format-standard","has-post-thumbnail","hentry","category-municipales"],"jetpack_featured_media_url":"https:\/\/atecordoba.org\/wp-content\/uploads\/2025\/09\/WhatsApp-Image-2025-09-11-at-12.46.33.jpeg","_links":{"self":[{"href":"https:\/\/atecordoba.org\/index.php?rest_route=\/wp\/v2\/posts\/50664","targetHints":{"allow":["GET"]}}],"collection":[{"href":"https:\/\/atecordoba.org\/index.php?rest_route=\/wp\/v2\/posts"}],"about":[{"href":"https:\/\/atecordoba.org\/index.php?rest_route=\/wp\/v2\/types\/post"}],"author":[{"embeddable":true,"href":"https:\/\/atecordoba.org\/index.php?rest_route=\/wp\/v2\/users\/7"}],"replies":[{"embeddable":true,"href":"https:\/\/atecordoba.org\/index.php?rest_route=%2Fwp%2Fv2%2Fcomments&post=50664"}],"version-history":[{"count":1,"href":"https:\/\/atecordoba.org\/index.php?rest_route=\/wp\/v2\/posts\/50664\/revisions"}],"predecessor-version":[{"id":50667,"href":"https:\/\/atecordoba.org\/index.php?rest_route=\/wp\/v2\/posts\/50664\/revisions\/50667"}],"wp:featuredmedia":[{"embeddable":true,"href":"https:\/\/atecordoba.org\/index.php?rest_route=\/wp\/v2\/media\/50665"}],"wp:attachment":[{"href":"https:\/\/atecordoba.org\/index.php?rest_route=%2Fwp%2Fv2%2Fmedia&parent=50664"}],"wp:term":[{"taxonomy":"category","embeddable":true,"href":"https:\/\/atecordoba.org\/index.php?rest_route=%2Fwp%2Fv2%2Fcategories&post=50664"},{"taxonomy":"post_tag","embeddable":true,"href":"https:\/\/atecordoba.org\/index.php?rest_route=%2Fwp%2Fv2%2Ftags&post=50664"}],"curies":[{"name":"wp","href":"https:\/\/api.w.org\/{rel}","templated":true}]}}