{"id":50650,"date":"2025-09-12T09:55:13","date_gmt":"2025-09-12T12:55:13","guid":{"rendered":"https:\/\/atecordoba.org\/?p=50650"},"modified":"2025-09-12T09:55:13","modified_gmt":"2025-09-12T12:55:13","slug":"giuliani-participo-de-un-encuentro-sindical-combativo-en-capital-federal","status":"publish","type":"post","link":"https:\/\/atecordoba.org\/?p=50650","title":{"rendered":"Giuliani particip\u00f3 de un Encuentro Sindical Combativo en Capital Federal"},"content":{"rendered":"<p><img loading=\"lazy\" decoding=\"async\" class=\"aligncenter wp-image-50651 \" src=\"https:\/\/atecordoba.org\/wp-content\/uploads\/2025\/09\/01-Mesa-Sindical-1024x683.jpg\" alt=\"\" width=\"608\" height=\"405\" srcset=\"https:\/\/atecordoba.org\/wp-content\/uploads\/2025\/09\/01-Mesa-Sindical-1024x683.jpg 1024w, https:\/\/atecordoba.org\/wp-content\/uploads\/2025\/09\/01-Mesa-Sindical-300x200.jpg 300w, https:\/\/atecordoba.org\/wp-content\/uploads\/2025\/09\/01-Mesa-Sindical-768x513.jpg 768w, https:\/\/atecordoba.org\/wp-content\/uploads\/2025\/09\/01-Mesa-Sindical-1536x1025.jpg 1536w, https:\/\/atecordoba.org\/wp-content\/uploads\/2025\/09\/01-Mesa-Sindical-2048x1367.jpg 2048w, https:\/\/atecordoba.org\/wp-content\/uploads\/2025\/09\/01-Mesa-Sindical-750x501.jpg 750w, https:\/\/atecordoba.org\/wp-content\/uploads\/2025\/09\/01-Mesa-Sindical-1140x761.jpg 1140w\" sizes=\"auto, (max-width: 608px) 100vw, 608px\" \/>El Secretario General de ATE y la CTA Aut\u00f3noma C\u00f3rdoba, Federico Giuliani, junto al Secretario General de ATE Nacional, Rodolfo Aguiar y otros importantes dirigentes gremiales, particip\u00f3 en el panel del Encuentro Sindical que tuvo lugar ayer en el Club Espa\u00f1ol de la Ciudad Aut\u00f3noma de Buenos Aires.<\/p>\n<p><img loading=\"lazy\" decoding=\"async\" class=\"alignright wp-image-50652 \" src=\"https:\/\/atecordoba.org\/wp-content\/uploads\/2025\/09\/Federico-Giuliani-1024x683.jpg\" alt=\"\" width=\"356\" height=\"237\" srcset=\"https:\/\/atecordoba.org\/wp-content\/uploads\/2025\/09\/Federico-Giuliani-1024x683.jpg 1024w, https:\/\/atecordoba.org\/wp-content\/uploads\/2025\/09\/Federico-Giuliani-300x200.jpg 300w, https:\/\/atecordoba.org\/wp-content\/uploads\/2025\/09\/Federico-Giuliani-768x513.jpg 768w, https:\/\/atecordoba.org\/wp-content\/uploads\/2025\/09\/Federico-Giuliani-1536x1025.jpg 1536w, https:\/\/atecordoba.org\/wp-content\/uploads\/2025\/09\/Federico-Giuliani-2048x1367.jpg 2048w, https:\/\/atecordoba.org\/wp-content\/uploads\/2025\/09\/Federico-Giuliani-750x501.jpg 750w, https:\/\/atecordoba.org\/wp-content\/uploads\/2025\/09\/Federico-Giuliani-1140x761.jpg 1140w\" sizes=\"auto, (max-width: 356px) 100vw, 356px\" \/>En la oportunidad, Giuliani denunci\u00f3 el blindaje medi\u00e1tico del Gobierno de C\u00f3rdoba y c\u00f3mo en nuestra provincia se vive un verdadero estado de excepci\u00f3n donde se encuentran suspendidas las garant\u00edas individuales. \u201cLa represi\u00f3n a la protesta, el silencio de los grandes medios y la persecuci\u00f3n a quienes luchan muestran la cara m\u00e1s cruda de un poder que busca disciplinar a los trabajadores\u201d, manifest\u00f3.<\/p>\n<p>Y agreg\u00f3: \u201cEs inaceptable que ante la crisis social y econ\u00f3mica imperante, donde la lucha necesariamente se profundiza, las pr\u00e1cticas persecutorias y criminalizadoras de la protesta social se refuercen. Una decisi\u00f3n de estas caracter\u00edsticas pretende constituirse en un mecanismo de amedrentamiento para quienes luchan y ganan la calle\u201d.<\/p>\n<p>\u201cSeguiremos denunciando e interviniendo cada vez que los reclamos leg\u00edtimos de la clase trabajadora se resuelvan criminalizando y judicializando la protesta. Ni luchar ni protestar es delito. No claudicaremos en este reclamo, menos aun cuando tocan a un compa\u00f1ero. Le exigimos al \u2018Cordobesismo\u2019 que gobierna hace casi 30 a\u00f1os la provincia, que cese la persecuci\u00f3n pol\u00edtica\u201d.<img loading=\"lazy\" decoding=\"async\" class=\"alignleft wp-image-50653 \" src=\"https:\/\/atecordoba.org\/wp-content\/uploads\/2025\/09\/Rodolfo-Aguiar-1024x683.jpg\" alt=\"\" width=\"377\" height=\"251\" srcset=\"https:\/\/atecordoba.org\/wp-content\/uploads\/2025\/09\/Rodolfo-Aguiar-1024x683.jpg 1024w, https:\/\/atecordoba.org\/wp-content\/uploads\/2025\/09\/Rodolfo-Aguiar-300x200.jpg 300w, https:\/\/atecordoba.org\/wp-content\/uploads\/2025\/09\/Rodolfo-Aguiar-768x513.jpg 768w, https:\/\/atecordoba.org\/wp-content\/uploads\/2025\/09\/Rodolfo-Aguiar-1536x1025.jpg 1536w, https:\/\/atecordoba.org\/wp-content\/uploads\/2025\/09\/Rodolfo-Aguiar-2048x1367.jpg 2048w, https:\/\/atecordoba.org\/wp-content\/uploads\/2025\/09\/Rodolfo-Aguiar-750x501.jpg 750w, https:\/\/atecordoba.org\/wp-content\/uploads\/2025\/09\/Rodolfo-Aguiar-1140x761.jpg 1140w\" sizes=\"auto, (max-width: 377px) 100vw, 377px\" \/><\/p>\n<p>En el Club Espa\u00f1ol se realizaron dos instancias de debate fundamentales: \u201cLa criminalizaci\u00f3n del derecho a la protesta y la restricci\u00f3n al Derecho de Huelga\u201d, con la participaci\u00f3n de destacados abogads laboralistas y penalistas como Mar\u00eda Paula Lozano, Juan Carlos Capurro y Eugenio Biafore con la coordinaci\u00f3n de Mat\u00edas Cremonte.<\/p>\n<p>Posteriormente se abord\u00f3 el tema \u201cLa acci\u00f3n sindical frente a la situaci\u00f3n de la clase trabajadora\u201d, donde Giuliani comparti\u00f3 panel junto a Daniel Yofra (Aceiteros), Abel Furl\u00e1n (UOM), Rodolfo Aguiar (ATE Nacional) y Agust\u00edn Lecchi (Sindicato de Prensa de Buenos Aires). La mesa fue coordinada por Sol Calle.<img loading=\"lazy\" decoding=\"async\" class=\"alignright wp-image-50654 \" src=\"https:\/\/atecordoba.org\/wp-content\/uploads\/2025\/09\/Encuentro-Sindical-003-1024x683.jpg\" alt=\"\" width=\"360\" height=\"240\" srcset=\"https:\/\/atecordoba.org\/wp-content\/uploads\/2025\/09\/Encuentro-Sindical-003-1024x683.jpg 1024w, https:\/\/atecordoba.org\/wp-content\/uploads\/2025\/09\/Encuentro-Sindical-003-300x200.jpg 300w, https:\/\/atecordoba.org\/wp-content\/uploads\/2025\/09\/Encuentro-Sindical-003-768x513.jpg 768w, https:\/\/atecordoba.org\/wp-content\/uploads\/2025\/09\/Encuentro-Sindical-003-1536x1025.jpg 1536w, https:\/\/atecordoba.org\/wp-content\/uploads\/2025\/09\/Encuentro-Sindical-003-2048x1367.jpg 2048w, https:\/\/atecordoba.org\/wp-content\/uploads\/2025\/09\/Encuentro-Sindical-003-750x501.jpg 750w, https:\/\/atecordoba.org\/wp-content\/uploads\/2025\/09\/Encuentro-Sindical-003-1140x761.jpg 1140w\" sizes=\"auto, (max-width: 360px) 100vw, 360px\" \/><\/p>\n<p>Aceiteros, UOM, ATE y SiPreBA se unieron en un frente com\u00fan para defender los derechos de la clase trabajadora y luchar por un salario digno. Los dirigentes sindicales destacaron la importancia de la unidad para enfrentar las pol\u00edticas de ajuste y afirmaron: \u201cSi nos unimos no hay ning\u00fan gobierno que pueda quitarnos derechos, ni que pueda detener ninguna huelga\u201d.<\/p>\n<p>Este encuentro, que reuni\u00f3 a 280 delegados, es un paso fundamental para la construcci\u00f3n de un programa propio de la clase obrera. La lucha por un salario justo es la clave para garantizar la salud, la educaci\u00f3n y una vida digna para todos.<\/p>\n<p>\u201cDesde ATE y la CTA-A C\u00f3rdoba reafirmamos: El movimiento obrero debe estar unido y en lucha contra el ajuste, la persecuci\u00f3n y la p\u00e9rdida de derechos de los trabajadores\u201d, remat\u00f3 Giuliani.<\/p>\n<div id='gallery_1' class='gallery galleryid-50650 gallery-columns-3 gallery-size-thumbnail'><figure class='gallery-item'>\n                <div class='gallery-icon landscape'>\n                    <a href='https:\/\/atecordoba.org\/wp-content\/uploads\/2025\/09\/Encuentro-Sindical-004-scaled.jpg'><img loading=\"lazy\" decoding=\"async\" width=\"150\" height=\"150\" src=\"\" class=\"attachment-thumbnail size-thumbnail lazyload\" alt=\"\" data-src=\"https:\/\/atecordoba.org\/wp-content\/uploads\/2025\/09\/Encuentro-Sindical-004-150x150.jpg\" data-sizes=\"auto\" data-srcset=\"https:\/\/atecordoba.org\/wp-content\/uploads\/2025\/09\/Encuentro-Sindical-004-150x150.jpg 150w, https:\/\/atecordoba.org\/wp-content\/uploads\/2025\/09\/Encuentro-Sindical-004-560x560.jpg 560w, https:\/\/atecordoba.org\/wp-content\/uploads\/2025\/09\/Encuentro-Sindical-004-75x75.jpg 75w, https:\/\/atecordoba.org\/wp-content\/uploads\/2025\/09\/Encuentro-Sindical-004-350x350.jpg 350w\" data-expand=\"700\" \/><\/a>\n                <\/div><\/figure><figure class='gallery-item'>\n                <div class='gallery-icon landscape'>\n                    <a href='https:\/\/atecordoba.org\/wp-content\/uploads\/2025\/09\/Encuentro-Sindical-002-scaled.jpg'><img loading=\"lazy\" decoding=\"async\" width=\"150\" height=\"150\" src=\"\" class=\"attachment-thumbnail size-thumbnail lazyload\" alt=\"\" data-src=\"https:\/\/atecordoba.org\/wp-content\/uploads\/2025\/09\/Encuentro-Sindical-002-150x150.jpg\" data-sizes=\"auto\" data-srcset=\"https:\/\/atecordoba.org\/wp-content\/uploads\/2025\/09\/Encuentro-Sindical-002-150x150.jpg 150w, https:\/\/atecordoba.org\/wp-content\/uploads\/2025\/09\/Encuentro-Sindical-002-560x560.jpg 560w, https:\/\/atecordoba.org\/wp-content\/uploads\/2025\/09\/Encuentro-Sindical-002-75x75.jpg 75w, https:\/\/atecordoba.org\/wp-content\/uploads\/2025\/09\/Encuentro-Sindical-002-350x350.jpg 350w\" data-expand=\"700\" \/><\/a>\n                <\/div><\/figure><figure class='gallery-item'>\n                <div class='gallery-icon landscape'>\n                    <a href='https:\/\/atecordoba.org\/wp-content\/uploads\/2025\/09\/Encuentro-Sindical-001-scaled.jpg'><img loading=\"lazy\" decoding=\"async\" width=\"150\" height=\"150\" src=\"\" class=\"attachment-thumbnail size-thumbnail lazyload\" alt=\"\" data-src=\"https:\/\/atecordoba.org\/wp-content\/uploads\/2025\/09\/Encuentro-Sindical-001-150x150.jpg\" data-sizes=\"auto\" data-srcset=\"https:\/\/atecordoba.org\/wp-content\/uploads\/2025\/09\/Encuentro-Sindical-001-150x150.jpg 150w, https:\/\/atecordoba.org\/wp-content\/uploads\/2025\/09\/Encuentro-Sindical-001-560x560.jpg 560w, https:\/\/atecordoba.org\/wp-content\/uploads\/2025\/09\/Encuentro-Sindical-001-75x75.jpg 75w, https:\/\/atecordoba.org\/wp-content\/uploads\/2025\/09\/Encuentro-Sindical-001-350x350.jpg 350w\" data-expand=\"700\" \/><\/a>\n                <\/div><\/figure><br style=\"clear: both\" \/><figure class='gallery-item'>\n                <div class='gallery-icon landscape'>\n                    <a href='https:\/\/atecordoba.org\/wp-content\/uploads\/2025\/09\/Daniel-Yofra-scaled.jpg'><img loading=\"lazy\" decoding=\"async\" width=\"150\" height=\"150\" src=\"\" class=\"attachment-thumbnail size-thumbnail lazyload\" alt=\"\" data-src=\"https:\/\/atecordoba.org\/wp-content\/uploads\/2025\/09\/Daniel-Yofra-150x150.jpg\" data-sizes=\"auto\" data-srcset=\"https:\/\/atecordoba.org\/wp-content\/uploads\/2025\/09\/Daniel-Yofra-150x150.jpg 150w, https:\/\/atecordoba.org\/wp-content\/uploads\/2025\/09\/Daniel-Yofra-560x560.jpg 560w, https:\/\/atecordoba.org\/wp-content\/uploads\/2025\/09\/Daniel-Yofra-75x75.jpg 75w, https:\/\/atecordoba.org\/wp-content\/uploads\/2025\/09\/Daniel-Yofra-350x350.jpg 350w\" data-expand=\"700\" \/><\/a>\n                <\/div><\/figure><figure class='gallery-item'>\n                <div class='gallery-icon landscape'>\n                    <a href='https:\/\/atecordoba.org\/wp-content\/uploads\/2025\/09\/Agustin-Lecchi-scaled.jpg'><img loading=\"lazy\" decoding=\"async\" width=\"150\" height=\"150\" src=\"\" class=\"attachment-thumbnail size-thumbnail lazyload\" alt=\"\" data-src=\"https:\/\/atecordoba.org\/wp-content\/uploads\/2025\/09\/Agustin-Lecchi-150x150.jpg\" data-sizes=\"auto\" data-srcset=\"https:\/\/atecordoba.org\/wp-content\/uploads\/2025\/09\/Agustin-Lecchi-150x150.jpg 150w, https:\/\/atecordoba.org\/wp-content\/uploads\/2025\/09\/Agustin-Lecchi-560x560.jpg 560w, https:\/\/atecordoba.org\/wp-content\/uploads\/2025\/09\/Agustin-Lecchi-75x75.jpg 75w, https:\/\/atecordoba.org\/wp-content\/uploads\/2025\/09\/Agustin-Lecchi-350x350.jpg 350w\" data-expand=\"700\" \/><\/a>\n                <\/div><\/figure><figure class='gallery-item'>\n                <div class='gallery-icon landscape'>\n                    <a href='https:\/\/atecordoba.org\/wp-content\/uploads\/2025\/09\/Abel-Furlan-scaled.jpg'><img loading=\"lazy\" decoding=\"async\" width=\"150\" height=\"150\" src=\"\" class=\"attachment-thumbnail size-thumbnail lazyload\" alt=\"\" data-src=\"https:\/\/atecordoba.org\/wp-content\/uploads\/2025\/09\/Abel-Furlan-150x150.jpg\" data-sizes=\"auto\" data-srcset=\"https:\/\/atecordoba.org\/wp-content\/uploads\/2025\/09\/Abel-Furlan-150x150.jpg 150w, https:\/\/atecordoba.org\/wp-content\/uploads\/2025\/09\/Abel-Furlan-560x560.jpg 560w, https:\/\/atecordoba.org\/wp-content\/uploads\/2025\/09\/Abel-Furlan-75x75.jpg 75w, https:\/\/atecordoba.org\/wp-content\/uploads\/2025\/09\/Abel-Furlan-350x350.jpg 350w\" data-expand=\"700\" \/><\/a>\n                <\/div><\/figure><br style=\"clear: both\" \/>\n            <\/div>\n\n","protected":false},"excerpt":{"rendered":"<p>El Secretario General de ATE y la CTA Aut\u00f3noma C\u00f3rdoba, Federico Giuliani, junto al Secretario General de ATE Nacional, Rodolfo Aguiar y otros importantes dirigentes gremiales, particip\u00f3 en el panel del Encuentro Sindical que tuvo lugar ayer en el Club Espa\u00f1ol de la Ciudad Aut\u00f3noma de Buenos Aires. En la oportunidad, Giuliani denunci\u00f3 el blindaje [&hellip;]<\/p>\n","protected":false},"author":7,"featured_media":50651,"comment_status":"open","ping_status":"open","sticky":false,"template":"","format":"standard","meta":{"_exactmetrics_skip_tracking":false,"_exactmetrics_sitenote_active":false,"_exactmetrics_sitenote_note":"","_exactmetrics_sitenote_category":0,"jnews-multi-image_gallery":[],"jnews_single_post":[],"jnews_primary_category":[],"jnews_social_meta":[],"jnews_review":[],"enable_review":"","type":"","name":"","summary":"","brand":"","sku":"","good":[],"bad":[],"score_override":"","override_value":"","rating":[],"price":[],"jnews_override_counter":[],"jnews_post_split":[],"footnotes":""},"categories":[10],"tags":[],"class_list":["post-50650","post","type-post","status-publish","format-standard","has-post-thumbnail","hentry","category-accion-politica"],"jetpack_featured_media_url":"https:\/\/atecordoba.org\/wp-content\/uploads\/2025\/09\/01-Mesa-Sindical-scaled.jpg","_links":{"self":[{"href":"https:\/\/atecordoba.org\/index.php?rest_route=\/wp\/v2\/posts\/50650","targetHints":{"allow":["GET"]}}],"collection":[{"href":"https:\/\/atecordoba.org\/index.php?rest_route=\/wp\/v2\/posts"}],"about":[{"href":"https:\/\/atecordoba.org\/index.php?rest_route=\/wp\/v2\/types\/post"}],"author":[{"embeddable":true,"href":"https:\/\/atecordoba.org\/index.php?rest_route=\/wp\/v2\/users\/7"}],"replies":[{"embeddable":true,"href":"https:\/\/atecordoba.org\/index.php?rest_route=%2Fwp%2Fv2%2Fcomments&post=50650"}],"version-history":[{"count":1,"href":"https:\/\/atecordoba.org\/index.php?rest_route=\/wp\/v2\/posts\/50650\/revisions"}],"predecessor-version":[{"id":50662,"href":"https:\/\/atecordoba.org\/index.php?rest_route=\/wp\/v2\/posts\/50650\/revisions\/50662"}],"wp:featuredmedia":[{"embeddable":true,"href":"https:\/\/atecordoba.org\/index.php?rest_route=\/wp\/v2\/media\/50651"}],"wp:attachment":[{"href":"https:\/\/atecordoba.org\/index.php?rest_route=%2Fwp%2Fv2%2Fmedia&parent=50650"}],"wp:term":[{"taxonomy":"category","embeddable":true,"href":"https:\/\/atecordoba.org\/index.php?rest_route=%2Fwp%2Fv2%2Fcategories&post=50650"},{"taxonomy":"post_tag","embeddable":true,"href":"https:\/\/atecordoba.org\/index.php?rest_route=%2Fwp%2Fv2%2Ftags&post=50650"}],"curies":[{"name":"wp","href":"https:\/\/api.w.org\/{rel}","templated":true}]}}