{"id":5064,"date":"2015-04-09T17:23:13","date_gmt":"2015-04-09T20:23:13","guid":{"rendered":"http:\/\/www.atecordoba.org\/?p=5064"},"modified":"2015-04-09T17:23:13","modified_gmt":"2015-04-09T20:23:13","slug":"senaf-se-moviliza-a-desarrollo-social","status":"publish","type":"post","link":"https:\/\/atecordoba.org\/?p=5064","title":{"rendered":"Senaf se moviliza a Desarrollo Social"},"content":{"rendered":"<p><em>Los trabajadores de la Secretar\u00eda de Ni\u00f1ez Adolescencia y Familia marchan ma\u00f1ana en reclamo de mejoras urgentes en las condiciones de trabajo de las llamadas &#8216;ciudadoras&#8217;, compa\u00f1eras que cumplen funciones, de asistencia y acompa\u00f1amiento a los pacientes hospitalizados, en paup\u00e9rrimas condiciones de trabajo.\u00a0<\/em><\/p>\n<p><a href=\"http:\/\/www.atecordoba.org\/wp-content\/uploads\/2015\/04\/IMG_0677-e1428610936836.jpg\"><img loading=\"lazy\" decoding=\"async\" class=\"aligncenter size-full wp-image-5066\" src=\"http:\/\/www.atecordoba.org\/wp-content\/uploads\/2015\/04\/IMG_0677-e1428610936836.jpg\" alt=\"IMG_0677\" width=\"550\" height=\"309\" \/><\/a><\/p>\n<p>&nbsp;<\/p>\n<p>Las ciudadoras son un grupo de trabajadoras que se desempe\u00f1an en los hospitales en\u00a0negro, sin ART ni aportes jubilatorios, percibiendo salarios que equivalen a la mitad de un plan primer paso (PPP). En la SENAF, delegados de ATE comparan la situaci\u00f3n con la que se vive en un cortadero de ladrillos o un taller textil clandestino, pero en el \u00e1mbito del Estado provincial.<\/p>\n<p>Adem\u00e1s, las trabajadoras recibieron un &#8216;castigo&#8217; de parte del Ministerio de Desarrollo Social, sufriendo descuentos de sus salarios del \u00faltimo mes, ya de por si de miseria, por quejarse y reclamar mejoras y blanqueo de haberes.<\/p>\n<p>En consecuencia, ma\u00f1ana viernes 10 de abril se llevar\u00e1 a cabo la movilizaci\u00f3n a las 8.30 horas donde se reclamar\u00e1 un cambio dr\u00e1stico de la situaci\u00f3n.<\/p>\n","protected":false},"excerpt":{"rendered":"<p>Los trabajadores de la Secretar\u00eda de Ni\u00f1ez Adolescencia y Familia marchan ma\u00f1ana en reclamo de mejoras urgentes en las condiciones de trabajo de las llamadas &#8216;ciudadoras&#8217;, compa\u00f1eras que cumplen funciones, de asistencia y acompa\u00f1amiento a los pacientes hospitalizados, en paup\u00e9rrimas condiciones de trabajo.\u00a0 &nbsp; Las ciudadoras son un grupo de trabajadoras que se desempe\u00f1an en [&hellip;]<\/p>\n","protected":false},"author":1,"featured_media":19220,"comment_status":"open","ping_status":"open","sticky":false,"template":"","format":"standard","meta":{"_exactmetrics_skip_tracking":false,"_exactmetrics_sitenote_active":false,"_exactmetrics_sitenote_note":"","_exactmetrics_sitenote_category":0,"jnews-multi-image_gallery":[],"jnews_single_post":[],"jnews_primary_category":[],"jnews_social_meta":[],"jnews_review":[],"enable_review":"","type":"","name":"","summary":"","brand":"","sku":"","good":[],"bad":[],"score_override":"","override_value":"","rating":[],"price":[],"jnews_override_counter":[],"jnews_post_split":[],"footnotes":""},"categories":[8,97],"tags":[],"class_list":["post-5064","post","type-post","status-publish","format-standard","has-post-thumbnail","hentry","category-provinciales","category-senaf"],"jetpack_featured_media_url":"https:\/\/atecordoba.org\/wp-content\/uploads\/2020\/05\/logo-nuevochico-e1561581322808.png","_links":{"self":[{"href":"https:\/\/atecordoba.org\/index.php?rest_route=\/wp\/v2\/posts\/5064","targetHints":{"allow":["GET"]}}],"collection":[{"href":"https:\/\/atecordoba.org\/index.php?rest_route=\/wp\/v2\/posts"}],"about":[{"href":"https:\/\/atecordoba.org\/index.php?rest_route=\/wp\/v2\/types\/post"}],"author":[{"embeddable":true,"href":"https:\/\/atecordoba.org\/index.php?rest_route=\/wp\/v2\/users\/1"}],"replies":[{"embeddable":true,"href":"https:\/\/atecordoba.org\/index.php?rest_route=%2Fwp%2Fv2%2Fcomments&post=5064"}],"version-history":[{"count":0,"href":"https:\/\/atecordoba.org\/index.php?rest_route=\/wp\/v2\/posts\/5064\/revisions"}],"wp:featuredmedia":[{"embeddable":true,"href":"https:\/\/atecordoba.org\/index.php?rest_route=\/wp\/v2\/media\/19220"}],"wp:attachment":[{"href":"https:\/\/atecordoba.org\/index.php?rest_route=%2Fwp%2Fv2%2Fmedia&parent=5064"}],"wp:term":[{"taxonomy":"category","embeddable":true,"href":"https:\/\/atecordoba.org\/index.php?rest_route=%2Fwp%2Fv2%2Fcategories&post=5064"},{"taxonomy":"post_tag","embeddable":true,"href":"https:\/\/atecordoba.org\/index.php?rest_route=%2Fwp%2Fv2%2Ftags&post=5064"}],"curies":[{"name":"wp","href":"https:\/\/api.w.org\/{rel}","templated":true}]}}