{"id":50624,"date":"2025-09-11T14:49:24","date_gmt":"2025-09-11T17:49:24","guid":{"rendered":"https:\/\/atecordoba.org\/?p=50624"},"modified":"2025-09-11T14:49:24","modified_gmt":"2025-09-11T17:49:24","slug":"debate-en-ate-organizacion-sindical-y-lucha-para-la-defensa-de-sectores-clave-de-nuestra-soberania","status":"publish","type":"post","link":"https:\/\/atecordoba.org\/?p=50624","title":{"rendered":"Debate en ATE: organizaci\u00f3n sindical y lucha para la defensa de sectores clave de nuestra soberan\u00eda"},"content":{"rendered":"<p><img loading=\"lazy\" decoding=\"async\" class=\"aligncenter wp-image-50625 \" src=\"https:\/\/atecordoba.org\/wp-content\/uploads\/2025\/09\/WhatsApp-Image-2025-09-11-at-10.19.18-2-1024x576.jpeg\" alt=\"\" width=\"618\" height=\"348\" srcset=\"https:\/\/atecordoba.org\/wp-content\/uploads\/2025\/09\/WhatsApp-Image-2025-09-11-at-10.19.18-2-1024x576.jpeg 1024w, https:\/\/atecordoba.org\/wp-content\/uploads\/2025\/09\/WhatsApp-Image-2025-09-11-at-10.19.18-2-300x169.jpeg 300w, https:\/\/atecordoba.org\/wp-content\/uploads\/2025\/09\/WhatsApp-Image-2025-09-11-at-10.19.18-2-768x432.jpeg 768w, https:\/\/atecordoba.org\/wp-content\/uploads\/2025\/09\/WhatsApp-Image-2025-09-11-at-10.19.18-2-1536x864.jpeg 1536w, https:\/\/atecordoba.org\/wp-content\/uploads\/2025\/09\/WhatsApp-Image-2025-09-11-at-10.19.18-2-2048x1153.jpeg 2048w, https:\/\/atecordoba.org\/wp-content\/uploads\/2025\/09\/WhatsApp-Image-2025-09-11-at-10.19.18-2-750x422.jpeg 750w, https:\/\/atecordoba.org\/wp-content\/uploads\/2025\/09\/WhatsApp-Image-2025-09-11-at-10.19.18-2-1140x642.jpeg 1140w\" sizes=\"auto, (max-width: 618px) 100vw, 618px\" \/>Ayer se llev\u00f3 a cabo en la sede de Consejo Directivo Provincial (CDP) una importante charla-debate referida los sectores clave del desarrollo productivo nacional en manos de empresas estatales, que est\u00e1n en riesgo de privatizaci\u00f3n por parte del gobierno de Milei mientras acelera un proceso de vaciamiento brutal de los organismos y firmas estatales.<\/p>\n<p>El panel estuvo integrado por el secretario General de ATE C\u00f3rdoba, Federico Giuliani, el paritario nacional, Hugo Bellon, y el secretario general de ATE R\u00edo Turbio, Mat\u00edas Delgado, bajo la moderaci\u00f3n de las delegadas de ATE C\u00f3rdoba, Malena Berger (Ministerio de Trabajo) y Natalia Pacheco (Personal Civil de las FFAA).<img loading=\"lazy\" decoding=\"async\" class=\"aligncenter wp-image-50626 \" src=\"https:\/\/atecordoba.org\/wp-content\/uploads\/2025\/09\/WhatsApp-Image-2025-09-11-at-10.19.19-2-1024x576.jpeg\" alt=\"\" width=\"617\" height=\"347\" srcset=\"https:\/\/atecordoba.org\/wp-content\/uploads\/2025\/09\/WhatsApp-Image-2025-09-11-at-10.19.19-2-1024x576.jpeg 1024w, https:\/\/atecordoba.org\/wp-content\/uploads\/2025\/09\/WhatsApp-Image-2025-09-11-at-10.19.19-2-300x169.jpeg 300w, https:\/\/atecordoba.org\/wp-content\/uploads\/2025\/09\/WhatsApp-Image-2025-09-11-at-10.19.19-2-768x432.jpeg 768w, https:\/\/atecordoba.org\/wp-content\/uploads\/2025\/09\/WhatsApp-Image-2025-09-11-at-10.19.19-2-1536x864.jpeg 1536w, https:\/\/atecordoba.org\/wp-content\/uploads\/2025\/09\/WhatsApp-Image-2025-09-11-at-10.19.19-2-2048x1153.jpeg 2048w, https:\/\/atecordoba.org\/wp-content\/uploads\/2025\/09\/WhatsApp-Image-2025-09-11-at-10.19.19-2-750x422.jpeg 750w, https:\/\/atecordoba.org\/wp-content\/uploads\/2025\/09\/WhatsApp-Image-2025-09-11-at-10.19.19-2-1140x642.jpeg 1140w\" sizes=\"auto, (max-width: 617px) 100vw, 617px\" \/><\/p>\n<p>En la oportunidad estuvieron presentes dirigentes y delegados de las F\u00e1bricas Militares de R\u00edo Tercero y Villa Mar\u00eda, la Central Nuclear de Embalse, INTI, DIOXITEK, CNEA, CONAE y VENG. Tambi\u00e9n participaron la secretario General de ATE R\u00edo Cuarto, Rafaela Alcoba, su par de San Justo, Dar\u00edo Pareces, y el secretario General de ATE Cruz del eje, Juan Pablo Pozzi.<\/p>\n<p>El abordaje de las ponencias apuntaron a expresar la necesidad de tener un plan para el momento despu\u00e9s que se vaya Milei, elaborado desde los trabajadores, que sume la mejora de cada organismo y la integraci\u00f3n\u00a0 de manera inteligente para fortalecer una Argentina vinculada con la producci\u00f3n y el desarrollo, m\u00e1s all\u00e1 de la exportaci\u00f3n de productos primarios o generados desde el agro&#8221;.<img loading=\"lazy\" decoding=\"async\" class=\"aligncenter wp-image-50627 \" src=\"https:\/\/atecordoba.org\/wp-content\/uploads\/2025\/09\/WhatsApp-Image-2025-09-11-at-10.19.19-1-1024x768.jpeg\" alt=\"\" width=\"614\" height=\"461\" srcset=\"https:\/\/atecordoba.org\/wp-content\/uploads\/2025\/09\/WhatsApp-Image-2025-09-11-at-10.19.19-1-1024x768.jpeg 1024w, https:\/\/atecordoba.org\/wp-content\/uploads\/2025\/09\/WhatsApp-Image-2025-09-11-at-10.19.19-1-300x225.jpeg 300w, https:\/\/atecordoba.org\/wp-content\/uploads\/2025\/09\/WhatsApp-Image-2025-09-11-at-10.19.19-1-768x576.jpeg 768w, https:\/\/atecordoba.org\/wp-content\/uploads\/2025\/09\/WhatsApp-Image-2025-09-11-at-10.19.19-1-750x563.jpeg 750w, https:\/\/atecordoba.org\/wp-content\/uploads\/2025\/09\/WhatsApp-Image-2025-09-11-at-10.19.19-1-1140x855.jpeg 1140w, https:\/\/atecordoba.org\/wp-content\/uploads\/2025\/09\/WhatsApp-Image-2025-09-11-at-10.19.19-1.jpeg 1280w\" sizes=\"auto, (max-width: 614px) 100vw, 614px\" \/><\/p>\n<p>&#8220;El gobierno apunta a la primarizaci\u00f3n de la econom\u00eda y eso trae como consecuencia un pa\u00eds profundamente injusto donde se acent\u00faan las desigualdades y que le deja a las nuevas generaciones posibilidades muy acotadas&#8221;, resumi\u00f3 el delegado de ATE CONAE, Emiliano Baum.<\/p>\n<p>En ese marco, el secretario General de ATE afirm\u00f3 que &#8220;desde ATE C\u00f3rdoba decimos que estamos en todas las luchas pero tambi\u00e9n queremos estar en todos los debates. Y para estar en los debates de la pol\u00edtica es importante que los laburantes nos encontremos y conozcamos las tareas y funciones que desarrollan las empresas estatales, para que de ah\u00ed en mas nos organicemos en su defensa y podamos dar la lucha contra este embate del gobierno neofascista&#8221;.<img loading=\"lazy\" decoding=\"async\" class=\"aligncenter wp-image-50628 \" src=\"https:\/\/atecordoba.org\/wp-content\/uploads\/2025\/09\/WhatsApp-Image-2025-09-11-at-10.19.18-2-1-1024x576.jpeg\" alt=\"\" width=\"618\" height=\"348\" srcset=\"https:\/\/atecordoba.org\/wp-content\/uploads\/2025\/09\/WhatsApp-Image-2025-09-11-at-10.19.18-2-1-1024x576.jpeg 1024w, https:\/\/atecordoba.org\/wp-content\/uploads\/2025\/09\/WhatsApp-Image-2025-09-11-at-10.19.18-2-1-300x169.jpeg 300w, https:\/\/atecordoba.org\/wp-content\/uploads\/2025\/09\/WhatsApp-Image-2025-09-11-at-10.19.18-2-1-768x432.jpeg 768w, https:\/\/atecordoba.org\/wp-content\/uploads\/2025\/09\/WhatsApp-Image-2025-09-11-at-10.19.18-2-1-1536x864.jpeg 1536w, https:\/\/atecordoba.org\/wp-content\/uploads\/2025\/09\/WhatsApp-Image-2025-09-11-at-10.19.18-2-1-2048x1153.jpeg 2048w, https:\/\/atecordoba.org\/wp-content\/uploads\/2025\/09\/WhatsApp-Image-2025-09-11-at-10.19.18-2-1-750x422.jpeg 750w, https:\/\/atecordoba.org\/wp-content\/uploads\/2025\/09\/WhatsApp-Image-2025-09-11-at-10.19.18-2-1-1140x642.jpeg 1140w\" sizes=\"auto, (max-width: 618px) 100vw, 618px\" \/><\/p>\n<p>En referencia a Milei y la gesti\u00f3n libertaria, Giuliani dijo que el gobierno &#8220;vino por los derechos del pueblo trabajador, vino a desguazar el Estado y viene a saquear a nuestra patria&#8221;.<\/p>\n<p>Y remarc\u00f3 que &#8220;lo hacemos en C\u00f3rdoba, territorio donde el peronismo ubic\u00f3 estrat\u00e9gicamente el desarrollo de la soberan\u00eda de nuestra naci\u00f3n con la creaci\u00f3n de Fabricaciones Militares en Villa Mar\u00edas, R\u00edo Tercero y en San Francisco, Dioxitek que produce Uranio, la F\u00e1brica de Aviones, la Central Nuclear de Embalse, CONAE y VENG que desarrollan tecnolog\u00eda aeroespacial, este componente empresas del Estado que est\u00e1 en riesgo de ser privatizadas por las pol\u00edticas de ajuste de Javier Milei, pero sobre todo por la Ley Bases&#8221;.<img loading=\"lazy\" decoding=\"async\" class=\"aligncenter wp-image-50629 \" src=\"https:\/\/atecordoba.org\/wp-content\/uploads\/2025\/09\/WhatsApp-Image-2025-09-11-at-10.19.20-2-1024x646.jpeg\" alt=\"\" width=\"614\" height=\"387\" \/><\/p>\n<p>&#8220;Hemos atacado este avance del neoliberalismo desde distintas aristas, en lo judicial hemos ganado algunas, pol\u00edticas visitando los diputados y senadores para que voten en contra, pero la principal es la sindical y ah\u00ed est\u00e1 ATE organizando la clase, no solo en la defensa de los puestos de laburo, de mejores salarios y condiciones de trabajo sino tambi\u00e9n ponernos al frente en la defensa del Estado y de la soberan\u00eda de nuestra patria&#8221;, concluy\u00f3.<\/p>\n<div id='gallery_1' class='gallery galleryid-50624 gallery-columns-3 gallery-size-thumbnail'><figure class='gallery-item'>\n                <div class='gallery-icon portrait'>\n                    <a href='https:\/\/atecordoba.org\/wp-content\/uploads\/2025\/09\/WhatsApp-Image-2025-09-11-at-10.19.18-1.jpeg'><img loading=\"lazy\" decoding=\"async\" width=\"150\" height=\"150\" src=\"\" class=\"attachment-thumbnail size-thumbnail lazyload\" alt=\"\" data-src=\"https:\/\/atecordoba.org\/wp-content\/uploads\/2025\/09\/WhatsApp-Image-2025-09-11-at-10.19.18-1-150x150.jpeg\" data-sizes=\"auto\" data-srcset=\"https:\/\/atecordoba.org\/wp-content\/uploads\/2025\/09\/WhatsApp-Image-2025-09-11-at-10.19.18-1-150x150.jpeg 150w, https:\/\/atecordoba.org\/wp-content\/uploads\/2025\/09\/WhatsApp-Image-2025-09-11-at-10.19.18-1-560x560.jpeg 560w, https:\/\/atecordoba.org\/wp-content\/uploads\/2025\/09\/WhatsApp-Image-2025-09-11-at-10.19.18-1-75x75.jpeg 75w, https:\/\/atecordoba.org\/wp-content\/uploads\/2025\/09\/WhatsApp-Image-2025-09-11-at-10.19.18-1-350x350.jpeg 350w\" data-expand=\"700\" \/><\/a>\n                <\/div><\/figure><figure class='gallery-item'>\n                <div class='gallery-icon portrait'>\n                    <a href='https:\/\/atecordoba.org\/wp-content\/uploads\/2025\/09\/WhatsApp-Image-2025-09-11-at-10.19.18.jpeg'><img loading=\"lazy\" decoding=\"async\" width=\"150\" height=\"150\" src=\"\" class=\"attachment-thumbnail size-thumbnail lazyload\" alt=\"\" data-src=\"https:\/\/atecordoba.org\/wp-content\/uploads\/2025\/09\/WhatsApp-Image-2025-09-11-at-10.19.18-150x150.jpeg\" data-sizes=\"auto\" data-srcset=\"https:\/\/atecordoba.org\/wp-content\/uploads\/2025\/09\/WhatsApp-Image-2025-09-11-at-10.19.18-150x150.jpeg 150w, https:\/\/atecordoba.org\/wp-content\/uploads\/2025\/09\/WhatsApp-Image-2025-09-11-at-10.19.18-560x560.jpeg 560w, https:\/\/atecordoba.org\/wp-content\/uploads\/2025\/09\/WhatsApp-Image-2025-09-11-at-10.19.18-75x75.jpeg 75w, https:\/\/atecordoba.org\/wp-content\/uploads\/2025\/09\/WhatsApp-Image-2025-09-11-at-10.19.18-350x350.jpeg 350w\" data-expand=\"700\" \/><\/a>\n                <\/div><\/figure><figure class='gallery-item'>\n                <div class='gallery-icon landscape'>\n                    <a href='https:\/\/atecordoba.org\/wp-content\/uploads\/2025\/09\/WhatsApp-Image-2025-09-11-at-10.19.19-scaled.jpeg'><img loading=\"lazy\" decoding=\"async\" width=\"150\" height=\"150\" src=\"\" class=\"attachment-thumbnail size-thumbnail lazyload\" alt=\"\" data-src=\"https:\/\/atecordoba.org\/wp-content\/uploads\/2025\/09\/WhatsApp-Image-2025-09-11-at-10.19.19-150x150.jpeg\" data-sizes=\"auto\" data-srcset=\"https:\/\/atecordoba.org\/wp-content\/uploads\/2025\/09\/WhatsApp-Image-2025-09-11-at-10.19.19-150x150.jpeg 150w, https:\/\/atecordoba.org\/wp-content\/uploads\/2025\/09\/WhatsApp-Image-2025-09-11-at-10.19.19-560x560.jpeg 560w, https:\/\/atecordoba.org\/wp-content\/uploads\/2025\/09\/WhatsApp-Image-2025-09-11-at-10.19.19-75x75.jpeg 75w, https:\/\/atecordoba.org\/wp-content\/uploads\/2025\/09\/WhatsApp-Image-2025-09-11-at-10.19.19-350x350.jpeg 350w\" data-expand=\"700\" \/><\/a>\n                <\/div><\/figure><br style=\"clear: both\" \/><figure class='gallery-item'>\n                <div class='gallery-icon portrait'>\n                    <a href='https:\/\/atecordoba.org\/wp-content\/uploads\/2025\/09\/WhatsApp-Image-2025-09-11-at-10.19.20-1.jpeg'><img loading=\"lazy\" decoding=\"async\" width=\"150\" height=\"150\" src=\"\" class=\"attachment-thumbnail size-thumbnail lazyload\" alt=\"\" data-src=\"https:\/\/atecordoba.org\/wp-content\/uploads\/2025\/09\/WhatsApp-Image-2025-09-11-at-10.19.20-1-150x150.jpeg\" data-sizes=\"auto\" data-srcset=\"https:\/\/atecordoba.org\/wp-content\/uploads\/2025\/09\/WhatsApp-Image-2025-09-11-at-10.19.20-1-150x150.jpeg 150w, https:\/\/atecordoba.org\/wp-content\/uploads\/2025\/09\/WhatsApp-Image-2025-09-11-at-10.19.20-1-560x560.jpeg 560w, https:\/\/atecordoba.org\/wp-content\/uploads\/2025\/09\/WhatsApp-Image-2025-09-11-at-10.19.20-1-75x75.jpeg 75w, https:\/\/atecordoba.org\/wp-content\/uploads\/2025\/09\/WhatsApp-Image-2025-09-11-at-10.19.20-1-350x350.jpeg 350w\" data-expand=\"700\" \/><\/a>\n                <\/div><\/figure><figure class='gallery-item'>\n                <div class='gallery-icon landscape'>\n                    <a href='https:\/\/atecordoba.org\/wp-content\/uploads\/2025\/09\/WhatsApp-Image-2025-09-11-at-10.19.21-1.jpeg'><img loading=\"lazy\" decoding=\"async\" width=\"150\" height=\"150\" src=\"\" class=\"attachment-thumbnail size-thumbnail lazyload\" alt=\"\" data-src=\"https:\/\/atecordoba.org\/wp-content\/uploads\/2025\/09\/WhatsApp-Image-2025-09-11-at-10.19.21-1-150x150.jpeg\" data-sizes=\"auto\" data-srcset=\"https:\/\/atecordoba.org\/wp-content\/uploads\/2025\/09\/WhatsApp-Image-2025-09-11-at-10.19.21-1-150x150.jpeg 150w, https:\/\/atecordoba.org\/wp-content\/uploads\/2025\/09\/WhatsApp-Image-2025-09-11-at-10.19.21-1-560x560.jpeg 560w, https:\/\/atecordoba.org\/wp-content\/uploads\/2025\/09\/WhatsApp-Image-2025-09-11-at-10.19.21-1-75x75.jpeg 75w, https:\/\/atecordoba.org\/wp-content\/uploads\/2025\/09\/WhatsApp-Image-2025-09-11-at-10.19.21-1-350x350.jpeg 350w\" data-expand=\"700\" \/><\/a>\n                <\/div><\/figure><figure class='gallery-item'>\n                <div class='gallery-icon landscape'>\n                    <a href='https:\/\/atecordoba.org\/wp-content\/uploads\/2025\/09\/WhatsApp-Image-2025-09-11-at-10.19.21-2-scaled.jpeg'><img loading=\"lazy\" decoding=\"async\" width=\"150\" height=\"150\" src=\"\" class=\"attachment-thumbnail size-thumbnail lazyload\" alt=\"\" data-src=\"https:\/\/atecordoba.org\/wp-content\/uploads\/2025\/09\/WhatsApp-Image-2025-09-11-at-10.19.21-2-150x150.jpeg\" data-sizes=\"auto\" data-srcset=\"https:\/\/atecordoba.org\/wp-content\/uploads\/2025\/09\/WhatsApp-Image-2025-09-11-at-10.19.21-2-150x150.jpeg 150w, https:\/\/atecordoba.org\/wp-content\/uploads\/2025\/09\/WhatsApp-Image-2025-09-11-at-10.19.21-2-560x560.jpeg 560w, https:\/\/atecordoba.org\/wp-content\/uploads\/2025\/09\/WhatsApp-Image-2025-09-11-at-10.19.21-2-75x75.jpeg 75w, https:\/\/atecordoba.org\/wp-content\/uploads\/2025\/09\/WhatsApp-Image-2025-09-11-at-10.19.21-2-350x350.jpeg 350w\" data-expand=\"700\" \/><\/a>\n                <\/div><\/figure><br style=\"clear: both\" \/><figure class='gallery-item'>\n                <div class='gallery-icon landscape'>\n                    <a href='https:\/\/atecordoba.org\/wp-content\/uploads\/2025\/09\/WhatsApp-Image-2025-09-11-at-10.19.21-scaled.jpeg'><img loading=\"lazy\" decoding=\"async\" width=\"150\" height=\"150\" src=\"\" class=\"attachment-thumbnail size-thumbnail lazyload\" alt=\"\" data-src=\"https:\/\/atecordoba.org\/wp-content\/uploads\/2025\/09\/WhatsApp-Image-2025-09-11-at-10.19.21-150x150.jpeg\" data-sizes=\"auto\" data-srcset=\"https:\/\/atecordoba.org\/wp-content\/uploads\/2025\/09\/WhatsApp-Image-2025-09-11-at-10.19.21-150x150.jpeg 150w, https:\/\/atecordoba.org\/wp-content\/uploads\/2025\/09\/WhatsApp-Image-2025-09-11-at-10.19.21-560x560.jpeg 560w, https:\/\/atecordoba.org\/wp-content\/uploads\/2025\/09\/WhatsApp-Image-2025-09-11-at-10.19.21-75x75.jpeg 75w, https:\/\/atecordoba.org\/wp-content\/uploads\/2025\/09\/WhatsApp-Image-2025-09-11-at-10.19.21-350x350.jpeg 350w\" data-expand=\"700\" \/><\/a>\n                <\/div><\/figure><figure class='gallery-item'>\n                <div class='gallery-icon landscape'>\n                    <a href='https:\/\/atecordoba.org\/wp-content\/uploads\/2025\/09\/WhatsApp-Image-2025-09-11-at-10.19.22-1-scaled.jpeg'><img loading=\"lazy\" decoding=\"async\" width=\"150\" height=\"150\" src=\"\" class=\"attachment-thumbnail size-thumbnail lazyload\" alt=\"\" data-src=\"https:\/\/atecordoba.org\/wp-content\/uploads\/2025\/09\/WhatsApp-Image-2025-09-11-at-10.19.22-1-150x150.jpeg\" data-sizes=\"auto\" data-srcset=\"https:\/\/atecordoba.org\/wp-content\/uploads\/2025\/09\/WhatsApp-Image-2025-09-11-at-10.19.22-1-150x150.jpeg 150w, https:\/\/atecordoba.org\/wp-content\/uploads\/2025\/09\/WhatsApp-Image-2025-09-11-at-10.19.22-1-560x560.jpeg 560w, https:\/\/atecordoba.org\/wp-content\/uploads\/2025\/09\/WhatsApp-Image-2025-09-11-at-10.19.22-1-75x75.jpeg 75w, https:\/\/atecordoba.org\/wp-content\/uploads\/2025\/09\/WhatsApp-Image-2025-09-11-at-10.19.22-1-350x350.jpeg 350w\" data-expand=\"700\" \/><\/a>\n                <\/div><\/figure><figure class='gallery-item'>\n                <div class='gallery-icon landscape'>\n                    <a href='https:\/\/atecordoba.org\/wp-content\/uploads\/2025\/09\/WhatsApp-Image-2025-09-11-at-10.19.22-scaled.jpeg'><img loading=\"lazy\" decoding=\"async\" width=\"150\" height=\"150\" src=\"\" class=\"attachment-thumbnail size-thumbnail lazyload\" alt=\"\" data-src=\"https:\/\/atecordoba.org\/wp-content\/uploads\/2025\/09\/WhatsApp-Image-2025-09-11-at-10.19.22-150x150.jpeg\" data-sizes=\"auto\" data-srcset=\"https:\/\/atecordoba.org\/wp-content\/uploads\/2025\/09\/WhatsApp-Image-2025-09-11-at-10.19.22-150x150.jpeg 150w, https:\/\/atecordoba.org\/wp-content\/uploads\/2025\/09\/WhatsApp-Image-2025-09-11-at-10.19.22-560x560.jpeg 560w, https:\/\/atecordoba.org\/wp-content\/uploads\/2025\/09\/WhatsApp-Image-2025-09-11-at-10.19.22-75x75.jpeg 75w, https:\/\/atecordoba.org\/wp-content\/uploads\/2025\/09\/WhatsApp-Image-2025-09-11-at-10.19.22-350x350.jpeg 350w\" data-expand=\"700\" \/><\/a>\n                <\/div><\/figure><br style=\"clear: both\" \/><figure class='gallery-item'>\n                <div class='gallery-icon landscape'>\n                    <a href='https:\/\/atecordoba.org\/wp-content\/uploads\/2025\/09\/WhatsApp-Image-2025-09-11-at-10.19.23-1.jpeg'><img loading=\"lazy\" decoding=\"async\" width=\"150\" height=\"150\" src=\"\" class=\"attachment-thumbnail size-thumbnail lazyload\" alt=\"\" data-src=\"https:\/\/atecordoba.org\/wp-content\/uploads\/2025\/09\/WhatsApp-Image-2025-09-11-at-10.19.23-1-150x150.jpeg\" data-sizes=\"auto\" data-srcset=\"https:\/\/atecordoba.org\/wp-content\/uploads\/2025\/09\/WhatsApp-Image-2025-09-11-at-10.19.23-1-150x150.jpeg 150w, https:\/\/atecordoba.org\/wp-content\/uploads\/2025\/09\/WhatsApp-Image-2025-09-11-at-10.19.23-1-560x560.jpeg 560w, https:\/\/atecordoba.org\/wp-content\/uploads\/2025\/09\/WhatsApp-Image-2025-09-11-at-10.19.23-1-75x75.jpeg 75w, https:\/\/atecordoba.org\/wp-content\/uploads\/2025\/09\/WhatsApp-Image-2025-09-11-at-10.19.23-1-350x350.jpeg 350w\" data-expand=\"700\" \/><\/a>\n                <\/div><\/figure><figure class='gallery-item'>\n                <div class='gallery-icon landscape'>\n                    <a href='https:\/\/atecordoba.org\/wp-content\/uploads\/2025\/09\/WhatsApp-Image-2025-09-11-at-10.19.23-2.jpeg'><img loading=\"lazy\" decoding=\"async\" width=\"150\" height=\"150\" src=\"\" class=\"attachment-thumbnail size-thumbnail lazyload\" alt=\"\" data-src=\"https:\/\/atecordoba.org\/wp-content\/uploads\/2025\/09\/WhatsApp-Image-2025-09-11-at-10.19.23-2-150x150.jpeg\" data-sizes=\"auto\" data-srcset=\"https:\/\/atecordoba.org\/wp-content\/uploads\/2025\/09\/WhatsApp-Image-2025-09-11-at-10.19.23-2-150x150.jpeg 150w, https:\/\/atecordoba.org\/wp-content\/uploads\/2025\/09\/WhatsApp-Image-2025-09-11-at-10.19.23-2-560x560.jpeg 560w, https:\/\/atecordoba.org\/wp-content\/uploads\/2025\/09\/WhatsApp-Image-2025-09-11-at-10.19.23-2-75x75.jpeg 75w, https:\/\/atecordoba.org\/wp-content\/uploads\/2025\/09\/WhatsApp-Image-2025-09-11-at-10.19.23-2-350x350.jpeg 350w\" data-expand=\"700\" \/><\/a>\n                <\/div><\/figure><figure class='gallery-item'>\n                <div class='gallery-icon portrait'>\n                    <a href='https:\/\/atecordoba.org\/wp-content\/uploads\/2025\/09\/WhatsApp-Image-2025-09-11-at-10.19.23-3.jpeg'><img loading=\"lazy\" decoding=\"async\" width=\"150\" height=\"150\" src=\"\" class=\"attachment-thumbnail size-thumbnail lazyload\" alt=\"\" data-src=\"https:\/\/atecordoba.org\/wp-content\/uploads\/2025\/09\/WhatsApp-Image-2025-09-11-at-10.19.23-3-150x150.jpeg\" data-sizes=\"auto\" data-srcset=\"https:\/\/atecordoba.org\/wp-content\/uploads\/2025\/09\/WhatsApp-Image-2025-09-11-at-10.19.23-3-150x150.jpeg 150w, https:\/\/atecordoba.org\/wp-content\/uploads\/2025\/09\/WhatsApp-Image-2025-09-11-at-10.19.23-3-560x560.jpeg 560w, https:\/\/atecordoba.org\/wp-content\/uploads\/2025\/09\/WhatsApp-Image-2025-09-11-at-10.19.23-3-75x75.jpeg 75w, https:\/\/atecordoba.org\/wp-content\/uploads\/2025\/09\/WhatsApp-Image-2025-09-11-at-10.19.23-3-350x350.jpeg 350w\" data-expand=\"700\" \/><\/a>\n                <\/div><\/figure><br style=\"clear: both\" \/><figure class='gallery-item'>\n                <div class='gallery-icon portrait'>\n                    <a href='https:\/\/atecordoba.org\/wp-content\/uploads\/2025\/09\/WhatsApp-Image-2025-09-11-at-10.19.23.jpeg'><img loading=\"lazy\" decoding=\"async\" width=\"150\" height=\"150\" src=\"\" class=\"attachment-thumbnail size-thumbnail lazyload\" alt=\"\" data-src=\"https:\/\/atecordoba.org\/wp-content\/uploads\/2025\/09\/WhatsApp-Image-2025-09-11-at-10.19.23-150x150.jpeg\" data-sizes=\"auto\" data-srcset=\"https:\/\/atecordoba.org\/wp-content\/uploads\/2025\/09\/WhatsApp-Image-2025-09-11-at-10.19.23-150x150.jpeg 150w, https:\/\/atecordoba.org\/wp-content\/uploads\/2025\/09\/WhatsApp-Image-2025-09-11-at-10.19.23-560x560.jpeg 560w, https:\/\/atecordoba.org\/wp-content\/uploads\/2025\/09\/WhatsApp-Image-2025-09-11-at-10.19.23-75x75.jpeg 75w, https:\/\/atecordoba.org\/wp-content\/uploads\/2025\/09\/WhatsApp-Image-2025-09-11-at-10.19.23-350x350.jpeg 350w\" data-expand=\"700\" \/><\/a>\n                <\/div><\/figure><figure class='gallery-item'>\n                <div class='gallery-icon portrait'>\n                    <a href='https:\/\/atecordoba.org\/wp-content\/uploads\/2025\/09\/WhatsApp-Image-2025-09-11-at-10.19.24-1.jpeg'><img loading=\"lazy\" decoding=\"async\" width=\"150\" height=\"150\" src=\"\" class=\"attachment-thumbnail size-thumbnail lazyload\" alt=\"\" data-src=\"https:\/\/atecordoba.org\/wp-content\/uploads\/2025\/09\/WhatsApp-Image-2025-09-11-at-10.19.24-1-150x150.jpeg\" data-sizes=\"auto\" data-srcset=\"https:\/\/atecordoba.org\/wp-content\/uploads\/2025\/09\/WhatsApp-Image-2025-09-11-at-10.19.24-1-150x150.jpeg 150w, https:\/\/atecordoba.org\/wp-content\/uploads\/2025\/09\/WhatsApp-Image-2025-09-11-at-10.19.24-1-560x560.jpeg 560w, https:\/\/atecordoba.org\/wp-content\/uploads\/2025\/09\/WhatsApp-Image-2025-09-11-at-10.19.24-1-75x75.jpeg 75w, https:\/\/atecordoba.org\/wp-content\/uploads\/2025\/09\/WhatsApp-Image-2025-09-11-at-10.19.24-1-350x350.jpeg 350w\" data-expand=\"700\" \/><\/a>\n                <\/div><\/figure><figure class='gallery-item'>\n                <div class='gallery-icon portrait'>\n                    <a href='https:\/\/atecordoba.org\/wp-content\/uploads\/2025\/09\/WhatsApp-Image-2025-09-11-at-10.19.24-2.jpeg'><img loading=\"lazy\" decoding=\"async\" width=\"150\" height=\"150\" src=\"\" class=\"attachment-thumbnail size-thumbnail lazyload\" alt=\"\" data-src=\"https:\/\/atecordoba.org\/wp-content\/uploads\/2025\/09\/WhatsApp-Image-2025-09-11-at-10.19.24-2-150x150.jpeg\" data-sizes=\"auto\" data-srcset=\"https:\/\/atecordoba.org\/wp-content\/uploads\/2025\/09\/WhatsApp-Image-2025-09-11-at-10.19.24-2-150x150.jpeg 150w, https:\/\/atecordoba.org\/wp-content\/uploads\/2025\/09\/WhatsApp-Image-2025-09-11-at-10.19.24-2-560x560.jpeg 560w, https:\/\/atecordoba.org\/wp-content\/uploads\/2025\/09\/WhatsApp-Image-2025-09-11-at-10.19.24-2-75x75.jpeg 75w, https:\/\/atecordoba.org\/wp-content\/uploads\/2025\/09\/WhatsApp-Image-2025-09-11-at-10.19.24-2-350x350.jpeg 350w\" data-expand=\"700\" \/><\/a>\n                <\/div><\/figure><br style=\"clear: both\" \/><figure class='gallery-item'>\n                <div class='gallery-icon landscape'>\n                    <a href='https:\/\/atecordoba.org\/wp-content\/uploads\/2025\/09\/WhatsApp-Image-2025-09-11-at-10.19.24-3.jpeg'><img loading=\"lazy\" decoding=\"async\" width=\"150\" height=\"150\" src=\"\" class=\"attachment-thumbnail size-thumbnail lazyload\" alt=\"\" data-src=\"https:\/\/atecordoba.org\/wp-content\/uploads\/2025\/09\/WhatsApp-Image-2025-09-11-at-10.19.24-3-150x150.jpeg\" data-sizes=\"auto\" data-srcset=\"https:\/\/atecordoba.org\/wp-content\/uploads\/2025\/09\/WhatsApp-Image-2025-09-11-at-10.19.24-3-150x150.jpeg 150w, https:\/\/atecordoba.org\/wp-content\/uploads\/2025\/09\/WhatsApp-Image-2025-09-11-at-10.19.24-3-560x560.jpeg 560w, https:\/\/atecordoba.org\/wp-content\/uploads\/2025\/09\/WhatsApp-Image-2025-09-11-at-10.19.24-3-75x75.jpeg 75w, https:\/\/atecordoba.org\/wp-content\/uploads\/2025\/09\/WhatsApp-Image-2025-09-11-at-10.19.24-3-350x350.jpeg 350w\" data-expand=\"700\" \/><\/a>\n                <\/div><\/figure><figure class='gallery-item'>\n                <div class='gallery-icon landscape'>\n                    <a href='https:\/\/atecordoba.org\/wp-content\/uploads\/2025\/09\/WhatsApp-Image-2025-09-11-at-10.19.24.jpeg'><img loading=\"lazy\" decoding=\"async\" width=\"150\" height=\"150\" src=\"\" class=\"attachment-thumbnail size-thumbnail lazyload\" alt=\"\" data-src=\"https:\/\/atecordoba.org\/wp-content\/uploads\/2025\/09\/WhatsApp-Image-2025-09-11-at-10.19.24-150x150.jpeg\" data-sizes=\"auto\" data-srcset=\"https:\/\/atecordoba.org\/wp-content\/uploads\/2025\/09\/WhatsApp-Image-2025-09-11-at-10.19.24-150x150.jpeg 150w, https:\/\/atecordoba.org\/wp-content\/uploads\/2025\/09\/WhatsApp-Image-2025-09-11-at-10.19.24-560x560.jpeg 560w, https:\/\/atecordoba.org\/wp-content\/uploads\/2025\/09\/WhatsApp-Image-2025-09-11-at-10.19.24-75x75.jpeg 75w, https:\/\/atecordoba.org\/wp-content\/uploads\/2025\/09\/WhatsApp-Image-2025-09-11-at-10.19.24-350x350.jpeg 350w\" data-expand=\"700\" \/><\/a>\n                <\/div><\/figure><figure class='gallery-item'>\n                <div class='gallery-icon portrait'>\n                    <a href='https:\/\/atecordoba.org\/wp-content\/uploads\/2025\/09\/WhatsApp-Image-2025-09-11-at-10.19.17.jpeg'><img loading=\"lazy\" decoding=\"async\" width=\"150\" height=\"150\" src=\"\" class=\"attachment-thumbnail size-thumbnail lazyload\" alt=\"\" data-src=\"https:\/\/atecordoba.org\/wp-content\/uploads\/2025\/09\/WhatsApp-Image-2025-09-11-at-10.19.17-150x150.jpeg\" data-sizes=\"auto\" data-srcset=\"https:\/\/atecordoba.org\/wp-content\/uploads\/2025\/09\/WhatsApp-Image-2025-09-11-at-10.19.17-150x150.jpeg 150w, https:\/\/atecordoba.org\/wp-content\/uploads\/2025\/09\/WhatsApp-Image-2025-09-11-at-10.19.17-560x560.jpeg 560w, https:\/\/atecordoba.org\/wp-content\/uploads\/2025\/09\/WhatsApp-Image-2025-09-11-at-10.19.17-75x75.jpeg 75w, https:\/\/atecordoba.org\/wp-content\/uploads\/2025\/09\/WhatsApp-Image-2025-09-11-at-10.19.17-350x350.jpeg 350w\" data-expand=\"700\" \/><\/a>\n                <\/div><\/figure><br style=\"clear: both\" \/>\n            <\/div>\n\n<p>&nbsp;<\/p>\n","protected":false},"excerpt":{"rendered":"<p>Ayer se llev\u00f3 a cabo en la sede de Consejo Directivo Provincial (CDP) una importante charla-debate referida los sectores clave del desarrollo productivo nacional en manos de empresas estatales, que est\u00e1n en riesgo de privatizaci\u00f3n por parte del gobierno de Milei mientras acelera un proceso de vaciamiento brutal de los organismos y firmas estatales. El [&hellip;]<\/p>\n","protected":false},"author":7,"featured_media":50629,"comment_status":"open","ping_status":"open","sticky":false,"template":"","format":"standard","meta":{"_exactmetrics_skip_tracking":false,"_exactmetrics_sitenote_active":false,"_exactmetrics_sitenote_note":"","_exactmetrics_sitenote_category":0,"jnews-multi-image_gallery":[],"jnews_single_post":[],"jnews_primary_category":[],"jnews_social_meta":[],"jnews_review":[],"enable_review":"","type":"","name":"","summary":"","brand":"","sku":"","good":[],"bad":[],"score_override":"","override_value":"","rating":[],"price":[],"jnews_override_counter":[],"jnews_post_split":[],"footnotes":""},"categories":[10],"tags":[],"class_list":["post-50624","post","type-post","status-publish","format-standard","has-post-thumbnail","hentry","category-accion-politica"],"jetpack_featured_media_url":"https:\/\/atecordoba.org\/wp-content\/uploads\/2025\/09\/WhatsApp-Image-2025-09-11-at-10.19.20-2-e1757612957503.jpeg","_links":{"self":[{"href":"https:\/\/atecordoba.org\/index.php?rest_route=\/wp\/v2\/posts\/50624","targetHints":{"allow":["GET"]}}],"collection":[{"href":"https:\/\/atecordoba.org\/index.php?rest_route=\/wp\/v2\/posts"}],"about":[{"href":"https:\/\/atecordoba.org\/index.php?rest_route=\/wp\/v2\/types\/post"}],"author":[{"embeddable":true,"href":"https:\/\/atecordoba.org\/index.php?rest_route=\/wp\/v2\/users\/7"}],"replies":[{"embeddable":true,"href":"https:\/\/atecordoba.org\/index.php?rest_route=%2Fwp%2Fv2%2Fcomments&post=50624"}],"version-history":[{"count":1,"href":"https:\/\/atecordoba.org\/index.php?rest_route=\/wp\/v2\/posts\/50624\/revisions"}],"predecessor-version":[{"id":50649,"href":"https:\/\/atecordoba.org\/index.php?rest_route=\/wp\/v2\/posts\/50624\/revisions\/50649"}],"wp:featuredmedia":[{"embeddable":true,"href":"https:\/\/atecordoba.org\/index.php?rest_route=\/wp\/v2\/media\/50629"}],"wp:attachment":[{"href":"https:\/\/atecordoba.org\/index.php?rest_route=%2Fwp%2Fv2%2Fmedia&parent=50624"}],"wp:term":[{"taxonomy":"category","embeddable":true,"href":"https:\/\/atecordoba.org\/index.php?rest_route=%2Fwp%2Fv2%2Fcategories&post=50624"},{"taxonomy":"post_tag","embeddable":true,"href":"https:\/\/atecordoba.org\/index.php?rest_route=%2Fwp%2Fv2%2Ftags&post=50624"}],"curies":[{"name":"wp","href":"https:\/\/api.w.org\/{rel}","templated":true}]}}