{"id":50619,"date":"2025-09-11T13:02:43","date_gmt":"2025-09-11T16:02:43","guid":{"rendered":"https:\/\/atecordoba.org\/?p=50619"},"modified":"2025-09-11T13:03:17","modified_gmt":"2025-09-11T16:03:17","slug":"veng-el-vaciamiento-y-los-accidentes-laborales-van-de-la-mano-en-el-gobierno-de-milei","status":"publish","type":"post","link":"https:\/\/atecordoba.org\/?p=50619","title":{"rendered":"VENG: el vaciamiento y los accidentes laborales van de la mano en el Gobierno de Milei"},"content":{"rendered":"<figure id=\"attachment_50620\" aria-describedby=\"caption-attachment-50620\" style=\"width: 626px\" class=\"wp-caption aligncenter\"><img loading=\"lazy\" decoding=\"async\" class=\"wp-image-50620 \" src=\"https:\/\/atecordoba.org\/wp-content\/uploads\/2025\/09\/conae-falda-del-canete-1024x538.jpg\" alt=\"\" width=\"626\" height=\"329\" srcset=\"https:\/\/atecordoba.org\/wp-content\/uploads\/2025\/09\/conae-falda-del-canete-1024x538.jpg 1024w, https:\/\/atecordoba.org\/wp-content\/uploads\/2025\/09\/conae-falda-del-canete-300x158.jpg 300w, https:\/\/atecordoba.org\/wp-content\/uploads\/2025\/09\/conae-falda-del-canete-768x404.jpg 768w, https:\/\/atecordoba.org\/wp-content\/uploads\/2025\/09\/conae-falda-del-canete-750x394.jpg 750w, https:\/\/atecordoba.org\/wp-content\/uploads\/2025\/09\/conae-falda-del-canete-1140x599.jpg 1140w, https:\/\/atecordoba.org\/wp-content\/uploads\/2025\/09\/conae-falda-del-canete.jpg 1280w\" sizes=\"auto, (max-width: 626px) 100vw, 626px\" \/><figcaption id=\"caption-attachment-50620\" class=\"wp-caption-text\">El predio de Falda del Carmen donde funciona la CONAE y VENG.<\/figcaption><\/figure>\n<p>El cuerpo de delegados y delegadas de ATE VENG, firma estatal dedicada al desarrollo aeroespacial cita en C\u00f3rdoba, denunci\u00f3 la grave situaci\u00f3n que atraviesan los trabajadores, marcada por el vaciamiento, la falta de inversi\u00f3n y la precarizaci\u00f3n laboral.<\/p>\n<p>&#8220;Hoy, la vida de los trabajadores se pone en riesgo a cambio de un salario que en promedio apenas alcanza un mill\u00f3n de pesos, mientras la respuesta del Directorio frente a esta crisis es el silencio y la indiferencia&#8221; afirmaron.<\/p>\n<p>En ese marco, ATE VENG hizo p\u00fablico el grav\u00edsimo accidente que sufri\u00f3 un trabajador el pasado 29 de agosto, con lesiones en ojos y mano, tras la explosi\u00f3n de un detonador, utilizado en el desarrollo de un convenio con la industria minera y petrolera para el desarrollo de los detonadores.<\/p>\n<p>Mientras proyectos como Sabiamar, de desarrollo satelital, permanecen paralizados por falta de inversi\u00f3n, la empresa se enorgullece de desarrollar detonadores, ignorando incluso el accidente reciente. Esto refleja una desconexi\u00f3n total entre la estrategia empresarial y la seguridad de los trabajadores.<\/p>\n<p>Este hecho expone la ausencia de medidas de prevenci\u00f3n, la precarizaci\u00f3n creciente y la desidia de Provincia ART, que no garantiza la cobertura m\u00ednima. Por m\u00edseros ingresos, un trabajador puede perder la vida, mientras se culpa a los empleados en lugar de invertir en seguridad y materiales adecuados.<\/p>\n<h4>Mas riesgos y persecuci\u00f3n<\/h4>\n<p>Adem\u00e1s, ATE VENG denunci\u00f3 la precariedad en que se mantienen en funcionamiento laboratorios y tanques con hidracina, n\u00edquel y otros compuestos cancer\u00edgenos, lo que representa un riesgo permanente de accidentes graves y de contaminaci\u00f3n ambiental.<\/p>\n<p>Frente a la necesidad de un control de las condiciones de trabajo, donde la representaci\u00f3n sindical cumple un rol fundamental, la direcci\u00f3n de VENG responde con persecuci\u00f3n antisindical. As\u00ed, un delegado fue sancionado arbitrariamente bajo la excusa de no haber presentado su DNI, requisito que nunca form\u00f3 parte de los procedimientos habituales. Este hecho constituye un claro ejemplo de hostigamiento pol\u00edtico e ideol\u00f3gico.<\/p>\n<p>&#8220;En los \u00faltimos meses, la persecuci\u00f3n se ha intensificado: amenazas, sanciones disciplinarias, despidos y reuniones en las que se advierte a los trabajadores que \u201cdesde ahora hay que portarse bien\u201d. Adem\u00e1s, en distintas \u00e1reas se registran maltratos de superiores y restricciones a la participaci\u00f3n en actividades gremiales, lo que vulnera derechos b\u00e1sicos de organizaci\u00f3n y representaci\u00f3n sindical&#8221;, describe el cuerpo de delegados y delegadas.<\/p>\n<h4>Salarios insuficientes<\/h4>\n<p>El art\u00edculo 14 bis de la Constituci\u00f3n Nacional establece que \u201cel salario debe ser suficiente para asegurar al trabajador y a su familia una vida digna\u201d. En VENG S.A. esta garant\u00eda no se cumple: los ingresos actuales no alcanzan para cubrir las necesidades b\u00e1sicas ni el costo de vida. Esto obliga a muchos trabajadores a buscar empleos adicionales, exponi\u00e9ndose al desgaste f\u00edsico y psicol\u00f3gico, o incluso a presentarse enfermos o lesionados para no perder el presentismo.<\/p>\n<p>De esta forma, la cantidad de horas acumuladas de trabajo para lograr ingresos que cubran los gastos de las familias, que en muchos casos queda expuesto en trabajadores y trabajadoras que trabajan fuera la empresa para completar los haberes.<\/p>\n<p>Vale mencionar que se trata de personal altamente calificado, que deben manipular instrumental de gran complejidad y costos superlativos, lo que das cuenta de la irresponsabilidad de la direcci\u00f3n de la empresa para gestionar un capital fundamental del Estado y del pueblo argentino, ubicada en Falda del Carmen, a corta distancia de la ciudad de C\u00f3rdoba.<\/p>\n<h4>Reclamos<\/h4>\n<p>De esta forma, ATE VENG plantea una agenda de reclamos que est\u00e1 integrada por:<\/p>\n<ul>\n<li>Inversi\u00f3n urgente en seguridad.<\/li>\n<li>Protocolos de prevenci\u00f3n efectivos.<\/li>\n<li>Cobertura real de Provincia ART.<\/li>\n<li>Reactivaci\u00f3n de los proyectos estrat\u00e9gicos.<\/li>\n<li>Cese inmediato de las persecuciones a delegados y trabajadores.<\/li>\n<li>Recomposici\u00f3n salarial acorde al costo de vida.<\/li>\n<\/ul>\n","protected":false},"excerpt":{"rendered":"<p>El cuerpo de delegados y delegadas de ATE VENG, firma estatal dedicada al desarrollo aeroespacial cita en C\u00f3rdoba, denunci\u00f3 la grave situaci\u00f3n que atraviesan los trabajadores, marcada por el vaciamiento, la falta de inversi\u00f3n y la precarizaci\u00f3n laboral. &#8220;Hoy, la vida de los trabajadores se pone en riesgo a cambio de un salario que en [&hellip;]<\/p>\n","protected":false},"author":7,"featured_media":50620,"comment_status":"open","ping_status":"open","sticky":false,"template":"","format":"standard","meta":{"_exactmetrics_skip_tracking":false,"_exactmetrics_sitenote_active":false,"_exactmetrics_sitenote_note":"","_exactmetrics_sitenote_category":0,"jnews-multi-image_gallery":[],"jnews_single_post":{"format":"standard","override":[{"template":"1","parallax":"1","fullscreen":"1","layout":"no-sidebar-narrow","sidebar":"default-sidebar","second_sidebar":"default-sidebar","sticky_sidebar":"1","share_position":"bottom","share_float_style":"share-monocrhome","show_share_counter":"1","show_view_counter":"1","show_post_meta":"1","show_post_author_image":"1","show_post_date":"1","post_date_format":"default","post_date_format_custom":"Y\/m\/d","show_post_category":"1","show_post_reading_time":"0","post_reading_time_wpm":"300","post_calculate_word_method":"str_word_count","show_zoom_button":"0","zoom_button_out_step":"2","zoom_button_in_step":"3","show_post_tag":"1","number_popup_post":"1","show_post_related":"1","show_inline_post_related":"0"}],"image_override":[{"single_post_thumbnail_size":"crop-500","single_post_gallery_size":"crop-500"}],"trending_post_position":"meta","trending_post_label":"Trending","sponsored_post_label":"Sponsored by","disable_ad":"0"},"jnews_primary_category":[],"jnews_social_meta":[],"jnews_review":[],"enable_review":"","type":"percentage","name":"","summary":"","brand":"","sku":"","good":[],"bad":[],"score_override":"","override_value":"","rating":[],"price":[],"jnews_override_counter":{"view_counter_number":"0","share_counter_number":"0","like_counter_number":"0","dislike_counter_number":"0"},"jnews_post_split":{"post_split":[{"template":"1","tag":"h2","numbering":"asc","mode":"normal","first":"0","enable_toc":"0","toc_type":"normal"}]},"footnotes":""},"categories":[18],"tags":[],"class_list":["post-50619","post","type-post","status-publish","format-standard","has-post-thumbnail","hentry","category-nacionales"],"jetpack_featured_media_url":"https:\/\/atecordoba.org\/wp-content\/uploads\/2025\/09\/conae-falda-del-canete.jpg","_links":{"self":[{"href":"https:\/\/atecordoba.org\/index.php?rest_route=\/wp\/v2\/posts\/50619","targetHints":{"allow":["GET"]}}],"collection":[{"href":"https:\/\/atecordoba.org\/index.php?rest_route=\/wp\/v2\/posts"}],"about":[{"href":"https:\/\/atecordoba.org\/index.php?rest_route=\/wp\/v2\/types\/post"}],"author":[{"embeddable":true,"href":"https:\/\/atecordoba.org\/index.php?rest_route=\/wp\/v2\/users\/7"}],"replies":[{"embeddable":true,"href":"https:\/\/atecordoba.org\/index.php?rest_route=%2Fwp%2Fv2%2Fcomments&post=50619"}],"version-history":[{"count":2,"href":"https:\/\/atecordoba.org\/index.php?rest_route=\/wp\/v2\/posts\/50619\/revisions"}],"predecessor-version":[{"id":50622,"href":"https:\/\/atecordoba.org\/index.php?rest_route=\/wp\/v2\/posts\/50619\/revisions\/50622"}],"wp:featuredmedia":[{"embeddable":true,"href":"https:\/\/atecordoba.org\/index.php?rest_route=\/wp\/v2\/media\/50620"}],"wp:attachment":[{"href":"https:\/\/atecordoba.org\/index.php?rest_route=%2Fwp%2Fv2%2Fmedia&parent=50619"}],"wp:term":[{"taxonomy":"category","embeddable":true,"href":"https:\/\/atecordoba.org\/index.php?rest_route=%2Fwp%2Fv2%2Fcategories&post=50619"},{"taxonomy":"post_tag","embeddable":true,"href":"https:\/\/atecordoba.org\/index.php?rest_route=%2Fwp%2Fv2%2Ftags&post=50619"}],"curies":[{"name":"wp","href":"https:\/\/api.w.org\/{rel}","templated":true}]}}