{"id":50612,"date":"2025-09-10T15:25:02","date_gmt":"2025-09-10T18:25:02","guid":{"rendered":"https:\/\/atecordoba.org\/?p=50612"},"modified":"2025-09-10T15:25:02","modified_gmt":"2025-09-10T18:25:02","slug":"conferencia-de-prensa-de-la-fenat-en-ctaa-por-la-represion-policial","status":"publish","type":"post","link":"https:\/\/atecordoba.org\/?p=50612","title":{"rendered":"Conferencia de Prensa de la FeNaT en CTAA por la represi\u00f3n policial"},"content":{"rendered":"<p><img loading=\"lazy\" decoding=\"async\" class=\"aligncenter wp-image-50615 \" src=\"https:\/\/atecordoba.org\/wp-content\/uploads\/2025\/09\/WhatsApp-Image-2025-09-10-at-11.59.44-1024x937.jpeg\" alt=\"\" width=\"608\" height=\"556\" srcset=\"https:\/\/atecordoba.org\/wp-content\/uploads\/2025\/09\/WhatsApp-Image-2025-09-10-at-11.59.44-1024x937.jpeg 1024w, https:\/\/atecordoba.org\/wp-content\/uploads\/2025\/09\/WhatsApp-Image-2025-09-10-at-11.59.44-300x274.jpeg 300w, https:\/\/atecordoba.org\/wp-content\/uploads\/2025\/09\/WhatsApp-Image-2025-09-10-at-11.59.44-768x702.jpeg 768w, https:\/\/atecordoba.org\/wp-content\/uploads\/2025\/09\/WhatsApp-Image-2025-09-10-at-11.59.44-1536x1405.jpeg 1536w, https:\/\/atecordoba.org\/wp-content\/uploads\/2025\/09\/WhatsApp-Image-2025-09-10-at-11.59.44-2048x1873.jpeg 2048w, https:\/\/atecordoba.org\/wp-content\/uploads\/2025\/09\/WhatsApp-Image-2025-09-10-at-11.59.44-750x686.jpeg 750w, https:\/\/atecordoba.org\/wp-content\/uploads\/2025\/09\/WhatsApp-Image-2025-09-10-at-11.59.44-1140x1043.jpeg 1140w\" sizes=\"auto, (max-width: 608px) 100vw, 608px\" \/>Hoy se realiz\u00f3 una conferencia de prensa en la sede de la CTAA, encabezada por la secretaria Adjunta de la Central y referente de la Federaci\u00f3n Nacional Territorial (FeNaT) en C\u00f3rdoba, Silvia Alcoba, donde expusieron los y las compa\u00f1eras detenidas durante la represi\u00f3n policial del pasado 28 de agosto frente a la Municipalidad de C\u00f3rdoba, en la sede de la \u00a0Secretar\u00eda de Pol\u00edticas Sociales y Desarrollo Humano.<\/p>\n<p>En la oportunidad, Alcoba explic\u00f3 los motivos de la marcha &#8220;en el marco de una Jornada Nacional de Protesta de la FeNaT. Fuimos a pedir comida para los comederos en las barriadas populares, que el funcionario de la dependencia Ra\u00fal La Cava se hab\u00eda comprometido entregar y que no cumple hace dos meses.<\/p>\n<p>&#8220;Fuimos a pedir una mesa de negociaci\u00f3n y nos recibieron a palos, haci\u00e9ndonos una emboscada dentro de las oficinas. Nos pegaron, nos humillaron, nos tuvieron detenidas hasta las 2 de la ma\u00f1ana, d\u00e1ndonos de tomar agua sucia&#8221;, relat\u00f3 la dirigente.<\/p>\n<p>Y remat\u00f3: &#8220;la comida no alcanza en los barrios, los chicos se van a dormir sin comer, mientras arrasan los consumos problem\u00e1ticos y el gatillo f\u00e1cil.\u00a0C\u00f3rdoba no es una isla. Quienes estamos aca somos capaces de dar una discusi\u00f3n pol\u00edtica y de plantear los problemas que sufrimos y las soluciones que proponemos&#8221;.<\/p>\n<p>&nbsp;<\/p>\n","protected":false},"excerpt":{"rendered":"<p>Hoy se realiz\u00f3 una conferencia de prensa en la sede de la CTAA, encabezada por la secretaria Adjunta de la Central y referente de la Federaci\u00f3n Nacional Territorial (FeNaT) en C\u00f3rdoba, Silvia Alcoba, donde expusieron los y las compa\u00f1eras detenidas durante la represi\u00f3n policial del pasado 28 de agosto frente a la Municipalidad de C\u00f3rdoba, [&hellip;]<\/p>\n","protected":false},"author":7,"featured_media":50616,"comment_status":"open","ping_status":"open","sticky":false,"template":"","format":"standard","meta":{"_exactmetrics_skip_tracking":false,"_exactmetrics_sitenote_active":false,"_exactmetrics_sitenote_note":"","_exactmetrics_sitenote_category":0,"jnews-multi-image_gallery":[],"jnews_single_post":[],"jnews_primary_category":[],"jnews_social_meta":[],"jnews_review":[],"enable_review":"","type":"","name":"","summary":"","brand":"","sku":"","good":[],"bad":[],"score_override":"","override_value":"","rating":[],"price":[],"jnews_override_counter":[],"jnews_post_split":[],"footnotes":""},"categories":[92],"tags":[],"class_list":["post-50612","post","type-post","status-publish","format-standard","has-post-thumbnail","hentry","category-cta"],"jetpack_featured_media_url":"https:\/\/atecordoba.org\/wp-content\/uploads\/2025\/09\/WhatsApp-Image-2025-09-10-at-11.59.44-1-scaled-e1757528696863.jpeg","_links":{"self":[{"href":"https:\/\/atecordoba.org\/index.php?rest_route=\/wp\/v2\/posts\/50612","targetHints":{"allow":["GET"]}}],"collection":[{"href":"https:\/\/atecordoba.org\/index.php?rest_route=\/wp\/v2\/posts"}],"about":[{"href":"https:\/\/atecordoba.org\/index.php?rest_route=\/wp\/v2\/types\/post"}],"author":[{"embeddable":true,"href":"https:\/\/atecordoba.org\/index.php?rest_route=\/wp\/v2\/users\/7"}],"replies":[{"embeddable":true,"href":"https:\/\/atecordoba.org\/index.php?rest_route=%2Fwp%2Fv2%2Fcomments&post=50612"}],"version-history":[{"count":1,"href":"https:\/\/atecordoba.org\/index.php?rest_route=\/wp\/v2\/posts\/50612\/revisions"}],"predecessor-version":[{"id":50617,"href":"https:\/\/atecordoba.org\/index.php?rest_route=\/wp\/v2\/posts\/50612\/revisions\/50617"}],"wp:featuredmedia":[{"embeddable":true,"href":"https:\/\/atecordoba.org\/index.php?rest_route=\/wp\/v2\/media\/50616"}],"wp:attachment":[{"href":"https:\/\/atecordoba.org\/index.php?rest_route=%2Fwp%2Fv2%2Fmedia&parent=50612"}],"wp:term":[{"taxonomy":"category","embeddable":true,"href":"https:\/\/atecordoba.org\/index.php?rest_route=%2Fwp%2Fv2%2Fcategories&post=50612"},{"taxonomy":"post_tag","embeddable":true,"href":"https:\/\/atecordoba.org\/index.php?rest_route=%2Fwp%2Fv2%2Ftags&post=50612"}],"curies":[{"name":"wp","href":"https:\/\/api.w.org\/{rel}","templated":true}]}}