{"id":50598,"date":"2025-09-10T14:07:27","date_gmt":"2025-09-10T17:07:27","guid":{"rendered":"https:\/\/atecordoba.org\/?p=50598"},"modified":"2025-09-10T14:08:25","modified_gmt":"2025-09-10T17:08:25","slug":"salsipuedes-audiencia-paritaria-en-la-secretaria-de-trabajo-paso-a-cuarto-intermedio-hasta-el-viernes-proximo","status":"publish","type":"post","link":"https:\/\/atecordoba.org\/?p=50598","title":{"rendered":"Salsipuedes: audiencia paritaria en la Secretaria de Trabaj\u00f3 pas\u00f3 a cuarto intermedio hasta el viernes pr\u00f3ximo"},"content":{"rendered":"<p><img loading=\"lazy\" decoding=\"async\" class=\"aligncenter wp-image-50599 \" src=\"https:\/\/atecordoba.org\/wp-content\/uploads\/2025\/09\/salsipuedes-trabajo.jpeg\" alt=\"\" width=\"610\" height=\"458\" srcset=\"https:\/\/atecordoba.org\/wp-content\/uploads\/2025\/09\/salsipuedes-trabajo.jpeg 750w, https:\/\/atecordoba.org\/wp-content\/uploads\/2025\/09\/salsipuedes-trabajo-300x225.jpeg 300w\" sizes=\"auto, (max-width: 610px) 100vw, 610px\" \/>En una audiencia realizada hoy en la Secretar\u00eda de Trabajo de la provincia entre la Municipalidad de Salsipuedes y la representaci\u00f3n sindical, ATE rechaz\u00f3 la propuesta salarial oficial, que ya viene repiti\u00e9ndose por tercera vez y da cuenta de la estrategia de dilaci\u00f3n del Departamento Ejecutivo.<\/p>\n<p>Por parte de la Municipalidad estuvo presente el secretario de Gobierno Jos\u00e9 Combina y su equipo de asesores letrados. Por ATE participaron el secretario de Organizaci\u00f3n Javier Bracamonte, su par de Prensa Julia Giuliani y los delegados Luis Tapia y Vladimir Su\u00e1rez.<\/p>\n<p>Frente al reclamo de aumento salarial del 3.5% a partir del mes de julio y hasta noviembre, de car\u00e1cter acumulativo, el Departamento Ejecutivo ofreci\u00f3 2% no remunerativo, lo que torna insuficiente la propuesta, por m\u00e1s que haya estado acompa\u00f1ada por un incremento del monto fijo de 28.600 pesos a 40.000 pesos.<\/p>\n<p>Adem\u00e1s, ATE denunci\u00f3 medidas persecutorias de parte de la Municipalidad contra trabajadores, mientras est\u00e1 en pie la conciliaci\u00f3n obligatoria.<\/p>\n<p>Tras un intercambio de opiniones sobre el proceso de negociaci\u00f3n entre la patronal y ATE, con el gremio amarillo local en actitud pasiva, la autoridad laboral propuso posponer una resoluci\u00f3n y convocar una nueva audiencia para el viernes 12 de septiembre.<\/p>\n<p>Vale se\u00f1alar que la instancia negociadora en la cartera de trabajo se alcanz\u00f3 tras 8 d\u00edas de conflicto con asambleas, hasta que las Municipalidad solicit\u00f3 la conciliaci\u00f3n obligatoria, ante la envergadura que tomaban las medidas de fuerza y la organizaci\u00f3n que lograron los y las trabajadoras del sector. Las negociaciones se desarrollan desde principios de agosto.<\/p>\n<p>Ahora, frente a la dilaci\u00f3n en la negociaci\u00f3n que intenta imponer el gobierno municipal, ATE contin\u00faa aportando buena fe negociadora para mejorar el salario de los municipales de Salsipuedes.<\/p>\n","protected":false},"excerpt":{"rendered":"<p>En una audiencia realizada hoy en la Secretar\u00eda de Trabajo de la provincia entre la Municipalidad de Salsipuedes y la representaci\u00f3n sindical, ATE rechaz\u00f3 la propuesta salarial oficial, que ya viene repiti\u00e9ndose por tercera vez y da cuenta de la estrategia de dilaci\u00f3n del Departamento Ejecutivo. Por parte de la Municipalidad estuvo presente el secretario [&hellip;]<\/p>\n","protected":false},"author":7,"featured_media":50599,"comment_status":"open","ping_status":"open","sticky":false,"template":"","format":"standard","meta":{"_exactmetrics_skip_tracking":false,"_exactmetrics_sitenote_active":false,"_exactmetrics_sitenote_note":"","_exactmetrics_sitenote_category":0,"jnews-multi-image_gallery":[],"jnews_single_post":{"format":"standard","override":[{"template":"1","parallax":"1","fullscreen":"1","layout":"no-sidebar-narrow","sidebar":"default-sidebar","second_sidebar":"default-sidebar","sticky_sidebar":"1","share_position":"bottom","share_float_style":"share-monocrhome","show_share_counter":"1","show_view_counter":"1","show_post_meta":"1","show_post_author_image":"1","show_post_date":"1","post_date_format":"default","post_date_format_custom":"Y\/m\/d","show_post_category":"1","show_post_reading_time":"0","post_reading_time_wpm":"300","post_calculate_word_method":"str_word_count","show_zoom_button":"0","zoom_button_out_step":"2","zoom_button_in_step":"3","show_post_tag":"1","number_popup_post":"1","show_post_related":"1","show_inline_post_related":"0"}],"image_override":[{"single_post_thumbnail_size":"crop-500","single_post_gallery_size":"crop-500"}],"trending_post_position":"meta","trending_post_label":"Trending","sponsored_post_label":"Sponsored by","disable_ad":"0"},"jnews_primary_category":[],"jnews_social_meta":[],"jnews_review":[],"enable_review":"","type":"percentage","name":"","summary":"","brand":"","sku":"","good":[],"bad":[],"score_override":"","override_value":"","rating":[],"price":[],"jnews_override_counter":{"view_counter_number":"0","share_counter_number":"0","like_counter_number":"0","dislike_counter_number":"0"},"jnews_post_split":{"post_split":[{"template":"1","tag":"h2","numbering":"asc","mode":"normal","first":"0","enable_toc":"0","toc_type":"normal"}]},"footnotes":""},"categories":[20],"tags":[],"class_list":["post-50598","post","type-post","status-publish","format-standard","has-post-thumbnail","hentry","category-municipales"],"jetpack_featured_media_url":"https:\/\/atecordoba.org\/wp-content\/uploads\/2025\/09\/salsipuedes-trabajo.jpeg","_links":{"self":[{"href":"https:\/\/atecordoba.org\/index.php?rest_route=\/wp\/v2\/posts\/50598","targetHints":{"allow":["GET"]}}],"collection":[{"href":"https:\/\/atecordoba.org\/index.php?rest_route=\/wp\/v2\/posts"}],"about":[{"href":"https:\/\/atecordoba.org\/index.php?rest_route=\/wp\/v2\/types\/post"}],"author":[{"embeddable":true,"href":"https:\/\/atecordoba.org\/index.php?rest_route=\/wp\/v2\/users\/7"}],"replies":[{"embeddable":true,"href":"https:\/\/atecordoba.org\/index.php?rest_route=%2Fwp%2Fv2%2Fcomments&post=50598"}],"version-history":[{"count":2,"href":"https:\/\/atecordoba.org\/index.php?rest_route=\/wp\/v2\/posts\/50598\/revisions"}],"predecessor-version":[{"id":50601,"href":"https:\/\/atecordoba.org\/index.php?rest_route=\/wp\/v2\/posts\/50598\/revisions\/50601"}],"wp:featuredmedia":[{"embeddable":true,"href":"https:\/\/atecordoba.org\/index.php?rest_route=\/wp\/v2\/media\/50599"}],"wp:attachment":[{"href":"https:\/\/atecordoba.org\/index.php?rest_route=%2Fwp%2Fv2%2Fmedia&parent=50598"}],"wp:term":[{"taxonomy":"category","embeddable":true,"href":"https:\/\/atecordoba.org\/index.php?rest_route=%2Fwp%2Fv2%2Fcategories&post=50598"},{"taxonomy":"post_tag","embeddable":true,"href":"https:\/\/atecordoba.org\/index.php?rest_route=%2Fwp%2Fv2%2Ftags&post=50598"}],"curies":[{"name":"wp","href":"https:\/\/api.w.org\/{rel}","templated":true}]}}