{"id":50587,"date":"2025-09-10T13:29:38","date_gmt":"2025-09-10T16:29:38","guid":{"rendered":"https:\/\/atecordoba.org\/?p=50587"},"modified":"2025-09-10T13:29:38","modified_gmt":"2025-09-10T16:29:38","slug":"el-secretario-de-ddhh-de-ate-denuncia-a-la-policia-y-al-fiscal-de-aragon-por-la-feroz-represion-a-la-ctaa","status":"publish","type":"post","link":"https:\/\/atecordoba.org\/?p=50587","title":{"rendered":"El secretario de DDHH de ATE denuncia a la polic\u00eda y al fiscal De Arag\u00f3n por la feroz represi\u00f3n a la CTAA"},"content":{"rendered":"<p><img loading=\"lazy\" decoding=\"async\" class=\"aligncenter wp-image-50588 \" src=\"https:\/\/atecordoba.org\/wp-content\/uploads\/2025\/09\/WhatsApp-Image-2025-09-10-at-10.09.54-2-1024x768.jpeg\" alt=\"\" width=\"617\" height=\"463\" \/>Hoy por la ma\u00f1ana el secretario de DDHH de ATE C\u00f3rdoba C\u00e9sar Theaux, junto al asesor letrado de ATE Claudio Orosz, se hicieron presentes en los tribunales de la provincia para denunciar al represi\u00f3n policial orquestada por el fiscal Ernesto De Arag\u00f3n, frente a la sede de la Secretar\u00eda de Pol\u00edticas Sociales y Desarrollo Humano de la Municipalidad de C\u00f3rdoba y qued\u00f3 radicada en la Denuncia en Fiscal\u00eda distrito 1 turno 6.<\/p>\n<p>Se trata de la primera de una serie denuncias, solicitando que la Justicia investigue la situaci\u00f3n que sufriera Theaux, junto a otros y otras 14 compa\u00f1eras, cuando el secretario de DDHH fue detenido mientras oficiaba de abogado defensor.<\/p>\n<p>Vale mencionar que en la ocasi\u00f3n y como resultado de la represi\u00f3n el secretario General de ATE Federico Giuliani result\u00f3 con un brazo quebrado y detenido durante cinco d\u00edas, sin poder realizar su declaraci\u00f3n indagatoria ya que el fiscal de la causa, Ernesto De Arag\u00f3n, no instrument\u00f3 dicha declaraci\u00f3n a los fines de poder dictar su posterior libertad.<\/p>\n<div id='gallery_1' class='gallery galleryid-50587 gallery-columns-3 gallery-size-thumbnail'><figure class='gallery-item'>\n                <div class='gallery-icon portrait'>\n                    <a href='https:\/\/atecordoba.org\/wp-content\/uploads\/2025\/09\/2.jpeg'><img loading=\"lazy\" decoding=\"async\" width=\"150\" height=\"150\" src=\"\" class=\"attachment-thumbnail size-thumbnail lazyload\" alt=\"\" data-src=\"https:\/\/atecordoba.org\/wp-content\/uploads\/2025\/09\/2-150x150.jpeg\" data-sizes=\"auto\" data-srcset=\"https:\/\/atecordoba.org\/wp-content\/uploads\/2025\/09\/2-150x150.jpeg 150w, https:\/\/atecordoba.org\/wp-content\/uploads\/2025\/09\/2-560x560.jpeg 560w, https:\/\/atecordoba.org\/wp-content\/uploads\/2025\/09\/2-75x75.jpeg 75w, https:\/\/atecordoba.org\/wp-content\/uploads\/2025\/09\/2-350x350.jpeg 350w\" data-expand=\"700\" \/><\/a>\n                <\/div><\/figure><figure class='gallery-item'>\n                <div class='gallery-icon portrait'>\n                    <a href='https:\/\/atecordoba.org\/wp-content\/uploads\/2025\/09\/WhatsApp-Image-2025-09-10-at-10.09.50-1.jpeg'><img loading=\"lazy\" decoding=\"async\" width=\"150\" height=\"150\" src=\"\" class=\"attachment-thumbnail size-thumbnail lazyload\" alt=\"\" data-src=\"https:\/\/atecordoba.org\/wp-content\/uploads\/2025\/09\/WhatsApp-Image-2025-09-10-at-10.09.50-1-150x150.jpeg\" data-sizes=\"auto\" data-srcset=\"https:\/\/atecordoba.org\/wp-content\/uploads\/2025\/09\/WhatsApp-Image-2025-09-10-at-10.09.50-1-150x150.jpeg 150w, https:\/\/atecordoba.org\/wp-content\/uploads\/2025\/09\/WhatsApp-Image-2025-09-10-at-10.09.50-1-560x560.jpeg 560w, https:\/\/atecordoba.org\/wp-content\/uploads\/2025\/09\/WhatsApp-Image-2025-09-10-at-10.09.50-1-75x75.jpeg 75w, https:\/\/atecordoba.org\/wp-content\/uploads\/2025\/09\/WhatsApp-Image-2025-09-10-at-10.09.50-1-350x350.jpeg 350w\" data-expand=\"700\" \/><\/a>\n                <\/div><\/figure><figure class='gallery-item'>\n                <div class='gallery-icon portrait'>\n                    <a href='https:\/\/atecordoba.org\/wp-content\/uploads\/2025\/09\/1.jpeg'><img loading=\"lazy\" decoding=\"async\" width=\"150\" height=\"150\" src=\"\" class=\"attachment-thumbnail size-thumbnail lazyload\" alt=\"\" data-src=\"https:\/\/atecordoba.org\/wp-content\/uploads\/2025\/09\/1-150x150.jpeg\" data-sizes=\"auto\" data-srcset=\"https:\/\/atecordoba.org\/wp-content\/uploads\/2025\/09\/1-150x150.jpeg 150w, https:\/\/atecordoba.org\/wp-content\/uploads\/2025\/09\/1-560x560.jpeg 560w, https:\/\/atecordoba.org\/wp-content\/uploads\/2025\/09\/1-75x75.jpeg 75w, https:\/\/atecordoba.org\/wp-content\/uploads\/2025\/09\/1-350x350.jpeg 350w\" data-expand=\"700\" \/><\/a>\n                <\/div><\/figure><br style=\"clear: both\" \/>\n            <\/div>\n\n<p>Afortunadamente, la jueza de Control N\u00ba4 interviniente, puesta en conocimiento de la situaci\u00f3n que atravesaba Giuliani y que el dirigente siempre se atuvo a derecho, concurriendo a los tribunales provinciales cada vez que le fue requerido, orden\u00f3 dar la libertad a Giuliani, a pesar de De Arag\u00f3n que 15 d\u00edas despu\u00e9s de los hecho aun no llam\u00f3 a declarar al secretario General de ATE.<\/p>\n<p>En ese marco, y durante la detenci\u00f3n de las y los compa\u00f1eros, Theaux se identific\u00f3 como abogado, exhibi\u00e9ndole su matr\u00edcula profesional al jefe del operativo policial, pero ello no impidi\u00f3 que terminara detenido, obstaculizando su derecho a intervenir en la situaci\u00f3n e impidi\u00e9ndole a las y los detenidos poder contar con una defensa legal en ese momento. \u00a0Adem\u00e1s, fue secuestrado el tel\u00e9fono de Theaux, mientras sus piernas aun muestran los rastros de la violencia policial que sufri\u00f3 durante su detenci\u00f3n.<\/p>\n<div id='gallery_2' class='gallery galleryid-50587 gallery-columns-4 gallery-size-thumbnail'><figure class='gallery-item'>\n                <div class='gallery-icon portrait'>\n                    <a href='https:\/\/atecordoba.org\/wp-content\/uploads\/2025\/09\/WhatsApp-Image-2025-09-10-at-10.09.51-2.jpeg'><img loading=\"lazy\" decoding=\"async\" width=\"150\" height=\"150\" src=\"\" class=\"attachment-thumbnail size-thumbnail lazyload\" alt=\"\" data-src=\"https:\/\/atecordoba.org\/wp-content\/uploads\/2025\/09\/WhatsApp-Image-2025-09-10-at-10.09.51-2-150x150.jpeg\" data-sizes=\"auto\" data-srcset=\"https:\/\/atecordoba.org\/wp-content\/uploads\/2025\/09\/WhatsApp-Image-2025-09-10-at-10.09.51-2-150x150.jpeg 150w, https:\/\/atecordoba.org\/wp-content\/uploads\/2025\/09\/WhatsApp-Image-2025-09-10-at-10.09.51-2-560x560.jpeg 560w, https:\/\/atecordoba.org\/wp-content\/uploads\/2025\/09\/WhatsApp-Image-2025-09-10-at-10.09.51-2-75x75.jpeg 75w, https:\/\/atecordoba.org\/wp-content\/uploads\/2025\/09\/WhatsApp-Image-2025-09-10-at-10.09.51-2-350x350.jpeg 350w\" data-expand=\"700\" \/><\/a>\n                <\/div><\/figure><figure class='gallery-item'>\n                <div class='gallery-icon portrait'>\n                    <a href='https:\/\/atecordoba.org\/wp-content\/uploads\/2025\/09\/WhatsApp-Image-2025-09-10-at-10.09.50.jpeg'><img loading=\"lazy\" decoding=\"async\" width=\"150\" height=\"150\" src=\"\" class=\"attachment-thumbnail size-thumbnail lazyload\" alt=\"\" data-src=\"https:\/\/atecordoba.org\/wp-content\/uploads\/2025\/09\/WhatsApp-Image-2025-09-10-at-10.09.50-150x150.jpeg\" data-sizes=\"auto\" data-srcset=\"https:\/\/atecordoba.org\/wp-content\/uploads\/2025\/09\/WhatsApp-Image-2025-09-10-at-10.09.50-150x150.jpeg 150w, https:\/\/atecordoba.org\/wp-content\/uploads\/2025\/09\/WhatsApp-Image-2025-09-10-at-10.09.50-560x560.jpeg 560w, https:\/\/atecordoba.org\/wp-content\/uploads\/2025\/09\/WhatsApp-Image-2025-09-10-at-10.09.50-75x75.jpeg 75w, https:\/\/atecordoba.org\/wp-content\/uploads\/2025\/09\/WhatsApp-Image-2025-09-10-at-10.09.50-350x350.jpeg 350w\" data-expand=\"700\" \/><\/a>\n                <\/div><\/figure><figure class='gallery-item'>\n                <div class='gallery-icon portrait'>\n                    <a href='https:\/\/atecordoba.org\/wp-content\/uploads\/2025\/09\/WhatsApp-Image-2025-09-10-at-10.09.51-1-rotated.jpeg'><img loading=\"lazy\" decoding=\"async\" width=\"150\" height=\"150\" src=\"\" class=\"attachment-thumbnail size-thumbnail lazyload\" alt=\"\" data-src=\"https:\/\/atecordoba.org\/wp-content\/uploads\/2025\/09\/WhatsApp-Image-2025-09-10-at-10.09.51-1-150x150.jpeg\" data-sizes=\"auto\" data-srcset=\"https:\/\/atecordoba.org\/wp-content\/uploads\/2025\/09\/WhatsApp-Image-2025-09-10-at-10.09.51-1-150x150.jpeg 150w, https:\/\/atecordoba.org\/wp-content\/uploads\/2025\/09\/WhatsApp-Image-2025-09-10-at-10.09.51-1-560x560.jpeg 560w, https:\/\/atecordoba.org\/wp-content\/uploads\/2025\/09\/WhatsApp-Image-2025-09-10-at-10.09.51-1-75x75.jpeg 75w, https:\/\/atecordoba.org\/wp-content\/uploads\/2025\/09\/WhatsApp-Image-2025-09-10-at-10.09.51-1-350x350.jpeg 350w\" data-expand=\"700\" \/><\/a>\n                <\/div><\/figure><figure class='gallery-item'>\n                <div class='gallery-icon portrait'>\n                    <a href='https:\/\/atecordoba.org\/wp-content\/uploads\/2025\/09\/WhatsApp-Image-2025-09-10-at-10.09.51-rotated.jpeg'><img loading=\"lazy\" decoding=\"async\" width=\"150\" height=\"150\" src=\"\" class=\"attachment-thumbnail size-thumbnail lazyload\" alt=\"\" data-src=\"https:\/\/atecordoba.org\/wp-content\/uploads\/2025\/09\/WhatsApp-Image-2025-09-10-at-10.09.51-150x150.jpeg\" data-sizes=\"auto\" data-srcset=\"https:\/\/atecordoba.org\/wp-content\/uploads\/2025\/09\/WhatsApp-Image-2025-09-10-at-10.09.51-150x150.jpeg 150w, https:\/\/atecordoba.org\/wp-content\/uploads\/2025\/09\/WhatsApp-Image-2025-09-10-at-10.09.51-560x560.jpeg 560w, https:\/\/atecordoba.org\/wp-content\/uploads\/2025\/09\/WhatsApp-Image-2025-09-10-at-10.09.51-75x75.jpeg 75w, https:\/\/atecordoba.org\/wp-content\/uploads\/2025\/09\/WhatsApp-Image-2025-09-10-at-10.09.51-350x350.jpeg 350w\" data-expand=\"700\" \/><\/a>\n                <\/div><\/figure><br style=\"clear: both\" \/>\n            <\/div>\n\n<p>El dirigente sum\u00f3, junto a Orosz, material probatorio como filmaciones de organizaciones de la sociedad civil que demuestran que el procedimiento policial fue absolutamente ilegal, ya que la protesta se produjo en ejercicio del derecho constitucional a manifestarse ante la autoridad p\u00fablica, que no fue violenta. Por lo tanto la denuncia establece que el procedimiento represivo fue ilegal y perge\u00f1ado por las m\u00e1ximas instancias de la polic\u00eda de la provincia y el fiscal De Arag\u00f3n.<\/p>\n<p>\u201cVenimos a presentar la denuncia para que todo esto sea sometido a la Justicia e inmediatamente la misma denuncia ser\u00e1 a la secretaria que entiende en el juicio pol\u00edtico de funcionarios judiciales, cuando no se desempe\u00f1an conforme establece la ley, bajo la causal de \u2018mal desempe\u00f1o\u2019, como es el caso de De Arag\u00f3n&#8221;, se\u00f1al\u00f3 Orosz.<\/p>\n","protected":false},"excerpt":{"rendered":"<p>Hoy por la ma\u00f1ana el secretario de DDHH de ATE C\u00f3rdoba C\u00e9sar Theaux, junto al asesor letrado de ATE Claudio Orosz, se hicieron presentes en los tribunales de la provincia para denunciar al represi\u00f3n policial orquestada por el fiscal Ernesto De Arag\u00f3n, frente a la sede de la Secretar\u00eda de Pol\u00edticas Sociales y Desarrollo Humano [&hellip;]<\/p>\n","protected":false},"author":7,"featured_media":50588,"comment_status":"open","ping_status":"open","sticky":false,"template":"","format":"standard","meta":{"_exactmetrics_skip_tracking":false,"_exactmetrics_sitenote_active":false,"_exactmetrics_sitenote_note":"","_exactmetrics_sitenote_category":0,"jnews-multi-image_gallery":[],"jnews_single_post":[],"jnews_primary_category":[],"jnews_social_meta":[],"jnews_review":[],"enable_review":"","type":"","name":"","summary":"","brand":"","sku":"","good":[],"bad":[],"score_override":"","override_value":"","rating":[],"price":[],"jnews_override_counter":[],"jnews_post_split":[],"footnotes":""},"categories":[341],"tags":[],"class_list":["post-50587","post","type-post","status-publish","format-standard","has-post-thumbnail","hentry","category-cdp"],"jetpack_featured_media_url":"https:\/\/atecordoba.org\/wp-content\/uploads\/2025\/09\/WhatsApp-Image-2025-09-10-at-10.09.54-2-e1757521770282.jpeg","_links":{"self":[{"href":"https:\/\/atecordoba.org\/index.php?rest_route=\/wp\/v2\/posts\/50587","targetHints":{"allow":["GET"]}}],"collection":[{"href":"https:\/\/atecordoba.org\/index.php?rest_route=\/wp\/v2\/posts"}],"about":[{"href":"https:\/\/atecordoba.org\/index.php?rest_route=\/wp\/v2\/types\/post"}],"author":[{"embeddable":true,"href":"https:\/\/atecordoba.org\/index.php?rest_route=\/wp\/v2\/users\/7"}],"replies":[{"embeddable":true,"href":"https:\/\/atecordoba.org\/index.php?rest_route=%2Fwp%2Fv2%2Fcomments&post=50587"}],"version-history":[{"count":1,"href":"https:\/\/atecordoba.org\/index.php?rest_route=\/wp\/v2\/posts\/50587\/revisions"}],"predecessor-version":[{"id":50596,"href":"https:\/\/atecordoba.org\/index.php?rest_route=\/wp\/v2\/posts\/50587\/revisions\/50596"}],"wp:featuredmedia":[{"embeddable":true,"href":"https:\/\/atecordoba.org\/index.php?rest_route=\/wp\/v2\/media\/50588"}],"wp:attachment":[{"href":"https:\/\/atecordoba.org\/index.php?rest_route=%2Fwp%2Fv2%2Fmedia&parent=50587"}],"wp:term":[{"taxonomy":"category","embeddable":true,"href":"https:\/\/atecordoba.org\/index.php?rest_route=%2Fwp%2Fv2%2Fcategories&post=50587"},{"taxonomy":"post_tag","embeddable":true,"href":"https:\/\/atecordoba.org\/index.php?rest_route=%2Fwp%2Fv2%2Ftags&post=50587"}],"curies":[{"name":"wp","href":"https:\/\/api.w.org\/{rel}","templated":true}]}}