{"id":5058,"date":"2015-04-09T16:36:30","date_gmt":"2015-04-09T19:36:30","guid":{"rendered":"http:\/\/www.atecordoba.org\/?p=5058"},"modified":"2015-04-09T16:36:30","modified_gmt":"2015-04-09T19:36:30","slug":"compas-de-espera-en-el-conflicto-del-hospital-transito-caceres","status":"publish","type":"post","link":"https:\/\/atecordoba.org\/?p=5058","title":{"rendered":"Comp\u00e1s de espera en el conflicto del hospital Tr\u00e1nsito C\u00e1ceres"},"content":{"rendered":"<p><em>En una asamblea realizada hoy en el Hospital Tr\u00e1nsito C\u00e1ceres de Allende, los trabajadores resolvieron suspender hasta el lunes pr\u00f3ximo el estado de asamblea despu\u00e9s que el Ministerio de Salud de la provincia se comprometiera durante la reuni\u00f3n a dar una respuesta al pedido de reincorporaci\u00f3n de la totalidad de los 16 compa\u00f1eros\u00a0que hab\u00edan finalizado sus contratos LAR. El hospital perdi\u00f3 200 trabajadores en los \u00faltimos siete a\u00f1os.\u00a0<\/em><\/p>\n<figure id=\"attachment_5059\" aria-describedby=\"caption-attachment-5059\" style=\"width: 569px\" class=\"wp-caption aligncenter\"><a href=\"http:\/\/www.atecordoba.org\/wp-content\/uploads\/2015\/04\/IMG-20150409-WA0009.jpg\"><img loading=\"lazy\" decoding=\"async\" class=\"wp-image-5059\" src=\"http:\/\/www.atecordoba.org\/wp-content\/uploads\/2015\/04\/IMG-20150409-WA0009.jpg\" alt=\"IMG-20150409-WA0009\" width=\"569\" height=\"427\" \/><\/a><figcaption id=\"caption-attachment-5059\" class=\"wp-caption-text\">El director del hospital, Felix Revol, dando explicaciones durante la asamblea de hoy.<\/figcaption><\/figure>\n<p>&nbsp;<\/p>\n<p>La asamblea se realiz\u00f3 por la ma\u00f1ana en el hall central del centro de salud y cont\u00f3 con una gran participaci\u00f3n de los compa\u00f1eros del sector, incluidos los jefes de servicio. Durante el debate se hizo presente el dr V\u00edctor Jure, funcionario del Ministerio, acompa\u00f1ado por el director del nosocomio, F\u00e9lix Revol, para comprometerse a dar una respuesta concreta al reclamo por la reincorporaci\u00f3n de la totalidad de los 16 compa\u00f1eros que vencieron sus contratos el pasado 31 de marzo, al tiempo que confirm\u00f3 que ocho de esos trabajadores comenzar\u00e1n a trabajar ma\u00f1ana mismo.<\/p>\n<p>Convocadas por ATE y otras organizaciones representativas del hospital, la seguidilla de asambleas comenz\u00f3 el lunes pasado ante el riesgo de la ca\u00edda de servicios que implica la falta de estos compa\u00f1eros. Adem\u00e1s, los trabajadores denunciaron que la baja permanente de personal de planta permanente, ya que las autoridades no vienen reemplazando los cargos que se jubilan o dejan el hospital por distintas razones.<\/p>\n<p><a href=\"http:\/\/www.atecordoba.org\/wp-content\/uploads\/2015\/04\/IMG-20150409-WA0008.jpg\"><img loading=\"lazy\" decoding=\"async\" class=\"aligncenter wp-image-5060\" src=\"http:\/\/www.atecordoba.org\/wp-content\/uploads\/2015\/04\/IMG-20150409-WA0008.jpg\" alt=\"IMG-20150409-WA0008\" width=\"523\" height=\"392\" \/><\/a><\/p>\n<p>Esta situaci\u00f3n fue admitida por la direcci\u00f3n del hospital durante la asamblea de hoy, cuando ante todos los presentes Revol inform\u00f3 que el centro de salud perdi\u00f3 un promedio de 30 cargos por a\u00f1o desde el 2007 a esta parte (alrededor de 240) y que s\u00f3lo se incorporaron 48 nuevos trabajadores. De esta forma, dejaron la planta permanente 200 compa\u00f1eros cuyos cargos no cubri\u00f3 el hospital, resintiendo la atenci\u00f3n, achicando la cantidad de camas y redoblando la carga laboral sobre el plantel remanente. Esta situaci\u00f3n afect\u00f3 la atenci\u00f3n de los pacientes al tiempo que atent\u00f3 contra la calidad del servicio que prestan los trabajadores, al punto que aumentaron exponencialmente las carpetas m\u00e9dicas de trabajadores saturados por la situaci\u00f3n.\u00a0El propio Revol sostuvo que no se reemplazaron los cargos a pesar de la evidente necesidad que expresa el hospital.<\/p>\n<p>En la oportunidad, los trabajadores expresaron tambi\u00e9n la falencias edilicias que tiene el hospital, con un mal estado general de las instalaciones, falta de ba\u00f1os para el p\u00fablico, etc.<\/p>\n<p>Jure solicit\u00f3 a la asamblea hasta el lunes 13 del corriente\u00a0para poner al tanto de la situaci\u00f3n al ministro de Salud, Francisco Fortuna, y volver con una respuesta, en principio, por la falta de trabajadores para sostener los servicios que presta el hospital, que es centro de salud de referencia provincial en la especialidad de traumatolog\u00eda.<\/p>\n<p><a href=\"http:\/\/www.atecordoba.org\/wp-content\/uploads\/2015\/04\/IMG-20150409-WA0007-e1428608150974.jpg\"><img loading=\"lazy\" decoding=\"async\" class=\"aligncenter  wp-image-5061\" src=\"http:\/\/www.atecordoba.org\/wp-content\/uploads\/2015\/04\/IMG-20150409-WA0007-e1428608150974.jpg\" alt=\"IMG-20150409-WA0007\" width=\"491\" height=\"369\" \/><\/a><\/p>\n<p>&nbsp;<\/p>\n<p>En ese sentido, los trabajadores solicitaron que al momento de incorporar nuevo personal, al margen de los 16 contratados, el Ministerio priorice a los familiares de los compa\u00f1eros con mayor antig\u00fcedad del hospital.<\/p>\n<p>Ante la suspensi\u00f3n de la asamblea prevista para ma\u00f1ana viernes, los trabajadores se reunir\u00e1n el lunes a las 10 horas en la direcci\u00f3n del hospital a los efectos de conocer la respuesta del Ministerio. El cuerpo de delegados de ATE felicita a los compa\u00f1eros por el compromiso mostrado en el conflicto y se compromete a mantener el estado de alerta hasta tanto se efectivicen las designaciones reclamadas.<\/p>\n","protected":false},"excerpt":{"rendered":"<p>En una asamblea realizada hoy en el Hospital Tr\u00e1nsito C\u00e1ceres de Allende, los trabajadores resolvieron suspender hasta el lunes pr\u00f3ximo el estado de asamblea despu\u00e9s que el Ministerio de Salud de la provincia se comprometiera durante la reuni\u00f3n a dar una respuesta al pedido de reincorporaci\u00f3n de la totalidad de los 16 compa\u00f1eros\u00a0que hab\u00edan finalizado [&hellip;]<\/p>\n","protected":false},"author":1,"featured_media":19220,"comment_status":"open","ping_status":"open","sticky":false,"template":"","format":"standard","meta":{"_exactmetrics_skip_tracking":false,"_exactmetrics_sitenote_active":false,"_exactmetrics_sitenote_note":"","_exactmetrics_sitenote_category":0,"jnews-multi-image_gallery":[],"jnews_single_post":[],"jnews_primary_category":[],"jnews_social_meta":[],"jnews_review":[],"enable_review":"","type":"","name":"","summary":"","brand":"","sku":"","good":[],"bad":[],"score_override":"","override_value":"","rating":[],"price":[],"jnews_override_counter":[],"jnews_post_split":[],"footnotes":""},"categories":[7,8],"tags":[],"class_list":["post-5058","post","type-post","status-publish","format-standard","has-post-thumbnail","hentry","category-hospitales","category-provinciales"],"jetpack_featured_media_url":"https:\/\/atecordoba.org\/wp-content\/uploads\/2020\/05\/logo-nuevochico-e1561581322808.png","_links":{"self":[{"href":"https:\/\/atecordoba.org\/index.php?rest_route=\/wp\/v2\/posts\/5058","targetHints":{"allow":["GET"]}}],"collection":[{"href":"https:\/\/atecordoba.org\/index.php?rest_route=\/wp\/v2\/posts"}],"about":[{"href":"https:\/\/atecordoba.org\/index.php?rest_route=\/wp\/v2\/types\/post"}],"author":[{"embeddable":true,"href":"https:\/\/atecordoba.org\/index.php?rest_route=\/wp\/v2\/users\/1"}],"replies":[{"embeddable":true,"href":"https:\/\/atecordoba.org\/index.php?rest_route=%2Fwp%2Fv2%2Fcomments&post=5058"}],"version-history":[{"count":0,"href":"https:\/\/atecordoba.org\/index.php?rest_route=\/wp\/v2\/posts\/5058\/revisions"}],"wp:featuredmedia":[{"embeddable":true,"href":"https:\/\/atecordoba.org\/index.php?rest_route=\/wp\/v2\/media\/19220"}],"wp:attachment":[{"href":"https:\/\/atecordoba.org\/index.php?rest_route=%2Fwp%2Fv2%2Fmedia&parent=5058"}],"wp:term":[{"taxonomy":"category","embeddable":true,"href":"https:\/\/atecordoba.org\/index.php?rest_route=%2Fwp%2Fv2%2Fcategories&post=5058"},{"taxonomy":"post_tag","embeddable":true,"href":"https:\/\/atecordoba.org\/index.php?rest_route=%2Fwp%2Fv2%2Ftags&post=5058"}],"curies":[{"name":"wp","href":"https:\/\/api.w.org\/{rel}","templated":true}]}}