{"id":50573,"date":"2025-09-10T10:26:51","date_gmt":"2025-09-10T13:26:51","guid":{"rendered":"https:\/\/atecordoba.org\/?p=50573"},"modified":"2025-09-12T16:00:13","modified_gmt":"2025-09-12T19:00:13","slug":"aguiar-y-giuliani-en-un-encuentro-sindical-en-buenos-aires","status":"publish","type":"post","link":"https:\/\/atecordoba.org\/?p=50573","title":{"rendered":"Aguiar y Giuliani disertar\u00e1n en un Encuentro Sindical Combativo en Buenos Aires"},"content":{"rendered":"<p><img loading=\"lazy\" decoding=\"async\" class=\"aligncenter wp-image-50574 \" src=\"https:\/\/atecordoba.org\/wp-content\/uploads\/2025\/09\/flyer-encuentro-sindical-11-9-25-1024x1024.jpg\" alt=\"\" width=\"612\" height=\"612\" srcset=\"https:\/\/atecordoba.org\/wp-content\/uploads\/2025\/09\/flyer-encuentro-sindical-11-9-25-1024x1024.jpg 1024w, https:\/\/atecordoba.org\/wp-content\/uploads\/2025\/09\/flyer-encuentro-sindical-11-9-25-300x300.jpg 300w, https:\/\/atecordoba.org\/wp-content\/uploads\/2025\/09\/flyer-encuentro-sindical-11-9-25-150x150.jpg 150w, https:\/\/atecordoba.org\/wp-content\/uploads\/2025\/09\/flyer-encuentro-sindical-11-9-25-768x768.jpg 768w, https:\/\/atecordoba.org\/wp-content\/uploads\/2025\/09\/flyer-encuentro-sindical-11-9-25-560x560.jpg 560w, https:\/\/atecordoba.org\/wp-content\/uploads\/2025\/09\/flyer-encuentro-sindical-11-9-25-75x75.jpg 75w, https:\/\/atecordoba.org\/wp-content\/uploads\/2025\/09\/flyer-encuentro-sindical-11-9-25-350x350.jpg 350w, https:\/\/atecordoba.org\/wp-content\/uploads\/2025\/09\/flyer-encuentro-sindical-11-9-25-750x750.jpg 750w, https:\/\/atecordoba.org\/wp-content\/uploads\/2025\/09\/flyer-encuentro-sindical-11-9-25-1140x1140.jpg 1140w, https:\/\/atecordoba.org\/wp-content\/uploads\/2025\/09\/flyer-encuentro-sindical-11-9-25.jpg 1280w\" sizes=\"auto, (max-width: 612px) 100vw, 612px\" \/>El Secretario General de ATE y la CTA Aut\u00f3noma C\u00f3rdoba, Federico Giuliani, junto al Secretario General de la ATE Nacional, Rodolfo Aguiar, integran el panel de dirigentes del Encuentro Sindical que tendr\u00e1 lugar este jueves 11 de septiembre en el Club Espa\u00f1ol, Bernardo de Irigoyen 172\/180, de Capital Federal.<\/p>\n<h3><strong>El programa<\/strong><\/h3>\n<p><strong>10 horas:<\/strong>\u00a0<em>Criminalizaci\u00f3n del Derecho a la Protesta, restricci\u00f3n del Derecho de Huelga.<\/em><\/p>\n<p><strong>Panel:<\/strong><\/p>\n<p><strong>* Mar\u00eda Paula Lozano.<\/strong>\u00a0Abogada laboralista y feminista, Licenciada en Sociolog\u00eda.<\/p>\n<p><strong>*Juan Carlos Capurro.<\/strong>\u00a0Abogado Penalista, especialista en Derecho del Trabajo y Derechos Humanos. Letrado de ATE Nacional\u00b7<\/p>\n<p><strong>*Eugenio Biafore.<\/strong>\u00a0Abogado laboralista. Asesor letrado de ATE C\u00f3rdoba.<\/p>\n<p><strong>Coordina:<\/strong><\/p>\n<p><strong>*Mat\u00edas Cremonte.<\/strong>\u00a0Presidente de Asociaci\u00f3n Latinoamericana de Abogados Laboralistas. Asesor letrado de ATE y la Federaci\u00f3n de Aceiteros.<\/p>\n<p><strong>11.30 horas:<\/strong>\u00a0<em>La acci\u00f3n sindical frente a la situaci\u00f3n de la clase trabajadora.<\/em><\/p>\n<p><strong>Panel:<\/strong><\/p>\n<p><strong>*Daniel Yofra.<\/strong>\u00a0Secretario General de la Federaci\u00f3n de Trabajadores del Complejo Industrial Oleaginoso, Desmotadores de Algod\u00f3n y Afines de la Rep\u00fablica Argentina (FTCIODyARA).<\/p>\n<p><strong>*Abel Furl\u00e1n.<\/strong>\u00a0Secretario General de la Uni\u00f3n Obrera Metal\u00fargica (UOM).<\/p>\n<p><strong>*Rodolfo Aguiar.<\/strong>\u00a0Secretario General de la Asociaci\u00f3n Trabajadores del Estado (ATE).<\/p>\n<p><strong>*Carla Gaudensi.<\/strong>\u00a0Secretaria General de la Federaci\u00f3n Argentina de Trabajadores de Prensa (FATPREN).<\/p>\n<p><strong>*Federico Giuliani.<\/strong>\u00a0Secretario General de ATE y la CTA Aut\u00f3noma C\u00f3rdoba.<\/p>\n<p><strong>Coordina:<\/strong><\/p>\n<p><strong>*Sol Calle.\u00a0<\/strong>Asesora de la UOM.<\/p>\n<p><strong>Organizan:<\/strong>\u00a0<em>FTCIODyARA; ATE; UOM; FATPREN<\/em><\/p>\n","protected":false},"excerpt":{"rendered":"<p>El Secretario General de ATE y la CTA Aut\u00f3noma C\u00f3rdoba, Federico Giuliani, junto al Secretario General de la ATE Nacional, Rodolfo Aguiar, integran el panel de dirigentes del Encuentro Sindical que tendr\u00e1 lugar este jueves 11 de septiembre en el Club Espa\u00f1ol, Bernardo de Irigoyen 172\/180, de Capital Federal. El programa 10 horas:\u00a0Criminalizaci\u00f3n del Derecho [&hellip;]<\/p>\n","protected":false},"author":7,"featured_media":50575,"comment_status":"open","ping_status":"open","sticky":false,"template":"","format":"standard","meta":{"_exactmetrics_skip_tracking":false,"_exactmetrics_sitenote_active":false,"_exactmetrics_sitenote_note":"","_exactmetrics_sitenote_category":0,"jnews-multi-image_gallery":[],"jnews_single_post":{"format":"standard","override":[{"template":"1","parallax":"1","fullscreen":"1","layout":"no-sidebar-narrow","sidebar":"default-sidebar","second_sidebar":"default-sidebar","sticky_sidebar":"1","share_position":"bottom","share_float_style":"share-monocrhome","show_share_counter":"1","show_view_counter":"1","show_post_meta":"1","show_post_author_image":"1","show_post_date":"1","post_date_format":"default","post_date_format_custom":"Y\/m\/d","show_post_category":"1","show_post_reading_time":"0","post_reading_time_wpm":"300","post_calculate_word_method":"str_word_count","show_zoom_button":"0","zoom_button_out_step":"2","zoom_button_in_step":"3","show_post_tag":"1","number_popup_post":"1","show_post_related":"1","show_inline_post_related":"0"}],"image_override":[{"single_post_thumbnail_size":"crop-500","single_post_gallery_size":"crop-500"}],"trending_post_position":"meta","trending_post_label":"Trending","sponsored_post_label":"Sponsored by","disable_ad":"0"},"jnews_primary_category":[],"jnews_social_meta":[],"jnews_review":[],"enable_review":"","type":"percentage","name":"","summary":"","brand":"","sku":"","good":[],"bad":[],"score_override":"","override_value":"","rating":[],"price":[],"jnews_override_counter":{"view_counter_number":"0","share_counter_number":"0","like_counter_number":"0","dislike_counter_number":"0"},"jnews_post_split":{"post_split":[{"template":"1","tag":"h2","numbering":"asc","mode":"normal","first":"0","enable_toc":"0","toc_type":"normal"}]},"footnotes":""},"categories":[10],"tags":[],"class_list":["post-50573","post","type-post","status-publish","format-standard","has-post-thumbnail","hentry","category-accion-politica"],"jetpack_featured_media_url":"https:\/\/atecordoba.org\/wp-content\/uploads\/2025\/09\/WhatsApp-Image-2025-03-05-at-14.07.00-1.jpeg","_links":{"self":[{"href":"https:\/\/atecordoba.org\/index.php?rest_route=\/wp\/v2\/posts\/50573","targetHints":{"allow":["GET"]}}],"collection":[{"href":"https:\/\/atecordoba.org\/index.php?rest_route=\/wp\/v2\/posts"}],"about":[{"href":"https:\/\/atecordoba.org\/index.php?rest_route=\/wp\/v2\/types\/post"}],"author":[{"embeddable":true,"href":"https:\/\/atecordoba.org\/index.php?rest_route=\/wp\/v2\/users\/7"}],"replies":[{"embeddable":true,"href":"https:\/\/atecordoba.org\/index.php?rest_route=%2Fwp%2Fv2%2Fcomments&post=50573"}],"version-history":[{"count":3,"href":"https:\/\/atecordoba.org\/index.php?rest_route=\/wp\/v2\/posts\/50573\/revisions"}],"predecessor-version":[{"id":50684,"href":"https:\/\/atecordoba.org\/index.php?rest_route=\/wp\/v2\/posts\/50573\/revisions\/50684"}],"wp:featuredmedia":[{"embeddable":true,"href":"https:\/\/atecordoba.org\/index.php?rest_route=\/wp\/v2\/media\/50575"}],"wp:attachment":[{"href":"https:\/\/atecordoba.org\/index.php?rest_route=%2Fwp%2Fv2%2Fmedia&parent=50573"}],"wp:term":[{"taxonomy":"category","embeddable":true,"href":"https:\/\/atecordoba.org\/index.php?rest_route=%2Fwp%2Fv2%2Fcategories&post=50573"},{"taxonomy":"post_tag","embeddable":true,"href":"https:\/\/atecordoba.org\/index.php?rest_route=%2Fwp%2Fv2%2Ftags&post=50573"}],"curies":[{"name":"wp","href":"https:\/\/api.w.org\/{rel}","templated":true}]}}