{"id":5056,"date":"2015-04-07T19:03:44","date_gmt":"2015-04-07T22:03:44","guid":{"rendered":"http:\/\/www.atecordoba.org\/?p=5056"},"modified":"2015-04-07T19:03:44","modified_gmt":"2015-04-07T22:03:44","slug":"convocatoria-a-asamblea-general-ordinaria","status":"publish","type":"post","link":"https:\/\/atecordoba.org\/?p=5056","title":{"rendered":"Convocatoria a asamblea general ordinaria"},"content":{"rendered":"<p><em>El Consejo Directivo Provincial C\u00f3rdoba (CDP) de la Asociaci\u00f3n Trabajadores del Estado convoca a los afiliados de nuestro gremio a la asamblea general ordinaria, a realizarse el pr\u00f3ximo viernes 10 de abril, a las 17 horas, en Parana 140, ciudad de C\u00f3rdoba. <\/em><\/p>\n<p><a href=\"http:\/\/www.atecordoba.org\/wp-content\/uploads\/2014\/05\/vista-general.png\"><img loading=\"lazy\" decoding=\"async\" class=\"aligncenter  wp-image-4133\" src=\"http:\/\/www.atecordoba.org\/wp-content\/uploads\/2014\/05\/vista-general.png\" alt=\"vista general\" width=\"585\" height=\"329\" \/><\/a><\/p>\n<p>En la oportunidad se elegir\u00e1n los congresales de este CDP que participaran del Congreso Anual Ordinario y Extraordinario que se realizar\u00e1 el pr\u00f3ximo 24 del corriente en la Seccional de R\u00edo Tercero.<\/p>\n<p style=\"text-align: right;\">Mar\u00eda Teresa Romero<\/p>\n<p style=\"text-align: right;\">Secretaria General<\/p>\n","protected":false},"excerpt":{"rendered":"<p>El Consejo Directivo Provincial C\u00f3rdoba (CDP) de la Asociaci\u00f3n Trabajadores del Estado convoca a los afiliados de nuestro gremio a la asamblea general ordinaria, a realizarse el pr\u00f3ximo viernes 10 de abril, a las 17 horas, en Parana 140, ciudad de C\u00f3rdoba. En la oportunidad se elegir\u00e1n los congresales de este CDP que participaran del [&hellip;]<\/p>\n","protected":false},"author":1,"featured_media":19220,"comment_status":"open","ping_status":"open","sticky":false,"template":"","format":"standard","meta":{"_exactmetrics_skip_tracking":false,"_exactmetrics_sitenote_active":false,"_exactmetrics_sitenote_note":"","_exactmetrics_sitenote_category":0,"jnews-multi-image_gallery":[],"jnews_single_post":[],"jnews_primary_category":[],"jnews_social_meta":[],"jnews_review":[],"enable_review":"","type":"","name":"","summary":"","brand":"","sku":"","good":[],"bad":[],"score_override":"","override_value":"","rating":[],"price":[],"jnews_override_counter":[],"jnews_post_split":[],"footnotes":""},"categories":[1],"tags":[],"class_list":["post-5056","post","type-post","status-publish","format-standard","has-post-thumbnail","hentry","category-sin-categoria"],"jetpack_featured_media_url":"https:\/\/atecordoba.org\/wp-content\/uploads\/2020\/05\/logo-nuevochico-e1561581322808.png","_links":{"self":[{"href":"https:\/\/atecordoba.org\/index.php?rest_route=\/wp\/v2\/posts\/5056","targetHints":{"allow":["GET"]}}],"collection":[{"href":"https:\/\/atecordoba.org\/index.php?rest_route=\/wp\/v2\/posts"}],"about":[{"href":"https:\/\/atecordoba.org\/index.php?rest_route=\/wp\/v2\/types\/post"}],"author":[{"embeddable":true,"href":"https:\/\/atecordoba.org\/index.php?rest_route=\/wp\/v2\/users\/1"}],"replies":[{"embeddable":true,"href":"https:\/\/atecordoba.org\/index.php?rest_route=%2Fwp%2Fv2%2Fcomments&post=5056"}],"version-history":[{"count":0,"href":"https:\/\/atecordoba.org\/index.php?rest_route=\/wp\/v2\/posts\/5056\/revisions"}],"wp:featuredmedia":[{"embeddable":true,"href":"https:\/\/atecordoba.org\/index.php?rest_route=\/wp\/v2\/media\/19220"}],"wp:attachment":[{"href":"https:\/\/atecordoba.org\/index.php?rest_route=%2Fwp%2Fv2%2Fmedia&parent=5056"}],"wp:term":[{"taxonomy":"category","embeddable":true,"href":"https:\/\/atecordoba.org\/index.php?rest_route=%2Fwp%2Fv2%2Fcategories&post=5056"},{"taxonomy":"post_tag","embeddable":true,"href":"https:\/\/atecordoba.org\/index.php?rest_route=%2Fwp%2Fv2%2Ftags&post=5056"}],"curies":[{"name":"wp","href":"https:\/\/api.w.org\/{rel}","templated":true}]}}