{"id":50554,"date":"2025-09-09T15:01:40","date_gmt":"2025-09-09T18:01:40","guid":{"rendered":"https:\/\/atecordoba.org\/?p=50554"},"modified":"2025-09-09T15:01:58","modified_gmt":"2025-09-09T18:01:58","slug":"ate-gano-la-calle-nuevamente-y-se-movilizo-a-la-secretaria-de-trabajo-de-la-nacion","status":"publish","type":"post","link":"https:\/\/atecordoba.org\/?p=50554","title":{"rendered":"ATE gan\u00f3 la calle nuevamente y se moviliz\u00f3 a la Secretar\u00eda de Trabajo de la Naci\u00f3n"},"content":{"rendered":"<p><img loading=\"lazy\" decoding=\"async\" class=\"aligncenter wp-image-50555 \" src=\"https:\/\/atecordoba.org\/wp-content\/uploads\/2025\/09\/WhatsApp-Image-2025-09-09-at-13.59.34-1024x770.jpeg\" alt=\"\" width=\"614\" height=\"462\" srcset=\"https:\/\/atecordoba.org\/wp-content\/uploads\/2025\/09\/WhatsApp-Image-2025-09-09-at-13.59.34-1024x770.jpeg 1024w, https:\/\/atecordoba.org\/wp-content\/uploads\/2025\/09\/WhatsApp-Image-2025-09-09-at-13.59.34-300x226.jpeg 300w, https:\/\/atecordoba.org\/wp-content\/uploads\/2025\/09\/WhatsApp-Image-2025-09-09-at-13.59.34-768x578.jpeg 768w, https:\/\/atecordoba.org\/wp-content\/uploads\/2025\/09\/WhatsApp-Image-2025-09-09-at-13.59.34-750x564.jpeg 750w, https:\/\/atecordoba.org\/wp-content\/uploads\/2025\/09\/WhatsApp-Image-2025-09-09-at-13.59.34-1140x858.jpeg 1140w, https:\/\/atecordoba.org\/wp-content\/uploads\/2025\/09\/WhatsApp-Image-2025-09-09-at-13.59.34.jpeg 1280w\" sizes=\"auto, (max-width: 614px) 100vw, 614px\" \/>ATE c\u00f3rdoba se moviliz\u00f3 hoy a la Secretaria de Trabajo en el marco de la Jornada Nacional de Protesta <a href=\"https:\/\/atecordoba.org\/?p=50491\">resuelta por la conducci\u00f3n nacional<\/a> en reclamo de la reincorporaci\u00f3n inmediata de todos los\/as trabajadores\/as despedidos del Estado Nacional, Provincial y Municipal, por una verdadera recomposici\u00f3n salarial y contra los pases a disponibilidad\u00a0 que est\u00e1 implementando el gobierno de Milei, medida que hoy tuvo<a href=\"https:\/\/atecordoba.org\/?p=50550\"> un fuerte rev\u00e9s en la Justicia<\/a> cuando dio lugar a una cautelar que orden\u00f3 su suspensi\u00f3n en el Instituto Nacional de Vitivinicultura. <img loading=\"lazy\" decoding=\"async\" class=\"aligncenter wp-image-50556 \" src=\"https:\/\/atecordoba.org\/wp-content\/uploads\/2025\/09\/WhatsApp-Image-2025-09-09-at-13.59.43-2-1024x770.jpeg\" alt=\"\" width=\"610\" height=\"459\" srcset=\"https:\/\/atecordoba.org\/wp-content\/uploads\/2025\/09\/WhatsApp-Image-2025-09-09-at-13.59.43-2-1024x770.jpeg 1024w, https:\/\/atecordoba.org\/wp-content\/uploads\/2025\/09\/WhatsApp-Image-2025-09-09-at-13.59.43-2-300x226.jpeg 300w, https:\/\/atecordoba.org\/wp-content\/uploads\/2025\/09\/WhatsApp-Image-2025-09-09-at-13.59.43-2-768x578.jpeg 768w, https:\/\/atecordoba.org\/wp-content\/uploads\/2025\/09\/WhatsApp-Image-2025-09-09-at-13.59.43-2-750x564.jpeg 750w, https:\/\/atecordoba.org\/wp-content\/uploads\/2025\/09\/WhatsApp-Image-2025-09-09-at-13.59.43-2-1140x858.jpeg 1140w, https:\/\/atecordoba.org\/wp-content\/uploads\/2025\/09\/WhatsApp-Image-2025-09-09-at-13.59.43-2.jpeg 1280w\" sizes=\"auto, (max-width: 610px) 100vw, 610px\" \/><\/p>\n<p>Desde las 10 horas, una ruidosa radio abierta concentr\u00f3 frente al edificio de 27 de abril 351 con trabajadores y trabajadoras del Ministerio de Trabajo, de Desarrollos Social y Senaf de la Naci\u00f3n, ANAC, Personal Civil de las Fuerzas Armadas, SENASA, ANSES, provinciales del sector salud, municipales de R\u00edo Primero, fabriqueros de la FFMM de Villa Mar\u00eda y la conducci\u00f3n de la Seccional ATE Cruz del Eje.<\/p>\n<p>En ese marco, el secretario General de ATE C\u00f3rdobas, Federico Giuliani, afirm\u00f3 a los presentes que &#8220;hoy nos juntamos a compartir pan y mate cocido para demostrar que los y las estatales vivimos debajo de la l\u00ednea de la pobreza&#8221;.<img loading=\"lazy\" decoding=\"async\" class=\"aligncenter wp-image-50557 \" src=\"https:\/\/atecordoba.org\/wp-content\/uploads\/2025\/09\/WhatsApp-Image-2025-09-09-at-13.59.44-2-770x1024.jpeg\" alt=\"\" width=\"623\" height=\"829\" srcset=\"https:\/\/atecordoba.org\/wp-content\/uploads\/2025\/09\/WhatsApp-Image-2025-09-09-at-13.59.44-2-770x1024.jpeg 770w, https:\/\/atecordoba.org\/wp-content\/uploads\/2025\/09\/WhatsApp-Image-2025-09-09-at-13.59.44-2-226x300.jpeg 226w, https:\/\/atecordoba.org\/wp-content\/uploads\/2025\/09\/WhatsApp-Image-2025-09-09-at-13.59.44-2-768x1021.jpeg 768w, https:\/\/atecordoba.org\/wp-content\/uploads\/2025\/09\/WhatsApp-Image-2025-09-09-at-13.59.44-2-750x997.jpeg 750w, https:\/\/atecordoba.org\/wp-content\/uploads\/2025\/09\/WhatsApp-Image-2025-09-09-at-13.59.44-2.jpeg 963w\" sizes=\"auto, (max-width: 623px) 100vw, 623px\" \/><\/p>\n<p>El dirigente destac\u00f3 que la Secretar\u00eda de Trabajo &#8220;es el \u00fanico organismo nacional que qued\u00f3 en pie en C\u00f3rdoba a donde podemos venir a manifestarnos para reclamar&#8221;, dando cuenta el nivel atroz de ajuste que el gobierno de Milei impuso sobre el Estado nacional en la provincia. Y a\u00f1adi\u00f3 que ATE reclama &#8220;la urgente reapertura de las paritarias, sin repetir la pantomima del \u00faltimo a\u00f1o y medio de Milei con la complicidad de UPCN de entregar el salario de los laburantes ya que venimos con una p\u00e9rdida de poder adquisitivo dese que asumi\u00f3 este gobierno de un 40%&#8221;.<\/p>\n<p>&#8220;Queremos una recomposici\u00f3n en serio y exigimos la reincorporaci\u00f3n de los y las estatales despedidos,, que en C\u00f3rdoba alcanzan 400 compa\u00f1eros y compa\u00f1eras, entre despidos directos, cierres de organismos y retiros voluntarios&#8221;, dijo.<img loading=\"lazy\" decoding=\"async\" class=\"alignleft wp-image-50558 \" src=\"https:\/\/atecordoba.org\/wp-content\/uploads\/2025\/09\/WhatsApp-Image-2025-09-09-at-13.59.45-1-770x1024.jpeg\" alt=\"\" width=\"360\" height=\"479\" srcset=\"https:\/\/atecordoba.org\/wp-content\/uploads\/2025\/09\/WhatsApp-Image-2025-09-09-at-13.59.45-1-770x1024.jpeg 770w, https:\/\/atecordoba.org\/wp-content\/uploads\/2025\/09\/WhatsApp-Image-2025-09-09-at-13.59.45-1-226x300.jpeg 226w, https:\/\/atecordoba.org\/wp-content\/uploads\/2025\/09\/WhatsApp-Image-2025-09-09-at-13.59.45-1-768x1021.jpeg 768w, https:\/\/atecordoba.org\/wp-content\/uploads\/2025\/09\/WhatsApp-Image-2025-09-09-at-13.59.45-1-750x997.jpeg 750w, https:\/\/atecordoba.org\/wp-content\/uploads\/2025\/09\/WhatsApp-Image-2025-09-09-at-13.59.45-1.jpeg 963w\" sizes=\"auto, (max-width: 360px) 100vw, 360px\" \/><\/p>\n<p>&#8220;De la misma forma reclamamos el cese de los pases a disponibilidad de aquellos organismo cerrados como Desarrollo Social de la Naci\u00f3n y SENAF Nacional de compa\u00f1eros que van a quedar en la calle si no consiguen otras dependencias donde cumplir sus funciones&#8221;, denunci\u00f3 Giuliani.<\/p>\n<p>Por \u00faltimo el dirigente estatal afirm\u00f3 que &#8220;hoy vemos nuevamente un operativo policial desmedido para una protesta pac\u00edfica lo que demuestra que a mayor conflictividad aumenta la represi\u00f3n. Ante este cuadro ATE seguir\u00e1 en la calle continuando el plan de lucha que venimos desarrollando desde que asumi\u00f3 Milei&#8221;.<\/p>\n<h4><strong>Elecciones<\/strong><\/h4>\n<p>Consultado por la prensa sobre su mirada de las elecciones del domingo pasado en provincia de Buenos Aires, el secretario General de ATE C\u00f3rdoba remarc\u00f3 que &#8220;claramente el bolsillo es el \u00f3rgano m\u00e1s sensible del cuerpo, como dec\u00eda Per\u00f3n&#8221;.<\/p>\n<p>Por eso interpret\u00f3 que el resultado electoral no fue solo voto bronca por su estilo comunicaci\u00f3n, por los casos de corrupci\u00f3n sino tambi\u00e9n porque la gente tiene hambre y por eso vot\u00f3 para que este gobierno se vaya. &#8221;<\/p>\n<p>Ojal\u00e1 sea en comienzo de la ca\u00edda de Javier Milei, esto no se sostiene m\u00e1s. \u00c9l responde a los mercados pero el d\u00f3lar sigue aumentando y va a aumentar m\u00e1s aun el costo de vida en Argentina y los salarios se pulverizan. Es importante que se repita en las elecciones de octubre. Claramente C\u00f3rdoba no es la provincia de Buenos Aires, ac\u00e1 hay m\u00e1s opciones de derecha que nacionales y populares pero am\u00e9n de eso hay que ver c\u00f3mo queda la situaci\u00f3n del gobierno despu\u00e9s de octubre cuando tengan que salir a pagar las deudas con el Fondo, porque se le va a complicar y ah\u00ed estaremos las organizaciones combativas en la calle para seguir limando este gobierno hasta que se vaya&#8221;, advirti\u00f3.<img loading=\"lazy\" decoding=\"async\" class=\"alignright wp-image-50559 \" src=\"https:\/\/atecordoba.org\/wp-content\/uploads\/2025\/09\/WhatsApp-Image-2025-09-09-at-13.59.39-770x1024.jpeg\" alt=\"\" width=\"361\" height=\"480\" srcset=\"https:\/\/atecordoba.org\/wp-content\/uploads\/2025\/09\/WhatsApp-Image-2025-09-09-at-13.59.39-770x1024.jpeg 770w, https:\/\/atecordoba.org\/wp-content\/uploads\/2025\/09\/WhatsApp-Image-2025-09-09-at-13.59.39-226x300.jpeg 226w, https:\/\/atecordoba.org\/wp-content\/uploads\/2025\/09\/WhatsApp-Image-2025-09-09-at-13.59.39-768x1021.jpeg 768w, https:\/\/atecordoba.org\/wp-content\/uploads\/2025\/09\/WhatsApp-Image-2025-09-09-at-13.59.39-750x997.jpeg 750w, https:\/\/atecordoba.org\/wp-content\/uploads\/2025\/09\/WhatsApp-Image-2025-09-09-at-13.59.39.jpeg 963w\" sizes=\"auto, (max-width: 361px) 100vw, 361px\" \/><\/p>\n<h4>Represi\u00f3n y persecuci\u00f3n judicial<\/h4>\n<p>Por otro lado, Giuliani fue consultado respecto a la represi\u00f3n que sufri\u00f3 junto a compa\u00f1eros y compa\u00f1eras de la FeNaT-CTAA en la Municipalidad de C\u00f3rdoba, donde sufri\u00f3 graves lesiones durante su detenci\u00f3n.<\/p>\n<p>&#8220;Fue una locura. En la detenci\u00f3n sufr\u00ed fractura de codo, con desgarro ligamentario y muscular, y l\u00edquido en el codo por lo que voy a tener que hacer una larga recuperaci\u00f3n&#8221;, explic\u00f3.<\/p>\n<p>&#8220;Obviamente vamos a hacer la denuncia correspondiente por abuso institucional. A m\u00ed me acusan por tres delitos, me internaron en un pabell\u00f3n con presos comunes solo por manifestarme, tuve la suerte que una jueza al enterarse de mi situaci\u00f3n orden\u00f3 que me liberaran y ahora \u00a0estamos a disposici\u00f3n de la Justicia, esperando que el fiscal De Arag\u00f3n me cite a declarar, un funcionario ensa\u00f1ado con meterme preso por ejercer el derecho a la protesta, que es constitucional. Los responsables pol\u00edticos son el gobernador Mart\u00edn Llaryora y el ministro de Seguridad Juan Pablo Quinteros, que dan rienda suelta a esta polic\u00eda cordobesa tan cuestionada a que le pegue a los laburantes que protestamos en vez de resolver la inseguridad que asola a los habitantes de la provincia&#8221;, finaliz\u00f3 el dirigente.<\/p>\n<div id='gallery_1' class='gallery galleryid-50554 gallery-columns-3 gallery-size-thumbnail'><figure class='gallery-item'>\n                <div class='gallery-icon portrait'>\n                    <a href='https:\/\/atecordoba.org\/wp-content\/uploads\/2025\/09\/WhatsApp-Image-2025-09-09-at-13.59.44.jpeg'><img loading=\"lazy\" decoding=\"async\" width=\"150\" height=\"150\" src=\"\" class=\"attachment-thumbnail size-thumbnail lazyload\" alt=\"\" data-src=\"https:\/\/atecordoba.org\/wp-content\/uploads\/2025\/09\/WhatsApp-Image-2025-09-09-at-13.59.44-150x150.jpeg\" data-sizes=\"auto\" data-srcset=\"https:\/\/atecordoba.org\/wp-content\/uploads\/2025\/09\/WhatsApp-Image-2025-09-09-at-13.59.44-150x150.jpeg 150w, https:\/\/atecordoba.org\/wp-content\/uploads\/2025\/09\/WhatsApp-Image-2025-09-09-at-13.59.44-560x560.jpeg 560w, https:\/\/atecordoba.org\/wp-content\/uploads\/2025\/09\/WhatsApp-Image-2025-09-09-at-13.59.44-75x75.jpeg 75w, https:\/\/atecordoba.org\/wp-content\/uploads\/2025\/09\/WhatsApp-Image-2025-09-09-at-13.59.44-350x350.jpeg 350w\" data-expand=\"700\" \/><\/a>\n                <\/div><\/figure><figure class='gallery-item'>\n                <div class='gallery-icon portrait'>\n                    <a href='https:\/\/atecordoba.org\/wp-content\/uploads\/2025\/09\/WhatsApp-Image-2025-09-09-at-13.59.31.jpeg'><img loading=\"lazy\" decoding=\"async\" width=\"150\" height=\"150\" src=\"\" class=\"attachment-thumbnail size-thumbnail lazyload\" alt=\"\" data-src=\"https:\/\/atecordoba.org\/wp-content\/uploads\/2025\/09\/WhatsApp-Image-2025-09-09-at-13.59.31-150x150.jpeg\" data-sizes=\"auto\" data-srcset=\"https:\/\/atecordoba.org\/wp-content\/uploads\/2025\/09\/WhatsApp-Image-2025-09-09-at-13.59.31-150x150.jpeg 150w, https:\/\/atecordoba.org\/wp-content\/uploads\/2025\/09\/WhatsApp-Image-2025-09-09-at-13.59.31-560x560.jpeg 560w, https:\/\/atecordoba.org\/wp-content\/uploads\/2025\/09\/WhatsApp-Image-2025-09-09-at-13.59.31-75x75.jpeg 75w, https:\/\/atecordoba.org\/wp-content\/uploads\/2025\/09\/WhatsApp-Image-2025-09-09-at-13.59.31-350x350.jpeg 350w\" data-expand=\"700\" \/><\/a>\n                <\/div><\/figure><figure class='gallery-item'>\n                <div class='gallery-icon portrait'>\n                    <a href='https:\/\/atecordoba.org\/wp-content\/uploads\/2025\/09\/WhatsApp-Image-2025-09-09-at-13.59.32.jpeg'><img loading=\"lazy\" decoding=\"async\" width=\"150\" height=\"150\" src=\"\" class=\"attachment-thumbnail size-thumbnail lazyload\" alt=\"\" data-src=\"https:\/\/atecordoba.org\/wp-content\/uploads\/2025\/09\/WhatsApp-Image-2025-09-09-at-13.59.32-150x150.jpeg\" data-sizes=\"auto\" data-srcset=\"https:\/\/atecordoba.org\/wp-content\/uploads\/2025\/09\/WhatsApp-Image-2025-09-09-at-13.59.32-150x150.jpeg 150w, https:\/\/atecordoba.org\/wp-content\/uploads\/2025\/09\/WhatsApp-Image-2025-09-09-at-13.59.32-560x560.jpeg 560w, https:\/\/atecordoba.org\/wp-content\/uploads\/2025\/09\/WhatsApp-Image-2025-09-09-at-13.59.32-75x75.jpeg 75w, https:\/\/atecordoba.org\/wp-content\/uploads\/2025\/09\/WhatsApp-Image-2025-09-09-at-13.59.32-350x350.jpeg 350w\" data-expand=\"700\" \/><\/a>\n                <\/div><\/figure><br style=\"clear: both\" \/><figure class='gallery-item'>\n                <div class='gallery-icon portrait'>\n                    <a href='https:\/\/atecordoba.org\/wp-content\/uploads\/2025\/09\/WhatsApp-Image-2025-09-09-at-13.59.33-1.jpeg'><img loading=\"lazy\" decoding=\"async\" width=\"150\" height=\"150\" src=\"\" class=\"attachment-thumbnail size-thumbnail lazyload\" alt=\"\" data-src=\"https:\/\/atecordoba.org\/wp-content\/uploads\/2025\/09\/WhatsApp-Image-2025-09-09-at-13.59.33-1-150x150.jpeg\" data-sizes=\"auto\" data-srcset=\"https:\/\/atecordoba.org\/wp-content\/uploads\/2025\/09\/WhatsApp-Image-2025-09-09-at-13.59.33-1-150x150.jpeg 150w, https:\/\/atecordoba.org\/wp-content\/uploads\/2025\/09\/WhatsApp-Image-2025-09-09-at-13.59.33-1-560x560.jpeg 560w, https:\/\/atecordoba.org\/wp-content\/uploads\/2025\/09\/WhatsApp-Image-2025-09-09-at-13.59.33-1-75x75.jpeg 75w, https:\/\/atecordoba.org\/wp-content\/uploads\/2025\/09\/WhatsApp-Image-2025-09-09-at-13.59.33-1-350x350.jpeg 350w\" data-expand=\"700\" \/><\/a>\n                <\/div><\/figure><figure class='gallery-item'>\n                <div class='gallery-icon portrait'>\n                    <a href='https:\/\/atecordoba.org\/wp-content\/uploads\/2025\/09\/WhatsApp-Image-2025-09-09-at-13.59.33.jpeg'><img loading=\"lazy\" decoding=\"async\" width=\"150\" height=\"150\" src=\"\" class=\"attachment-thumbnail size-thumbnail lazyload\" alt=\"\" data-src=\"https:\/\/atecordoba.org\/wp-content\/uploads\/2025\/09\/WhatsApp-Image-2025-09-09-at-13.59.33-150x150.jpeg\" data-sizes=\"auto\" data-srcset=\"https:\/\/atecordoba.org\/wp-content\/uploads\/2025\/09\/WhatsApp-Image-2025-09-09-at-13.59.33-150x150.jpeg 150w, https:\/\/atecordoba.org\/wp-content\/uploads\/2025\/09\/WhatsApp-Image-2025-09-09-at-13.59.33-560x560.jpeg 560w, https:\/\/atecordoba.org\/wp-content\/uploads\/2025\/09\/WhatsApp-Image-2025-09-09-at-13.59.33-75x75.jpeg 75w, https:\/\/atecordoba.org\/wp-content\/uploads\/2025\/09\/WhatsApp-Image-2025-09-09-at-13.59.33-350x350.jpeg 350w\" data-expand=\"700\" \/><\/a>\n                <\/div><\/figure><figure class='gallery-item'>\n                <div class='gallery-icon portrait'>\n                    <a href='https:\/\/atecordoba.org\/wp-content\/uploads\/2025\/09\/WhatsApp-Image-2025-09-09-at-13.59.35-2.jpeg'><img loading=\"lazy\" decoding=\"async\" width=\"150\" height=\"150\" src=\"\" class=\"attachment-thumbnail size-thumbnail lazyload\" alt=\"\" data-src=\"https:\/\/atecordoba.org\/wp-content\/uploads\/2025\/09\/WhatsApp-Image-2025-09-09-at-13.59.35-2-150x150.jpeg\" data-sizes=\"auto\" data-srcset=\"https:\/\/atecordoba.org\/wp-content\/uploads\/2025\/09\/WhatsApp-Image-2025-09-09-at-13.59.35-2-150x150.jpeg 150w, https:\/\/atecordoba.org\/wp-content\/uploads\/2025\/09\/WhatsApp-Image-2025-09-09-at-13.59.35-2-560x560.jpeg 560w, https:\/\/atecordoba.org\/wp-content\/uploads\/2025\/09\/WhatsApp-Image-2025-09-09-at-13.59.35-2-75x75.jpeg 75w, https:\/\/atecordoba.org\/wp-content\/uploads\/2025\/09\/WhatsApp-Image-2025-09-09-at-13.59.35-2-350x350.jpeg 350w\" data-expand=\"700\" \/><\/a>\n                <\/div><\/figure><br style=\"clear: both\" \/><figure class='gallery-item'>\n                <div class='gallery-icon portrait'>\n                    <a href='https:\/\/atecordoba.org\/wp-content\/uploads\/2025\/09\/WhatsApp-Image-2025-09-09-at-13.59.37-1.jpeg'><img loading=\"lazy\" decoding=\"async\" width=\"150\" height=\"150\" src=\"\" class=\"attachment-thumbnail size-thumbnail lazyload\" alt=\"\" data-src=\"https:\/\/atecordoba.org\/wp-content\/uploads\/2025\/09\/WhatsApp-Image-2025-09-09-at-13.59.37-1-150x150.jpeg\" data-sizes=\"auto\" data-srcset=\"https:\/\/atecordoba.org\/wp-content\/uploads\/2025\/09\/WhatsApp-Image-2025-09-09-at-13.59.37-1-150x150.jpeg 150w, https:\/\/atecordoba.org\/wp-content\/uploads\/2025\/09\/WhatsApp-Image-2025-09-09-at-13.59.37-1-560x560.jpeg 560w, https:\/\/atecordoba.org\/wp-content\/uploads\/2025\/09\/WhatsApp-Image-2025-09-09-at-13.59.37-1-75x75.jpeg 75w, https:\/\/atecordoba.org\/wp-content\/uploads\/2025\/09\/WhatsApp-Image-2025-09-09-at-13.59.37-1-350x350.jpeg 350w\" data-expand=\"700\" \/><\/a>\n                <\/div><\/figure><figure class='gallery-item'>\n                <div class='gallery-icon portrait'>\n                    <a href='https:\/\/atecordoba.org\/wp-content\/uploads\/2025\/09\/WhatsApp-Image-2025-09-09-at-13.59.38.jpeg'><img loading=\"lazy\" decoding=\"async\" width=\"150\" height=\"150\" src=\"\" class=\"attachment-thumbnail size-thumbnail lazyload\" alt=\"\" data-src=\"https:\/\/atecordoba.org\/wp-content\/uploads\/2025\/09\/WhatsApp-Image-2025-09-09-at-13.59.38-150x150.jpeg\" data-sizes=\"auto\" data-srcset=\"https:\/\/atecordoba.org\/wp-content\/uploads\/2025\/09\/WhatsApp-Image-2025-09-09-at-13.59.38-150x150.jpeg 150w, https:\/\/atecordoba.org\/wp-content\/uploads\/2025\/09\/WhatsApp-Image-2025-09-09-at-13.59.38-560x560.jpeg 560w, https:\/\/atecordoba.org\/wp-content\/uploads\/2025\/09\/WhatsApp-Image-2025-09-09-at-13.59.38-75x75.jpeg 75w, https:\/\/atecordoba.org\/wp-content\/uploads\/2025\/09\/WhatsApp-Image-2025-09-09-at-13.59.38-350x350.jpeg 350w\" data-expand=\"700\" \/><\/a>\n                <\/div><\/figure><figure class='gallery-item'>\n                <div class='gallery-icon portrait'>\n                    <a href='https:\/\/atecordoba.org\/wp-content\/uploads\/2025\/09\/WhatsApp-Image-2025-09-09-at-13.59.40-1.jpeg'><img loading=\"lazy\" decoding=\"async\" width=\"150\" height=\"150\" src=\"\" class=\"attachment-thumbnail size-thumbnail lazyload\" alt=\"\" data-src=\"https:\/\/atecordoba.org\/wp-content\/uploads\/2025\/09\/WhatsApp-Image-2025-09-09-at-13.59.40-1-150x150.jpeg\" data-sizes=\"auto\" data-srcset=\"https:\/\/atecordoba.org\/wp-content\/uploads\/2025\/09\/WhatsApp-Image-2025-09-09-at-13.59.40-1-150x150.jpeg 150w, https:\/\/atecordoba.org\/wp-content\/uploads\/2025\/09\/WhatsApp-Image-2025-09-09-at-13.59.40-1-560x560.jpeg 560w, https:\/\/atecordoba.org\/wp-content\/uploads\/2025\/09\/WhatsApp-Image-2025-09-09-at-13.59.40-1-75x75.jpeg 75w, https:\/\/atecordoba.org\/wp-content\/uploads\/2025\/09\/WhatsApp-Image-2025-09-09-at-13.59.40-1-350x350.jpeg 350w\" data-expand=\"700\" \/><\/a>\n                <\/div><\/figure><br style=\"clear: both\" \/>\n            <\/div>\n\n","protected":false},"excerpt":{"rendered":"<p>ATE c\u00f3rdoba se moviliz\u00f3 hoy a la Secretaria de Trabajo en el marco de la Jornada Nacional de Protesta resuelta por la conducci\u00f3n nacional en reclamo de la reincorporaci\u00f3n inmediata de todos los\/as trabajadores\/as despedidos del Estado Nacional, Provincial y Municipal, por una verdadera recomposici\u00f3n salarial y contra los pases a disponibilidad\u00a0 que est\u00e1 implementando [&hellip;]<\/p>\n","protected":false},"author":7,"featured_media":50557,"comment_status":"open","ping_status":"open","sticky":false,"template":"","format":"standard","meta":{"_exactmetrics_skip_tracking":false,"_exactmetrics_sitenote_active":false,"_exactmetrics_sitenote_note":"","_exactmetrics_sitenote_category":0,"jnews-multi-image_gallery":[],"jnews_single_post":{"format":"standard","override":[{"template":"1","parallax":"1","fullscreen":"1","layout":"no-sidebar-narrow","sidebar":"default-sidebar","second_sidebar":"default-sidebar","sticky_sidebar":"1","share_position":"bottom","share_float_style":"share-monocrhome","show_share_counter":"1","show_view_counter":"1","show_post_meta":"1","show_post_author_image":"1","show_post_date":"1","post_date_format":"default","post_date_format_custom":"Y\/m\/d","show_post_category":"1","show_post_reading_time":"0","post_reading_time_wpm":"300","post_calculate_word_method":"str_word_count","show_zoom_button":"0","zoom_button_out_step":"2","zoom_button_in_step":"3","show_post_tag":"1","number_popup_post":"1","show_post_related":"1","show_inline_post_related":"0"}],"image_override":[{"single_post_thumbnail_size":"crop-500","single_post_gallery_size":"crop-500"}],"trending_post_position":"meta","trending_post_label":"Trending","sponsored_post_label":"Sponsored by","disable_ad":"0"},"jnews_primary_category":[],"jnews_social_meta":[],"jnews_review":[],"enable_review":"","type":"percentage","name":"","summary":"","brand":"","sku":"","good":[],"bad":[],"score_override":"","override_value":"","rating":[],"price":[],"jnews_override_counter":{"view_counter_number":"0","share_counter_number":"0","like_counter_number":"0","dislike_counter_number":"0"},"jnews_post_split":{"post_split":[{"template":"1","tag":"h2","numbering":"asc","mode":"normal","first":"0","enable_toc":"0","toc_type":"normal"}]},"footnotes":""},"categories":[341],"tags":[],"class_list":["post-50554","post","type-post","status-publish","format-standard","has-post-thumbnail","hentry","category-cdp"],"jetpack_featured_media_url":"https:\/\/atecordoba.org\/wp-content\/uploads\/2025\/09\/WhatsApp-Image-2025-09-09-at-13.59.44-2.jpeg","_links":{"self":[{"href":"https:\/\/atecordoba.org\/index.php?rest_route=\/wp\/v2\/posts\/50554","targetHints":{"allow":["GET"]}}],"collection":[{"href":"https:\/\/atecordoba.org\/index.php?rest_route=\/wp\/v2\/posts"}],"about":[{"href":"https:\/\/atecordoba.org\/index.php?rest_route=\/wp\/v2\/types\/post"}],"author":[{"embeddable":true,"href":"https:\/\/atecordoba.org\/index.php?rest_route=\/wp\/v2\/users\/7"}],"replies":[{"embeddable":true,"href":"https:\/\/atecordoba.org\/index.php?rest_route=%2Fwp%2Fv2%2Fcomments&post=50554"}],"version-history":[{"count":2,"href":"https:\/\/atecordoba.org\/index.php?rest_route=\/wp\/v2\/posts\/50554\/revisions"}],"predecessor-version":[{"id":50571,"href":"https:\/\/atecordoba.org\/index.php?rest_route=\/wp\/v2\/posts\/50554\/revisions\/50571"}],"wp:featuredmedia":[{"embeddable":true,"href":"https:\/\/atecordoba.org\/index.php?rest_route=\/wp\/v2\/media\/50557"}],"wp:attachment":[{"href":"https:\/\/atecordoba.org\/index.php?rest_route=%2Fwp%2Fv2%2Fmedia&parent=50554"}],"wp:term":[{"taxonomy":"category","embeddable":true,"href":"https:\/\/atecordoba.org\/index.php?rest_route=%2Fwp%2Fv2%2Fcategories&post=50554"},{"taxonomy":"post_tag","embeddable":true,"href":"https:\/\/atecordoba.org\/index.php?rest_route=%2Fwp%2Fv2%2Ftags&post=50554"}],"curies":[{"name":"wp","href":"https:\/\/api.w.org\/{rel}","templated":true}]}}