{"id":50550,"date":"2025-09-09T13:55:03","date_gmt":"2025-09-09T16:55:03","guid":{"rendered":"https:\/\/atecordoba.org\/?p=50550"},"modified":"2025-09-09T13:55:03","modified_gmt":"2025-09-09T16:55:03","slug":"otro-logro-de-ate-la-justicia-ordena-suspender-pases-a-disponibilidad-del-instituto-nacional-de-vitivinicultura","status":"publish","type":"post","link":"https:\/\/atecordoba.org\/?p=50550","title":{"rendered":"Otro logro de ATE: la Justicia ordena suspender pases a disponibilidad del Instituto Nacional de Vitivinicultura"},"content":{"rendered":"<p><img loading=\"lazy\" decoding=\"async\" class=\"aligncenter wp-image-50551 \" src=\"https:\/\/atecordoba.org\/wp-content\/uploads\/2025\/09\/vitivinicultura.png\" alt=\"\" width=\"650\" height=\"325\" srcset=\"https:\/\/atecordoba.org\/wp-content\/uploads\/2025\/09\/vitivinicultura.png 750w, https:\/\/atecordoba.org\/wp-content\/uploads\/2025\/09\/vitivinicultura-300x150.png 300w, https:\/\/atecordoba.org\/wp-content\/uploads\/2025\/09\/vitivinicultura-360x180.png 360w\" sizes=\"auto, (max-width: 650px) 100vw, 650px\" \/>El Juzgado Federal N\u00ba2 de Mendoza dict\u00f3 una medida cautelar que ordena al Poder Ejecutivo\u00a0que se abstenga de ejecutar cualquier acto administrativo que derive de la aplicaci\u00f3n de la norma suspendida, incluyendo reubicaciones, traslados, cesant\u00edas, suspensiones, pases a disponibilidad de personal o supresi\u00f3n de estructuras vinculadas al Instituto Nacional de Vitivinicultura.<\/p>\n<p>Se trata de una presentaci\u00f3n judicial realizada por ATE Nacional, con la firma del secretario General Rodolfo Aguiar, que impugn\u00f3 de los arts. 35 a 45 del Decreto 462\/2025, del Decreto 585\/2025 (art. 14 a 18) y de la Resoluci\u00f3n del Ministerio de Econom\u00eda Resoluci\u00f3n 2025-1240-APN, por configurar en conjunto una desviaci\u00f3n de poder que oculta una disoluci\u00f3n, desfederalizaci\u00f3n y vaciamiento del Instituto Nacional de Vitivinicultura.<\/p>\n<p>La presentaci\u00f3n de bas\u00e9 en que las disposiciones del gobierno de Milei son violatorias de los fundamentos y normativa que dio lugar a su creaci\u00f3n por ley 14878 \/ ley 24566, afectando con ilegalidad y arbitrariedad manifiesta el derecho al 3 trabajo, la garant\u00eda de estabilidad en el empleo p\u00fablico expresamente prevista en el art. 14 bis de la Constituci\u00f3n Nacional.<\/p>\n<p>Aguiar sali\u00f3 a celebrar la resoluci\u00f3n judicial apuntando con Javier Milei y afirm\u00f3: &#8220;me parece que en la Justicia te estamos ganando por goleada, siguen en picada!! Qu\u00e9 pas\u00f3 con tu ministro, \u201cel coloso\u201d? Al final, me parece que dilapid\u00f3 las facultades delegadas&#8221;, refiri\u00e9ndose al ministro Federico Stuzenegger, que tiene a su cargo la operaci\u00f3n concreta de la destrucci\u00f3n del Estado que lleva adelante el gobierno libertario.<\/p>\n<p>As\u00ed mismo, Aguiar apunto contra el ministro de Econom\u00eda Luis Caputo al se\u00f1alarle que &#8220;<span class=\"css-1jxf684 r-bcqeeo r-1ttztb7 r-qvutc0 r-poiln3\">no te sirvi\u00f3 de nada hacerte el p\u00edcaro despu\u00e9s de que el Congreso rechazara los decretos de desregulaci\u00f3n e insistir con los pases a disponibilidad&#8221;.<\/span><\/p>\n<p>Otros organismos como INTA, Inti, etc ya vienen recibiendo medidas judiciales que impiden su desguace a partir de presentaciones de ATE, dando por tierra con decretos nulos e inconstitucionales de Milei y su gabinete.<\/p>\n<p>&nbsp;<\/p>\n<p>&nbsp;<\/p>\n","protected":false},"excerpt":{"rendered":"<p>El Juzgado Federal N\u00ba2 de Mendoza dict\u00f3 una medida cautelar que ordena al Poder Ejecutivo\u00a0que se abstenga de ejecutar cualquier acto administrativo que derive de la aplicaci\u00f3n de la norma suspendida, incluyendo reubicaciones, traslados, cesant\u00edas, suspensiones, pases a disponibilidad de personal o supresi\u00f3n de estructuras vinculadas al Instituto Nacional de Vitivinicultura. Se trata de una [&hellip;]<\/p>\n","protected":false},"author":7,"featured_media":50551,"comment_status":"open","ping_status":"open","sticky":false,"template":"","format":"standard","meta":{"_exactmetrics_skip_tracking":false,"_exactmetrics_sitenote_active":false,"_exactmetrics_sitenote_note":"","_exactmetrics_sitenote_category":0,"jnews-multi-image_gallery":[],"jnews_single_post":[],"jnews_primary_category":[],"jnews_social_meta":[],"jnews_review":[],"enable_review":"","type":"","name":"","summary":"","brand":"","sku":"","good":[],"bad":[],"score_override":"","override_value":"","rating":[],"price":[],"jnews_override_counter":[],"jnews_post_split":[],"footnotes":""},"categories":[18],"tags":[],"class_list":["post-50550","post","type-post","status-publish","format-standard","has-post-thumbnail","hentry","category-nacionales"],"jetpack_featured_media_url":"https:\/\/atecordoba.org\/wp-content\/uploads\/2025\/09\/vitivinicultura.png","_links":{"self":[{"href":"https:\/\/atecordoba.org\/index.php?rest_route=\/wp\/v2\/posts\/50550","targetHints":{"allow":["GET"]}}],"collection":[{"href":"https:\/\/atecordoba.org\/index.php?rest_route=\/wp\/v2\/posts"}],"about":[{"href":"https:\/\/atecordoba.org\/index.php?rest_route=\/wp\/v2\/types\/post"}],"author":[{"embeddable":true,"href":"https:\/\/atecordoba.org\/index.php?rest_route=\/wp\/v2\/users\/7"}],"replies":[{"embeddable":true,"href":"https:\/\/atecordoba.org\/index.php?rest_route=%2Fwp%2Fv2%2Fcomments&post=50550"}],"version-history":[{"count":1,"href":"https:\/\/atecordoba.org\/index.php?rest_route=\/wp\/v2\/posts\/50550\/revisions"}],"predecessor-version":[{"id":50552,"href":"https:\/\/atecordoba.org\/index.php?rest_route=\/wp\/v2\/posts\/50550\/revisions\/50552"}],"wp:featuredmedia":[{"embeddable":true,"href":"https:\/\/atecordoba.org\/index.php?rest_route=\/wp\/v2\/media\/50551"}],"wp:attachment":[{"href":"https:\/\/atecordoba.org\/index.php?rest_route=%2Fwp%2Fv2%2Fmedia&parent=50550"}],"wp:term":[{"taxonomy":"category","embeddable":true,"href":"https:\/\/atecordoba.org\/index.php?rest_route=%2Fwp%2Fv2%2Fcategories&post=50550"},{"taxonomy":"post_tag","embeddable":true,"href":"https:\/\/atecordoba.org\/index.php?rest_route=%2Fwp%2Fv2%2Ftags&post=50550"}],"curies":[{"name":"wp","href":"https:\/\/api.w.org\/{rel}","templated":true}]}}