{"id":50544,"date":"2025-09-08T13:01:04","date_gmt":"2025-09-08T16:01:04","guid":{"rendered":"https:\/\/atecordoba.org\/?p=50544"},"modified":"2025-09-08T13:01:04","modified_gmt":"2025-09-08T16:01:04","slug":"agua-de-oro-ate-pide-audiencia-al-ejecutivo-para-presentar-los-delegados-electos","status":"publish","type":"post","link":"https:\/\/atecordoba.org\/?p=50544","title":{"rendered":"Agua de Oro: ATE pide audiencia al Ejecutivo para presentar los delegados electos"},"content":{"rendered":"<p><img loading=\"lazy\" decoding=\"async\" class=\"aligncenter wp-image-50545 size-full\" src=\"https:\/\/atecordoba.org\/wp-content\/uploads\/2025\/09\/delegados-agua-de-oro.jpeg\" alt=\"\" width=\"560\" height=\"560\" \/>En una nota dirigida al intendente de la localidad de Agua de Oro, Miguel Aguirre, ATE solicit\u00f3 una audiencia con el Departamento Ejecutivo a los fines de realizar la presentaci\u00f3n formal del nuevo cuerpo de delegados de nuestro organizaci\u00f3n sindical, N\u00e9stor Olmos y Nora Rivero.<\/p>\n<p>Se trata de representantes de los y las municipales de la localidad serrana, <a href=\"https:\/\/atecordoba.org\/?p=50126\">electos<\/a> el pasado 14 de agosto.<\/p>\n<p>En la oportunidad, ATE solicit\u00f3 tambi\u00e9n el abordaje de la agenda de reclamos inherentes a las y los trabajadores a su cargo.<\/p>\n<p>&nbsp;<\/p>\n","protected":false},"excerpt":{"rendered":"<p>En una nota dirigida al intendente de la localidad de Agua de Oro, Miguel Aguirre, ATE solicit\u00f3 una audiencia con el Departamento Ejecutivo a los fines de realizar la presentaci\u00f3n formal del nuevo cuerpo de delegados de nuestro organizaci\u00f3n sindical, N\u00e9stor Olmos y Nora Rivero. Se trata de representantes de los y las municipales de [&hellip;]<\/p>\n","protected":false},"author":7,"featured_media":50545,"comment_status":"open","ping_status":"open","sticky":false,"template":"","format":"standard","meta":{"_exactmetrics_skip_tracking":false,"_exactmetrics_sitenote_active":false,"_exactmetrics_sitenote_note":"","_exactmetrics_sitenote_category":0,"jnews-multi-image_gallery":[],"jnews_single_post":[],"jnews_primary_category":[],"jnews_social_meta":[],"jnews_review":[],"enable_review":"","type":"","name":"","summary":"","brand":"","sku":"","good":[],"bad":[],"score_override":"","override_value":"","rating":[],"price":[],"jnews_override_counter":[],"jnews_post_split":[],"footnotes":""},"categories":[20],"tags":[],"class_list":["post-50544","post","type-post","status-publish","format-standard","has-post-thumbnail","hentry","category-municipales"],"jetpack_featured_media_url":"https:\/\/atecordoba.org\/wp-content\/uploads\/2025\/09\/delegados-agua-de-oro-e1757347257799.jpeg","_links":{"self":[{"href":"https:\/\/atecordoba.org\/index.php?rest_route=\/wp\/v2\/posts\/50544","targetHints":{"allow":["GET"]}}],"collection":[{"href":"https:\/\/atecordoba.org\/index.php?rest_route=\/wp\/v2\/posts"}],"about":[{"href":"https:\/\/atecordoba.org\/index.php?rest_route=\/wp\/v2\/types\/post"}],"author":[{"embeddable":true,"href":"https:\/\/atecordoba.org\/index.php?rest_route=\/wp\/v2\/users\/7"}],"replies":[{"embeddable":true,"href":"https:\/\/atecordoba.org\/index.php?rest_route=%2Fwp%2Fv2%2Fcomments&post=50544"}],"version-history":[{"count":1,"href":"https:\/\/atecordoba.org\/index.php?rest_route=\/wp\/v2\/posts\/50544\/revisions"}],"predecessor-version":[{"id":50546,"href":"https:\/\/atecordoba.org\/index.php?rest_route=\/wp\/v2\/posts\/50544\/revisions\/50546"}],"wp:featuredmedia":[{"embeddable":true,"href":"https:\/\/atecordoba.org\/index.php?rest_route=\/wp\/v2\/media\/50545"}],"wp:attachment":[{"href":"https:\/\/atecordoba.org\/index.php?rest_route=%2Fwp%2Fv2%2Fmedia&parent=50544"}],"wp:term":[{"taxonomy":"category","embeddable":true,"href":"https:\/\/atecordoba.org\/index.php?rest_route=%2Fwp%2Fv2%2Fcategories&post=50544"},{"taxonomy":"post_tag","embeddable":true,"href":"https:\/\/atecordoba.org\/index.php?rest_route=%2Fwp%2Fv2%2Ftags&post=50544"}],"curies":[{"name":"wp","href":"https:\/\/api.w.org\/{rel}","templated":true}]}}