{"id":50537,"date":"2025-09-08T11:43:46","date_gmt":"2025-09-08T14:43:46","guid":{"rendered":"https:\/\/atecordoba.org\/?p=50537"},"modified":"2025-09-08T13:03:12","modified_gmt":"2025-09-08T16:03:12","slug":"cura-brochero-acuerdo-salarial-y-reconocimiento-del-item-refrigerio","status":"publish","type":"post","link":"https:\/\/atecordoba.org\/?p=50537","title":{"rendered":"Cura Brochero: acuerdo salarial y reconocimiento del \u00edtem refrigerio"},"content":{"rendered":"<p><img loading=\"lazy\" decoding=\"async\" class=\"aligncenter wp-image-50541 size-full\" src=\"https:\/\/atecordoba.org\/wp-content\/uploads\/2025\/09\/brochero.png\" alt=\"\" width=\"628\" height=\"395\" srcset=\"https:\/\/atecordoba.org\/wp-content\/uploads\/2025\/09\/brochero.png 628w, https:\/\/atecordoba.org\/wp-content\/uploads\/2025\/09\/brochero-300x189.png 300w\" sizes=\"auto, (max-width: 628px) 100vw, 628px\" \/>En una reuni\u00f3n de la Mesa de Relaciones Laborales de la Municipalidad de Villa Cura Brochero, localidad del Valle de Traslasierra, realizada el pasado 29 de agosto, ATE acord\u00f3 con el Departamento Ejecutivo un aumento salarial del 5% para los salarios del mes de agosto.<\/p>\n<p>En la audiencia la Municipalidad estuvo representada por el secretario General de Gesti\u00f3n, Gerardo Cuello, en tanto la comitiva estatal estuvo integrada por los delegados Gustavo Cohen y Jos\u00e9 Tapia.<\/p>\n<p>En la oportunidad, las partes acordaron tambi\u00e9n, en base a un pedido de nuestro gremio, el pago de una suma de 2000 pesos en reemplazo de la mercader\u00eda de panificados que entregaba la Municipalidad.<\/p>\n<p>Para la pr\u00f3xima reuni\u00f3n, fijada para el 23 de septiembre, queda pendiente abordar otro aumento salarial de cara a fin de a\u00f1o.<\/p>\n<p>De esta manera, ATE prosigue su pol\u00edtica de defender los ingresos de los y las municipales del Valle de de Traslasierra.<\/p>\n","protected":false},"excerpt":{"rendered":"<p>En una reuni\u00f3n de la Mesa de Relaciones Laborales de la Municipalidad de Villa Cura Brochero, localidad del Valle de Traslasierra, realizada el pasado 29 de agosto, ATE acord\u00f3 con el Departamento Ejecutivo un aumento salarial del 5% para los salarios del mes de agosto. En la audiencia la Municipalidad estuvo representada por el secretario [&hellip;]<\/p>\n","protected":false},"author":7,"featured_media":50541,"comment_status":"open","ping_status":"open","sticky":false,"template":"","format":"standard","meta":{"_exactmetrics_skip_tracking":false,"_exactmetrics_sitenote_active":false,"_exactmetrics_sitenote_note":"","_exactmetrics_sitenote_category":0,"jnews-multi-image_gallery":[],"jnews_single_post":{"format":"standard","override":[{"template":"1","parallax":"1","fullscreen":"1","layout":"no-sidebar-narrow","sidebar":"default-sidebar","second_sidebar":"default-sidebar","sticky_sidebar":"1","share_position":"bottom","share_float_style":"share-monocrhome","show_share_counter":"1","show_view_counter":"1","show_post_meta":"1","show_post_author_image":"1","show_post_date":"1","post_date_format":"default","post_date_format_custom":"Y\/m\/d","show_post_category":"1","show_post_reading_time":"0","post_reading_time_wpm":"300","post_calculate_word_method":"str_word_count","show_zoom_button":"0","zoom_button_out_step":"2","zoom_button_in_step":"3","show_post_tag":"1","number_popup_post":"1","show_post_related":"1","show_inline_post_related":"0"}],"image_override":[{"single_post_thumbnail_size":"crop-500","single_post_gallery_size":"crop-500"}],"trending_post_position":"meta","trending_post_label":"Trending","sponsored_post_label":"Sponsored by","disable_ad":"0"},"jnews_primary_category":[],"jnews_social_meta":[],"jnews_review":[],"enable_review":"","type":"percentage","name":"","summary":"","brand":"","sku":"","good":[],"bad":[],"score_override":"","override_value":"","rating":[],"price":[],"jnews_override_counter":{"view_counter_number":"0","share_counter_number":"0","like_counter_number":"0","dislike_counter_number":"0"},"jnews_post_split":{"post_split":[{"template":"1","tag":"h2","numbering":"asc","mode":"normal","first":"0","enable_toc":"0","toc_type":"normal"}]},"footnotes":""},"categories":[20],"tags":[],"class_list":["post-50537","post","type-post","status-publish","format-standard","has-post-thumbnail","hentry","category-municipales"],"jetpack_featured_media_url":"https:\/\/atecordoba.org\/wp-content\/uploads\/2025\/09\/brochero.png","_links":{"self":[{"href":"https:\/\/atecordoba.org\/index.php?rest_route=\/wp\/v2\/posts\/50537","targetHints":{"allow":["GET"]}}],"collection":[{"href":"https:\/\/atecordoba.org\/index.php?rest_route=\/wp\/v2\/posts"}],"about":[{"href":"https:\/\/atecordoba.org\/index.php?rest_route=\/wp\/v2\/types\/post"}],"author":[{"embeddable":true,"href":"https:\/\/atecordoba.org\/index.php?rest_route=\/wp\/v2\/users\/7"}],"replies":[{"embeddable":true,"href":"https:\/\/atecordoba.org\/index.php?rest_route=%2Fwp%2Fv2%2Fcomments&post=50537"}],"version-history":[{"count":2,"href":"https:\/\/atecordoba.org\/index.php?rest_route=\/wp\/v2\/posts\/50537\/revisions"}],"predecessor-version":[{"id":50547,"href":"https:\/\/atecordoba.org\/index.php?rest_route=\/wp\/v2\/posts\/50537\/revisions\/50547"}],"wp:featuredmedia":[{"embeddable":true,"href":"https:\/\/atecordoba.org\/index.php?rest_route=\/wp\/v2\/media\/50541"}],"wp:attachment":[{"href":"https:\/\/atecordoba.org\/index.php?rest_route=%2Fwp%2Fv2%2Fmedia&parent=50537"}],"wp:term":[{"taxonomy":"category","embeddable":true,"href":"https:\/\/atecordoba.org\/index.php?rest_route=%2Fwp%2Fv2%2Fcategories&post=50537"},{"taxonomy":"post_tag","embeddable":true,"href":"https:\/\/atecordoba.org\/index.php?rest_route=%2Fwp%2Fv2%2Ftags&post=50537"}],"curies":[{"name":"wp","href":"https:\/\/api.w.org\/{rel}","templated":true}]}}