{"id":5052,"date":"2015-04-07T16:03:28","date_gmt":"2015-04-07T19:03:28","guid":{"rendered":"http:\/\/www.atecordoba.org\/?p=5052"},"modified":"2015-04-07T16:03:28","modified_gmt":"2015-04-07T19:03:28","slug":"5052","status":"publish","type":"post","link":"https:\/\/atecordoba.org\/?p=5052","title":{"rendered":"Asamblea en el Tr\u00e1nsito C\u00e1ceres de Allende por la ca\u00edda de 16 contratos"},"content":{"rendered":"<p><em>En una asamblea realizada hoy, los trabajadores del hospital Tr\u00e1nsito C\u00e1ceres de Allende resolvieron llevar a cabo asambleas durante lo que resta de la semana, de cuatro horas por jornada, en el horario de 7.30 a 11.30, en reclamo de la reincorporaci\u00f3n de 16 trabajadores, cuyos contratos finalizaron el pasado 31 de marzo.<\/em><\/p>\n<p><a href=\"http:\/\/www.atecordoba.org\/wp-content\/uploads\/2014\/12\/asamblea-transito-01-4-e1419013699773.jpg\"><img loading=\"lazy\" decoding=\"async\" class=\"aligncenter size-full wp-image-4944\" src=\"http:\/\/www.atecordoba.org\/wp-content\/uploads\/2014\/12\/asamblea-transito-01-4-e1419013699773.jpg\" alt=\"asamblea transito 01-4\" width=\"500\" height=\"375\" \/><\/a><\/p>\n<p>Se trata de trabajadores que revest\u00edan bajo la figura de contratos LAR\u00a0(Licencia Anual Reglamentaria) y que cubr\u00edan las licencias generadas en el plantel del personal durante los \u00faltimos tres meses.<\/p>\n<p>Los trabajadores expresaron hoy su reclamo ya que estos compa\u00f1eros contratados son fundamentales para que el hospital contin\u00fae prestando sus servicios. De no reincoporarse, el hospital perder\u00e1 dos anestesistas, dos farmac\u00e9uticos, cuatro enfermeras, as\u00ed como personal de esterilizaci\u00f3n y administrativos.<\/p>\n<p>Vale se\u00f1alar que el centro de salud viene perdiendo personal de planta debido a que el gobierno no reemplaza con nuevos cargos a los trabajadores que se jubilan. As\u00ed sucedi\u00f3 el a\u00f1o pasado con 15 compa\u00f1eros y en 2015 con otros 15. De esta forma, ante la falta de 30 trabajadores, la asamblea entiende indispensable que permanezcan prestando servicio estos 16 trabajadores cuyos contratos finalizaron la semana pasada, a riesgo que se paralicen los servicios.<\/p>\n<p>Como resultado del proceso de asambleas que se realizar\u00e1n esta semana se resentir\u00e1 la atenci\u00f3n en sectores como esterilizaci\u00f3n, lavadero y archivo, en tanto los quir\u00f3fanos funcionar\u00e1n al 50%, priorizando las urgencias y emergencias.<\/p>\n<p>En esa l\u00ednea, los trabajadores adelantaron que de no tener respuestas favorable a los reclamos de parte del gobierno de la Provincia, la semana que viene se iniciar\u00e1 un estado de asamblea para evaluar el plan de lucha a seguir y dar continuidad al conflicto.<\/p>\n<p>Esto expresa el estado de vaciamiento en que se encuentran sumidos los hospitales ante la indiferencia del gobierno provincial.<\/p>\n<p>Esto expresa el estado de vaciamiento en que se encuentran sumidos los hospitales p\u00fablicos en C\u00f3rdoba.<\/p>\n<p>&nbsp;<\/p>\n<p style=\"text-align: right;\">Mar\u00eda Teresa Romero<\/p>\n<p style=\"text-align: right;\">Secretaria General<\/p>\n<p><em>\u00a0<\/em><\/p>\n<p>&nbsp;<\/p>\n","protected":false},"excerpt":{"rendered":"<p>En una asamblea realizada hoy, los trabajadores del hospital Tr\u00e1nsito C\u00e1ceres de Allende resolvieron llevar a cabo asambleas durante lo que resta de la semana, de cuatro horas por jornada, en el horario de 7.30 a 11.30, en reclamo de la reincorporaci\u00f3n de 16 trabajadores, cuyos contratos finalizaron el pasado 31 de marzo. Se trata [&hellip;]<\/p>\n","protected":false},"author":1,"featured_media":19220,"comment_status":"open","ping_status":"open","sticky":false,"template":"","format":"standard","meta":{"_exactmetrics_skip_tracking":false,"_exactmetrics_sitenote_active":false,"_exactmetrics_sitenote_note":"","_exactmetrics_sitenote_category":0,"jnews-multi-image_gallery":[],"jnews_single_post":[],"jnews_primary_category":[],"jnews_social_meta":[],"jnews_review":[],"enable_review":"","type":"","name":"","summary":"","brand":"","sku":"","good":[],"bad":[],"score_override":"","override_value":"","rating":[],"price":[],"jnews_override_counter":[],"jnews_post_split":[],"footnotes":""},"categories":[7,8],"tags":[],"class_list":["post-5052","post","type-post","status-publish","format-standard","has-post-thumbnail","hentry","category-hospitales","category-provinciales"],"jetpack_featured_media_url":"https:\/\/atecordoba.org\/wp-content\/uploads\/2020\/05\/logo-nuevochico-e1561581322808.png","_links":{"self":[{"href":"https:\/\/atecordoba.org\/index.php?rest_route=\/wp\/v2\/posts\/5052","targetHints":{"allow":["GET"]}}],"collection":[{"href":"https:\/\/atecordoba.org\/index.php?rest_route=\/wp\/v2\/posts"}],"about":[{"href":"https:\/\/atecordoba.org\/index.php?rest_route=\/wp\/v2\/types\/post"}],"author":[{"embeddable":true,"href":"https:\/\/atecordoba.org\/index.php?rest_route=\/wp\/v2\/users\/1"}],"replies":[{"embeddable":true,"href":"https:\/\/atecordoba.org\/index.php?rest_route=%2Fwp%2Fv2%2Fcomments&post=5052"}],"version-history":[{"count":0,"href":"https:\/\/atecordoba.org\/index.php?rest_route=\/wp\/v2\/posts\/5052\/revisions"}],"wp:featuredmedia":[{"embeddable":true,"href":"https:\/\/atecordoba.org\/index.php?rest_route=\/wp\/v2\/media\/19220"}],"wp:attachment":[{"href":"https:\/\/atecordoba.org\/index.php?rest_route=%2Fwp%2Fv2%2Fmedia&parent=5052"}],"wp:term":[{"taxonomy":"category","embeddable":true,"href":"https:\/\/atecordoba.org\/index.php?rest_route=%2Fwp%2Fv2%2Fcategories&post=5052"},{"taxonomy":"post_tag","embeddable":true,"href":"https:\/\/atecordoba.org\/index.php?rest_route=%2Fwp%2Fv2%2Ftags&post=5052"}],"curies":[{"name":"wp","href":"https:\/\/api.w.org\/{rel}","templated":true}]}}