{"id":50496,"date":"2025-09-08T10:40:20","date_gmt":"2025-09-08T13:40:20","guid":{"rendered":"https:\/\/atecordoba.org\/?p=50496"},"modified":"2025-09-08T10:40:20","modified_gmt":"2025-09-08T13:40:20","slug":"10-de-septiembre-encuentro-en-cordoba-por-la-soberania-nacional-en-ate-cordoba","status":"publish","type":"post","link":"https:\/\/atecordoba.org\/?p=50496","title":{"rendered":"10 de septiembre: Encuentro en C\u00f3rdoba por la soberan\u00eda nacional en ATE C\u00f3rdoba"},"content":{"rendered":"<p><img loading=\"lazy\" decoding=\"async\" class=\"aligncenter wp-image-50497 \" src=\"https:\/\/atecordoba.org\/wp-content\/uploads\/2025\/09\/WhatsApp-Image-2025-09-08-at-08.08.01-819x1024.jpeg\" alt=\"\" width=\"618\" height=\"773\" srcset=\"https:\/\/atecordoba.org\/wp-content\/uploads\/2025\/09\/WhatsApp-Image-2025-09-08-at-08.08.01-819x1024.jpeg 819w, https:\/\/atecordoba.org\/wp-content\/uploads\/2025\/09\/WhatsApp-Image-2025-09-08-at-08.08.01-240x300.jpeg 240w, https:\/\/atecordoba.org\/wp-content\/uploads\/2025\/09\/WhatsApp-Image-2025-09-08-at-08.08.01-768x960.jpeg 768w, https:\/\/atecordoba.org\/wp-content\/uploads\/2025\/09\/WhatsApp-Image-2025-09-08-at-08.08.01-1229x1536.jpeg 1229w, https:\/\/atecordoba.org\/wp-content\/uploads\/2025\/09\/WhatsApp-Image-2025-09-08-at-08.08.01-750x938.jpeg 750w, https:\/\/atecordoba.org\/wp-content\/uploads\/2025\/09\/WhatsApp-Image-2025-09-08-at-08.08.01-1140x1425.jpeg 1140w, https:\/\/atecordoba.org\/wp-content\/uploads\/2025\/09\/WhatsApp-Image-2025-09-08-at-08.08.01.jpeg 1280w\" sizes=\"auto, (max-width: 618px) 100vw, 618px\" \/>Este 10 de septiembre a las 16 horas en la sede Consejo Directivo Provincial (CDP) C\u00f3rdoba, en Entre R\u00edos 450, ATE C\u00f3rdoba realizar\u00e1 un nuevo encuentro de organizaci\u00f3n sindical y lucha de las y los trabajadores para la defensa de los sectores estrat\u00e9gicos de nuestra soberan\u00eda.<\/p>\n<p>Con la participaci\u00f3n de compa\u00f1eras y compa\u00f1eros delegados y dirigentes de ATE de todo el pa\u00eds, reafirmamos que la soberan\u00eda no se negocia, se defiende con la lucha organizada.<\/p>\n<p>Con la moderaci\u00f3n de la delegada del Ministerio de Trabajo, Malena Berger, y la delegada del Personal Civil de las FFAA, Natalia Pacheco, el encuentro contar\u00e1 con la disertaci\u00f3n del secretario General de ATE C\u00f3rdoba, Federico Giuliani, el paritario nacional, coordinaci\u00f3n de nacional de la Direcci\u00f3n Nacional de Migraciones e integrante de la Agrupaci\u00f3n 17 de Octubre, Hubo Bellon, y el secretario General de ATE R\u00edo Turbio y trabajador de Yacimientos Carbor\u00edferos R\u00edo Turbio, Mat\u00edas Delegado.<\/p>\n<p>Estar\u00e1n presentes compa\u00f1eros y compa\u00f1eras de organismos productivos estatales nacionales en C\u00f3rdoba donde ATE ejerce la representaci\u00f3n mayoritaria como:<\/p>\n<p>-F\u00e1bricas Militares de R\u00edo Tercero y Villa Mar\u00eda<\/p>\n<p>-Central Nuclear de Embalse<\/p>\n<p>-DIOXITEK<\/p>\n<p>-CNEA<\/p>\n<p>-CONAE<\/p>\n<p>-VENG<\/p>\n<p>Porque la producci\u00f3n estatal es sin\u00f3nimo de soberan\u00eda y C\u00f3rdoba tiene un rol fundamental en el sistema productivo, el CDP invita a todos y todas las estatales a participar de ese importante debate, con la perspectiva de aportar a una estrategia de recuperaci\u00f3n de los organismos productivos, de cara al necesario cambio de la conducci\u00f3n del Estado y un gobierno que defienda la soberan\u00eda nacional.<\/p>\n<p>&nbsp;<\/p>\n","protected":false},"excerpt":{"rendered":"<p>Este 10 de septiembre a las 16 horas en la sede Consejo Directivo Provincial (CDP) C\u00f3rdoba, en Entre R\u00edos 450, ATE C\u00f3rdoba realizar\u00e1 un nuevo encuentro de organizaci\u00f3n sindical y lucha de las y los trabajadores para la defensa de los sectores estrat\u00e9gicos de nuestra soberan\u00eda. Con la participaci\u00f3n de compa\u00f1eras y compa\u00f1eros delegados y [&hellip;]<\/p>\n","protected":false},"author":7,"featured_media":50498,"comment_status":"open","ping_status":"open","sticky":false,"template":"","format":"standard","meta":{"_exactmetrics_skip_tracking":false,"_exactmetrics_sitenote_active":false,"_exactmetrics_sitenote_note":"","_exactmetrics_sitenote_category":0,"jnews-multi-image_gallery":[],"jnews_single_post":[],"jnews_primary_category":[],"jnews_social_meta":[],"jnews_review":[],"enable_review":"","type":"","name":"","summary":"","brand":"","sku":"","good":[],"bad":[],"score_override":"","override_value":"","rating":[],"price":[],"jnews_override_counter":[],"jnews_post_split":[],"footnotes":""},"categories":[18],"tags":[],"class_list":["post-50496","post","type-post","status-publish","format-standard","has-post-thumbnail","hentry","category-nacionales"],"jetpack_featured_media_url":"https:\/\/atecordoba.org\/wp-content\/uploads\/2025\/09\/WhatsApp-Image-2025-09-08-at-08.08.01-1.jpeg","_links":{"self":[{"href":"https:\/\/atecordoba.org\/index.php?rest_route=\/wp\/v2\/posts\/50496","targetHints":{"allow":["GET"]}}],"collection":[{"href":"https:\/\/atecordoba.org\/index.php?rest_route=\/wp\/v2\/posts"}],"about":[{"href":"https:\/\/atecordoba.org\/index.php?rest_route=\/wp\/v2\/types\/post"}],"author":[{"embeddable":true,"href":"https:\/\/atecordoba.org\/index.php?rest_route=\/wp\/v2\/users\/7"}],"replies":[{"embeddable":true,"href":"https:\/\/atecordoba.org\/index.php?rest_route=%2Fwp%2Fv2%2Fcomments&post=50496"}],"version-history":[{"count":1,"href":"https:\/\/atecordoba.org\/index.php?rest_route=\/wp\/v2\/posts\/50496\/revisions"}],"predecessor-version":[{"id":50499,"href":"https:\/\/atecordoba.org\/index.php?rest_route=\/wp\/v2\/posts\/50496\/revisions\/50499"}],"wp:featuredmedia":[{"embeddable":true,"href":"https:\/\/atecordoba.org\/index.php?rest_route=\/wp\/v2\/media\/50498"}],"wp:attachment":[{"href":"https:\/\/atecordoba.org\/index.php?rest_route=%2Fwp%2Fv2%2Fmedia&parent=50496"}],"wp:term":[{"taxonomy":"category","embeddable":true,"href":"https:\/\/atecordoba.org\/index.php?rest_route=%2Fwp%2Fv2%2Fcategories&post=50496"},{"taxonomy":"post_tag","embeddable":true,"href":"https:\/\/atecordoba.org\/index.php?rest_route=%2Fwp%2Fv2%2Ftags&post=50496"}],"curies":[{"name":"wp","href":"https:\/\/api.w.org\/{rel}","templated":true}]}}