{"id":50491,"date":"2025-09-08T10:22:16","date_gmt":"2025-09-08T13:22:16","guid":{"rendered":"https:\/\/atecordoba.org\/?p=50491"},"modified":"2025-09-08T11:28:24","modified_gmt":"2025-09-08T14:28:24","slug":"ministerio-de-trabajo-jornada-nacional-de-lucha-el-9-de-septiembre","status":"publish","type":"post","link":"https:\/\/atecordoba.org\/?p=50491","title":{"rendered":"Ministerio de Trabajo: Jornada Nacional de lucha el 9 de septiembre"},"content":{"rendered":"<p><img loading=\"lazy\" decoding=\"async\" class=\"aligncenter wp-image-50492 size-full\" src=\"https:\/\/atecordoba.org\/wp-content\/uploads\/2025\/09\/flyer-trabajo-9-9.jpg\" alt=\"\" width=\"512\" height=\"477\" \/>ATE C\u00f3rdoba se suma a la Jornada Nacional de Lucha que las y los trabajadores de la cartera laboral, que se realizar\u00e1 ma\u00f1ana 9 de septiembre , concentrando a partir de las 10 horas frente a la sede de la Agencia Territorial de la Secretar\u00eda de Trabajo, 27 de abril 351.<\/p>\n<p>La agenda de reclamos incluye:<\/p>\n<p>&#8211; La reincorporaci\u00f3n inmediata de todos los\/as trabajadores\/as despedidos del Estado Nacional, Provincial y Municipal.<br \/>\n&#8211; Por una verdadera recomposici\u00f3n salarial.<br \/>\n&#8211; Urgente reapertura de paritarias y aumento salarial.<br \/>\n&#8211; No a la privatizaci\u00f3n de empresas p\u00fablicas del Estado.<br \/>\n&#8211; Pase a Planta Permanente y Estabilidad laboral para todos los y los trabajadores.<br \/>\n&#8211; No al pase a disponibilidad.<br \/>\n&#8211; Anulaci\u00f3n del Protocolo Anti-Movilizaciones.<\/p>\n<p>Las medida de fuerza consiste en paro y movilizaci\u00f3n, asambleas, radio abierta y retiro de los lugares de trabajo, , por 24 horas, en todo el \u00e1mbito de la Administraci\u00f3n Publica Nacional, entes aut\u00e1rquicos, Personal Civil, Docentes Civiles, Universidad Nacional, Administraci\u00f3n Publica Provincial Salud Provincial y Municipios de la Provincia.<\/p>\n<p>&#8220;Habr\u00e1 mate cocido, pan y radio abierta. Sumate. Porque la lucha en defensa de los derechos de las y los trabajadores es ahora&#8221;, convoca el Consejo Directivo Provincial.<\/p>\n<p>&nbsp;<\/p>\n","protected":false},"excerpt":{"rendered":"<p>ATE C\u00f3rdoba se suma a la Jornada Nacional de Lucha que las y los trabajadores de la cartera laboral, que se realizar\u00e1 ma\u00f1ana 9 de septiembre , concentrando a partir de las 10 horas frente a la sede de la Agencia Territorial de la Secretar\u00eda de Trabajo, 27 de abril 351. La agenda de reclamos [&hellip;]<\/p>\n","protected":false},"author":7,"featured_media":50492,"comment_status":"open","ping_status":"open","sticky":false,"template":"","format":"standard","meta":{"_exactmetrics_skip_tracking":false,"_exactmetrics_sitenote_active":false,"_exactmetrics_sitenote_note":"","_exactmetrics_sitenote_category":0,"jnews-multi-image_gallery":[],"jnews_single_post":{"format":"standard","override":[{"template":"1","parallax":"1","fullscreen":"1","layout":"no-sidebar-narrow","sidebar":"default-sidebar","second_sidebar":"default-sidebar","sticky_sidebar":"1","share_position":"bottom","share_float_style":"share-monocrhome","show_share_counter":"1","show_view_counter":"1","show_post_meta":"1","show_post_author_image":"1","show_post_date":"1","post_date_format":"default","post_date_format_custom":"Y\/m\/d","show_post_category":"1","show_post_reading_time":"0","post_reading_time_wpm":"300","post_calculate_word_method":"str_word_count","show_zoom_button":"0","zoom_button_out_step":"2","zoom_button_in_step":"3","show_post_tag":"1","number_popup_post":"1","show_post_related":"1","show_inline_post_related":"0"}],"image_override":[{"single_post_thumbnail_size":"crop-500","single_post_gallery_size":"crop-500"}],"trending_post_position":"meta","trending_post_label":"Trending","sponsored_post_label":"Sponsored by","disable_ad":"0"},"jnews_primary_category":[],"jnews_social_meta":[],"jnews_review":[],"enable_review":"","type":"percentage","name":"","summary":"","brand":"","sku":"","good":[],"bad":[],"score_override":"","override_value":"","rating":[],"price":[],"jnews_override_counter":{"view_counter_number":"0","share_counter_number":"0","like_counter_number":"0","dislike_counter_number":"0"},"jnews_post_split":{"post_split":[{"template":"1","tag":"h2","numbering":"asc","mode":"normal","first":"0","enable_toc":"0","toc_type":"normal"}]},"footnotes":""},"categories":[18],"tags":[],"class_list":["post-50491","post","type-post","status-publish","format-standard","has-post-thumbnail","hentry","category-nacionales"],"jetpack_featured_media_url":"https:\/\/atecordoba.org\/wp-content\/uploads\/2025\/09\/flyer-trabajo-9-9-e1757337705211.jpg","_links":{"self":[{"href":"https:\/\/atecordoba.org\/index.php?rest_route=\/wp\/v2\/posts\/50491","targetHints":{"allow":["GET"]}}],"collection":[{"href":"https:\/\/atecordoba.org\/index.php?rest_route=\/wp\/v2\/posts"}],"about":[{"href":"https:\/\/atecordoba.org\/index.php?rest_route=\/wp\/v2\/types\/post"}],"author":[{"embeddable":true,"href":"https:\/\/atecordoba.org\/index.php?rest_route=\/wp\/v2\/users\/7"}],"replies":[{"embeddable":true,"href":"https:\/\/atecordoba.org\/index.php?rest_route=%2Fwp%2Fv2%2Fcomments&post=50491"}],"version-history":[{"count":3,"href":"https:\/\/atecordoba.org\/index.php?rest_route=\/wp\/v2\/posts\/50491\/revisions"}],"predecessor-version":[{"id":50539,"href":"https:\/\/atecordoba.org\/index.php?rest_route=\/wp\/v2\/posts\/50491\/revisions\/50539"}],"wp:featuredmedia":[{"embeddable":true,"href":"https:\/\/atecordoba.org\/index.php?rest_route=\/wp\/v2\/media\/50492"}],"wp:attachment":[{"href":"https:\/\/atecordoba.org\/index.php?rest_route=%2Fwp%2Fv2%2Fmedia&parent=50491"}],"wp:term":[{"taxonomy":"category","embeddable":true,"href":"https:\/\/atecordoba.org\/index.php?rest_route=%2Fwp%2Fv2%2Fcategories&post=50491"},{"taxonomy":"post_tag","embeddable":true,"href":"https:\/\/atecordoba.org\/index.php?rest_route=%2Fwp%2Fv2%2Ftags&post=50491"}],"curies":[{"name":"wp","href":"https:\/\/api.w.org\/{rel}","templated":true}]}}