{"id":50474,"date":"2025-09-05T14:40:50","date_gmt":"2025-09-05T17:40:50","guid":{"rendered":"https:\/\/atecordoba.org\/?p=50474"},"modified":"2025-09-05T15:06:13","modified_gmt":"2025-09-05T18:06:13","slug":"la-discapacidad-un-debate-presente-en-ate-cordoba","status":"publish","type":"post","link":"https:\/\/atecordoba.org\/?p=50474","title":{"rendered":"Charlas Mano a Mano: la discapacidad, un debate presente en ATE C\u00f3rdoba"},"content":{"rendered":"<p><img loading=\"lazy\" decoding=\"async\" class=\"aligncenter wp-image-50476 \" src=\"https:\/\/atecordoba.org\/wp-content\/uploads\/2025\/09\/WhatsApp-Image-2025-09-05-at-11.45.47-1-1024x769.jpeg\" alt=\"\" width=\"619\" height=\"465\" \/>El pasado 27 de agosto se realiz\u00f3 en la sede del Consejo Directivo Provincial una nueva edici\u00f3n de charlas Mano a Mano, organizada por la Secretar\u00eda de Acci\u00f3n Pol\u00edtica, en esta oportunidad junto al Departamento de Discapacidad, donde se abord\u00f3 la realidad de las personas con discapacidades y la ley que regula las pol\u00edticas p\u00fablicas para el sector.<\/p>\n<p>La convocatoria cont\u00f3 con una panel integrado por la abogada, presidenta de AHESAM (Asociaci\u00f3n de Hermanos por la salud mental)\u00a0 y Directora de la Sala de Salud Mental y Adicciones del Colegio de Abogados de C\u00f3rdoba Mar\u00eda Noel Tapia Varela, la responsable del Departamento de Discapacidad de ATE Vanesa Hern\u00e1ndez y la secretaria de Acci\u00f3n Pol\u00edtica, Alejandra Agnone.<img loading=\"lazy\" decoding=\"async\" class=\"aligncenter wp-image-50477 \" src=\"https:\/\/atecordoba.org\/wp-content\/uploads\/2025\/09\/WhatsApp-Image-2025-09-05-at-11.50.55-1024x769.jpeg\" alt=\"\" width=\"615\" height=\"462\" srcset=\"https:\/\/atecordoba.org\/wp-content\/uploads\/2025\/09\/WhatsApp-Image-2025-09-05-at-11.50.55-1024x769.jpeg 1024w, https:\/\/atecordoba.org\/wp-content\/uploads\/2025\/09\/WhatsApp-Image-2025-09-05-at-11.50.55-300x225.jpeg 300w, https:\/\/atecordoba.org\/wp-content\/uploads\/2025\/09\/WhatsApp-Image-2025-09-05-at-11.50.55-768x577.jpeg 768w, https:\/\/atecordoba.org\/wp-content\/uploads\/2025\/09\/WhatsApp-Image-2025-09-05-at-11.50.55-750x563.jpeg 750w, https:\/\/atecordoba.org\/wp-content\/uploads\/2025\/09\/WhatsApp-Image-2025-09-05-at-11.50.55-1140x856.jpeg 1140w, https:\/\/atecordoba.org\/wp-content\/uploads\/2025\/09\/WhatsApp-Image-2025-09-05-at-11.50.55.jpeg 1280w\" sizes=\"auto, (max-width: 615px) 100vw, 615px\" \/><\/p>\n<p>Junto a una importante cantidad de asistentes estuvieron los secretarios generales de las seccionales ATE Cruz del Eje, Juan Pablo Pozzi, y compa\u00f1eros de la seccional ATE R\u00edo Tercero.<\/p>\n<p>En la oportunidad, Agnone hizo la introducci\u00f3n a la charla, se\u00f1alando al finalizar el c\u00f3nclave que \u201cel tema discapacidad siempre estuvo en la Agenda del Concejo Directivo Provincial de ATE CBA, pero hoy m\u00e1s que nunca es necesario darnos el debate sobre el mismo, no solo por ser un tema transversal para los trabajadores estatales sino a la vida misma como parte de la sociedad&#8221;.<\/p>\n<p>La dirigente agreg\u00f3 tambi\u00e9n que \u201cfue un Mano a Mano muy rico, ya que la tem\u00e1tica estuvo acompa\u00f1ada con la connotaci\u00f3n de las experiencias de vida personales de las compa\u00f1eras disertantes, y aquellas que compartieron los precedentes, aprendimos mucho. Pero sobre toda las cosas nos encontramos en un abrazo con el otro, desde una mirada m\u00e1s inclusiva y emp\u00e1tica, fue muy emotiva la charla\u201d.<img loading=\"lazy\" decoding=\"async\" class=\"aligncenter wp-image-50478 \" src=\"https:\/\/atecordoba.org\/wp-content\/uploads\/2025\/09\/WhatsApp-Image-2025-09-05-at-11.47.35-1-1024x460.jpeg\" alt=\"\" width=\"625\" height=\"281\" srcset=\"https:\/\/atecordoba.org\/wp-content\/uploads\/2025\/09\/WhatsApp-Image-2025-09-05-at-11.47.35-1-1024x460.jpeg 1024w, https:\/\/atecordoba.org\/wp-content\/uploads\/2025\/09\/WhatsApp-Image-2025-09-05-at-11.47.35-1-300x135.jpeg 300w, https:\/\/atecordoba.org\/wp-content\/uploads\/2025\/09\/WhatsApp-Image-2025-09-05-at-11.47.35-1-768x345.jpeg 768w, https:\/\/atecordoba.org\/wp-content\/uploads\/2025\/09\/WhatsApp-Image-2025-09-05-at-11.47.35-1-1536x690.jpeg 1536w, https:\/\/atecordoba.org\/wp-content\/uploads\/2025\/09\/WhatsApp-Image-2025-09-05-at-11.47.35-1-750x337.jpeg 750w, https:\/\/atecordoba.org\/wp-content\/uploads\/2025\/09\/WhatsApp-Image-2025-09-05-at-11.47.35-1-1140x512.jpeg 1140w, https:\/\/atecordoba.org\/wp-content\/uploads\/2025\/09\/WhatsApp-Image-2025-09-05-at-11.47.35-1.jpeg 1600w\" sizes=\"auto, (max-width: 625px) 100vw, 625px\" \/><\/p>\n<p>En tanto Tapia Varela consider\u00f3 que \u201cla continuidad del veto a la ley de emergencia en discapacidad resultaba contradictorio a la legislaci\u00f3n vigente y representaba el desfinanciamiento del sistema de prestaciones b\u00e1sicas, poniendo en riesgo incluso la continuidad de los tratamientos y vulnerando derechos fundamentales. El Estado Argentino est\u00e1 obligado a cumplir con los est\u00e1ndares constitucionales e internacionales que garantizan la protecci\u00f3n integral de las personas en situaci\u00f3n de discapacidad\u201d.<\/p>\n<h4><strong>Justicia Social, Igualdad y Derechos Humanos<\/strong><\/h4>\n<p>La charla se desarroll\u00f3 en base a tres ejes: Ley de Emergencia en Discapacidad, la salud mental en tiempos actuales y la vulneraci\u00f3n de derechos por retiro de pol\u00edticas p\u00fablicas.<\/p>\n<p>A la hora de tomar la palabra\u00a0 la compa\u00f1era Vanesa Hern\u00e1ndez expres\u00f3 la posici\u00f3n del Departamento que encabeza, y afirm\u00f3 que \u201chablar de discapacidad en la Argentina hoy, es hablar de justicia social, de igualdad y de derechos humanos. Porque la discapacidad no est\u00e1 en la persona, sino en las barreras que la Sociedad impone y que el Estado debe derribar\u201d.<img loading=\"lazy\" decoding=\"async\" class=\"aligncenter wp-image-50479 \" src=\"https:\/\/atecordoba.org\/wp-content\/uploads\/2025\/09\/WhatsApp-Image-2025-09-05-at-11.45.47-1024x769.jpeg\" alt=\"\" width=\"623\" height=\"468\" srcset=\"https:\/\/atecordoba.org\/wp-content\/uploads\/2025\/09\/WhatsApp-Image-2025-09-05-at-11.45.47-1024x769.jpeg 1024w, https:\/\/atecordoba.org\/wp-content\/uploads\/2025\/09\/WhatsApp-Image-2025-09-05-at-11.45.47-300x225.jpeg 300w, https:\/\/atecordoba.org\/wp-content\/uploads\/2025\/09\/WhatsApp-Image-2025-09-05-at-11.45.47-768x577.jpeg 768w, https:\/\/atecordoba.org\/wp-content\/uploads\/2025\/09\/WhatsApp-Image-2025-09-05-at-11.45.47-750x563.jpeg 750w, https:\/\/atecordoba.org\/wp-content\/uploads\/2025\/09\/WhatsApp-Image-2025-09-05-at-11.45.47.jpeg 1040w\" sizes=\"auto, (max-width: 623px) 100vw, 623px\" \/><\/p>\n<p>Y explic\u00f3 que seg\u00fan el \u00faltimo Censo Nacional 2022 en nuestro pa\u00eds el 12,9%\u00a0 de la poblaci\u00f3n argentina, m\u00e1s de 5 millones de personas, conviven con una discapacidad. \u201cEste dato nos obliga a repensar el lugar que damos a la diversidad y a la inclusi\u00f3n en la vida social, econ\u00f3mica y cultural\u201d.<\/p>\n<p>Luego abord\u00f3 el rol del Estado en la materia y mencion\u00f3 que \u201cla Constituci\u00f3n Nacional, desde la reforma de 1994, obliga a garantizar la igualdad real de oportunidades y reconoce la jerarqu\u00eda constitucional de tratados de derechos humanos como la Convenci\u00f3n sobre los Derechos de las Personas con Discapacidad de Naciones Unidas, ratificada por Argentina en 2008 y que desde 2014 tiene rango constitucional, \u00e9sta, nos marca un camino: asegurar accesibilidad, autonom\u00eda y participaci\u00f3n plena en igualdad de condiciones\u201d.<img loading=\"lazy\" decoding=\"async\" class=\"alignleft wp-image-50480 \" src=\"https:\/\/atecordoba.org\/wp-content\/uploads\/2025\/09\/WhatsApp-Image-2025-09-05-at-11.46.11-769x1024.jpeg\" alt=\"\" width=\"326\" height=\"434\" srcset=\"https:\/\/atecordoba.org\/wp-content\/uploads\/2025\/09\/WhatsApp-Image-2025-09-05-at-11.46.11-769x1024.jpeg 769w, https:\/\/atecordoba.org\/wp-content\/uploads\/2025\/09\/WhatsApp-Image-2025-09-05-at-11.46.11-225x300.jpeg 225w, https:\/\/atecordoba.org\/wp-content\/uploads\/2025\/09\/WhatsApp-Image-2025-09-05-at-11.46.11-768x1023.jpeg 768w, https:\/\/atecordoba.org\/wp-content\/uploads\/2025\/09\/WhatsApp-Image-2025-09-05-at-11.46.11-750x999.jpeg 750w, https:\/\/atecordoba.org\/wp-content\/uploads\/2025\/09\/WhatsApp-Image-2025-09-05-at-11.46.11.jpeg 868w\" sizes=\"auto, (max-width: 326px) 100vw, 326px\" \/><\/p>\n<p>Por eso, se\u00f1al\u00f3 que el Estado Argentino tiene un rol indelegable: transformar los derechos escritos en derechos v\u00edvidos. No alcanza con declaraciones, se necesitan pol\u00edticas p\u00fablicas concretas y sostenidas.<\/p>\n<p>\u201cQue son las pol\u00edticas p\u00fablicas?\u201d, pregunt\u00f3 Hern\u00e1ndez. \u201cSon las acciones que el Estado debe realizar a fin de procurar el cumplimiento de su deber y el bienestar de la poblaci\u00f3n, dictando leyes que promuevan, aseguren derechos y otorguen una sana y correcta calidad de vida; creando organismos, encargados de pol\u00edticas y programas que versen en la materia, como Agencia Nacional de Discapacidad (ANDIS). CONADIS, INADI, etc que efectivicen la manda constitucional, del derecho de igualdad de las personas con discapacidad\u201d.<\/p>\n<p>La dirigente, que es delegada de ATE en la Superintendencia de Riesgos de Trabajo, trajo a colaci\u00f3n ejemplos concretos de desaf\u00edos actuales, por citar algunos:<\/p>\n<p><strong>Salud y burocracia<\/strong>: las personas con discapacidad y sus familias denuncian demoras en la renovaci\u00f3n del CUD, trabas para acceder a pr\u00f3tesis, sillas de ruedas, medicaci\u00f3n y terapias. Falta de pago a t\u00e9rmino y de actualizaci\u00f3n de aranceles para los prestadores del Colectivo. Por ello, la Emergencia en Discapacidad est\u00e1 en discusi\u00f3n. Miles de ni\u00f1os, adolescentes y adultos\u00a0 se ven privados o reducidas sus prestaciones m\u00e9dico-asistenciales, en algunos casos con riesgos de vida, como los electrodependientes, por la desidia, negligencia y\/o desinter\u00e9s del Estado. Sumado el desgaste injusto que las familias sufren reclamando lo que por derecho les corresponde.<\/p>\n<p><strong>Educaci\u00f3n inclusiva<\/strong>: aunque la normativa garantiza que ni\u00f1as y ni\u00f1os con discapacidad accedan a la escuela com\u00fan con apoyos, muchas familias no los tienen y otras deben recurrir a la justicia para que se les otorguen maestras integradoras y\/o acompa\u00f1antes terap\u00e9uticos. Los edificios o instalaciones no est\u00e1n adaptados para las distintas barreras que nuestros ni\u00f1os deben superar, como tampoco los docentes est\u00e1n capacitados para acompa\u00f1ar y\/o educarlos.\u00a0 Esto muestra que la ley existe, pero no se cumple.<img loading=\"lazy\" decoding=\"async\" class=\"aligncenter wp-image-50481 \" src=\"https:\/\/atecordoba.org\/wp-content\/uploads\/2025\/09\/WhatsApp-Image-2025-09-05-at-11.47.35-2-1024x461.jpeg\" alt=\"\" width=\"624\" height=\"281\" srcset=\"https:\/\/atecordoba.org\/wp-content\/uploads\/2025\/09\/WhatsApp-Image-2025-09-05-at-11.47.35-2-1024x461.jpeg 1024w, https:\/\/atecordoba.org\/wp-content\/uploads\/2025\/09\/WhatsApp-Image-2025-09-05-at-11.47.35-2-300x135.jpeg 300w, https:\/\/atecordoba.org\/wp-content\/uploads\/2025\/09\/WhatsApp-Image-2025-09-05-at-11.47.35-2-768x346.jpeg 768w, https:\/\/atecordoba.org\/wp-content\/uploads\/2025\/09\/WhatsApp-Image-2025-09-05-at-11.47.35-2-1536x691.jpeg 1536w, https:\/\/atecordoba.org\/wp-content\/uploads\/2025\/09\/WhatsApp-Image-2025-09-05-at-11.47.35-2-750x338.jpeg 750w, https:\/\/atecordoba.org\/wp-content\/uploads\/2025\/09\/WhatsApp-Image-2025-09-05-at-11.47.35-2-1140x513.jpeg 1140w, https:\/\/atecordoba.org\/wp-content\/uploads\/2025\/09\/WhatsApp-Image-2025-09-05-at-11.47.35-2.jpeg 1600w\" sizes=\"auto, (max-width: 624px) 100vw, 624px\" \/><\/p>\n<p><strong>Acceso al trabajo<\/strong>: el cupo laboral del 4% en el Estado rara vez se cumple. Seg\u00fan datos de ANDIS, el promedio real est\u00e1 muy por debajo, lo que refleja la distancia entre la norma y la pr\u00e1ctica. En el sector privado, el prejuicio y la falta de incentivos siguen siendo barreras fuertes, que impiden la plena inclusi\u00f3n.<\/p>\n<p><strong>Accesibilidad<\/strong>: todav\u00eda son mayor\u00eda los colectivos sin rampas, los edificios p\u00fablicos sin ba\u00f1os adaptados o las p\u00e1ginas web estatales sin accesibilidad digital. \u201cSin accesibilidad, no hay inclusi\u00f3n real\u201d, dijo Hern\u00e1ndez.<\/p>\n<p><strong>Autonom\u00eda y vida independiente<\/strong>: la Convenci\u00f3n habla de la necesidad de que las personas con discapacidad puedan decidir d\u00f3nde y con qui\u00e9n vivir, pero en la pr\u00e1ctica, muchas familias carecen de apoyos suficientes y las instituciones siguen siendo la respuesta m\u00e1s com\u00fan.<img loading=\"lazy\" decoding=\"async\" class=\"aligncenter wp-image-50482 \" src=\"https:\/\/atecordoba.org\/wp-content\/uploads\/2025\/09\/WhatsApp-Image-2025-09-05-at-11.47.35-1024x460.jpeg\" alt=\"\" width=\"603\" height=\"271\" srcset=\"https:\/\/atecordoba.org\/wp-content\/uploads\/2025\/09\/WhatsApp-Image-2025-09-05-at-11.47.35-1024x460.jpeg 1024w, https:\/\/atecordoba.org\/wp-content\/uploads\/2025\/09\/WhatsApp-Image-2025-09-05-at-11.47.35-300x135.jpeg 300w, https:\/\/atecordoba.org\/wp-content\/uploads\/2025\/09\/WhatsApp-Image-2025-09-05-at-11.47.35-768x345.jpeg 768w, https:\/\/atecordoba.org\/wp-content\/uploads\/2025\/09\/WhatsApp-Image-2025-09-05-at-11.47.35-1536x690.jpeg 1536w, https:\/\/atecordoba.org\/wp-content\/uploads\/2025\/09\/WhatsApp-Image-2025-09-05-at-11.47.35-750x337.jpeg 750w, https:\/\/atecordoba.org\/wp-content\/uploads\/2025\/09\/WhatsApp-Image-2025-09-05-at-11.47.35-1140x512.jpeg 1140w, https:\/\/atecordoba.org\/wp-content\/uploads\/2025\/09\/WhatsApp-Image-2025-09-05-at-11.47.35.jpeg 1600w\" sizes=\"auto, (max-width: 603px) 100vw, 603px\" \/><\/p>\n<h4><strong>El cambio de paradigma<\/strong><\/h4>\n<p>Vanesa Hern\u00e1ndez habl\u00f3 tambi\u00e9n sobre la necesidad de un cambio de paradigma. \u201cHist\u00f3ricamente, la discapacidad fue mirada desde el asistencialismo o la caridad. Hoy el desaf\u00edo es consolidar un enfoque de derechos: pasar de ver a la persona con discapacidad como objeto de asistencia A reconocerla como sujeto de derechos y como ciudadana plena\u201d, plante\u00f3.<\/p>\n<p>Eso implica escuchar su voz en el dise\u00f1o de las pol\u00edticas p\u00fablicas. \u201cNada sobre nosotros sin nosotros\u201d, dice el movimiento internacional de personas con discapacidad.<\/p>\n<p>\u201cPor lo que, queridas y queridos compa\u00f1eros, la inclusi\u00f3n no es un gesto de buena voluntad ni un favor. Es un derecho humano. Y un pa\u00eds que se dice democr\u00e1tico y justo no puede permitirse que millones de compatriotas vivan con barreras que los excluyen de la educaci\u00f3n, el trabajo, la salud y la vida comunitaria. El Estado tiene leyes, programas y organismos. Pero la deuda es la implementaci\u00f3n real, con recursos, decisi\u00f3n pol\u00edtica y control ciudadano\u201d, asever\u00f3 la dirigente.<\/p>\n<p>\u201cSi no derribamos las barreras, no hay igualdad. Y si no hay igualdad, no hay democracia plena. Construir una Argentina inclusiva no es solo tarea del Estado: es tarea de todas y todos. Y el d\u00eda que logremos que cada persona, con o sin discapacidad, pueda desarrollarse en plenitud, ese d\u00eda habremos dado un verdadero paso hacia la justicia social y tendremos un Estado Justo\u201d, concluy\u00f3 Hern\u00e1ndez.<\/p>\n<h4><strong>Marcha por la Discapacidad y contra el veto de Milei en C\u00f3rdoba<\/strong><\/h4>\n<p><img loading=\"lazy\" decoding=\"async\" class=\"aligncenter wp-image-50484 \" src=\"https:\/\/atecordoba.org\/wp-content\/uploads\/2025\/09\/WhatsApp-Image-2025-09-05-at-11.44.19-768x1024.jpeg\" alt=\"\" width=\"612\" height=\"816\" srcset=\"https:\/\/atecordoba.org\/wp-content\/uploads\/2025\/09\/WhatsApp-Image-2025-09-05-at-11.44.19-768x1024.jpeg 768w, https:\/\/atecordoba.org\/wp-content\/uploads\/2025\/09\/WhatsApp-Image-2025-09-05-at-11.44.19-225x300.jpeg 225w, https:\/\/atecordoba.org\/wp-content\/uploads\/2025\/09\/WhatsApp-Image-2025-09-05-at-11.44.19-750x1000.jpeg 750w, https:\/\/atecordoba.org\/wp-content\/uploads\/2025\/09\/WhatsApp-Image-2025-09-05-at-11.44.19.jpeg 960w\" sizes=\"auto, (max-width: 612px) 100vw, 612px\" \/>En ese marco, ayer se realiz\u00f3 en la Plaza San Mart\u00edn una concentraci\u00f3n en rechazo al veto de Milei a la Ley de Emergencia en Discapacidad y en apoyo a la marcha atr\u00e1s que el Senado dio al decreto presidencial.<\/p>\n<p>En la ocasi\u00f3n estuvieron junto a Alejandra Agnone y Vanesa Hern\u00e1ndez, la secretaria Administrativa de ATE, Cintia Conesta, junto a compa\u00f1eros y compa\u00f1eras estatales que repudiaron las pol\u00edticas del gobierno nacional en la materia.<\/p>\n<p>Durante la manifestaci\u00f3n, Agnone remarc\u00f3 que &#8220;una vez m\u00e1s, la calle y la lucha popular gan\u00f3 otra batalla m\u00e1s en contra de la embestida de este Gobierno Nacional de vulnerar los derechos del pueblo, principalmente de aquellos sectores m\u00e1s vulnerables como son las Personas con Discapacidad y su comunidad&#8221;.<\/p>\n<p>\u201cDebemos seguir el camino de concientizaci\u00f3n sobre este tema, y los estatales somos quienes debemos garantizar estos espacios de debate\u201d, finaliz\u00f3.<\/p>\n<p>&nbsp;<\/p>\n","protected":false},"excerpt":{"rendered":"<p>El pasado 27 de agosto se realiz\u00f3 en la sede del Consejo Directivo Provincial una nueva edici\u00f3n de charlas Mano a Mano, organizada por la Secretar\u00eda de Acci\u00f3n Pol\u00edtica, en esta oportunidad junto al Departamento de Discapacidad, donde se abord\u00f3 la realidad de las personas con discapacidades y la ley que regula las pol\u00edticas p\u00fablicas [&hellip;]<\/p>\n","protected":false},"author":7,"featured_media":50476,"comment_status":"open","ping_status":"open","sticky":false,"template":"","format":"standard","meta":{"_exactmetrics_skip_tracking":false,"_exactmetrics_sitenote_active":false,"_exactmetrics_sitenote_note":"","_exactmetrics_sitenote_category":0,"jnews-multi-image_gallery":[],"jnews_single_post":{"format":"standard","override":[{"template":"1","parallax":"1","fullscreen":"1","layout":"no-sidebar-narrow","sidebar":"default-sidebar","second_sidebar":"default-sidebar","sticky_sidebar":"1","share_position":"bottom","share_float_style":"share-monocrhome","show_share_counter":"1","show_view_counter":"1","show_post_meta":"1","show_post_author_image":"1","show_post_date":"1","post_date_format":"default","post_date_format_custom":"Y\/m\/d","show_post_category":"1","show_post_reading_time":"0","post_reading_time_wpm":"300","post_calculate_word_method":"str_word_count","show_zoom_button":"0","zoom_button_out_step":"2","zoom_button_in_step":"3","show_post_tag":"1","number_popup_post":"1","show_post_related":"1","show_inline_post_related":"0"}],"image_override":[{"single_post_thumbnail_size":"crop-500","single_post_gallery_size":"crop-500"}],"trending_post_position":"meta","trending_post_label":"Trending","sponsored_post_label":"Sponsored by","disable_ad":"0"},"jnews_primary_category":[],"jnews_social_meta":[],"jnews_review":[],"enable_review":"","type":"percentage","name":"","summary":"","brand":"","sku":"","good":[],"bad":[],"score_override":"","override_value":"","rating":[],"price":[],"jnews_override_counter":{"view_counter_number":"0","share_counter_number":"0","like_counter_number":"0","dislike_counter_number":"0"},"jnews_post_split":{"post_split":[{"template":"1","tag":"h2","numbering":"asc","mode":"normal","first":"0","enable_toc":"0","toc_type":"normal"}]},"footnotes":""},"categories":[10],"tags":[],"class_list":["post-50474","post","type-post","status-publish","format-standard","has-post-thumbnail","hentry","category-accion-politica"],"jetpack_featured_media_url":"https:\/\/atecordoba.org\/wp-content\/uploads\/2025\/09\/WhatsApp-Image-2025-09-05-at-11.45.47-1-e1757093954505.jpeg","_links":{"self":[{"href":"https:\/\/atecordoba.org\/index.php?rest_route=\/wp\/v2\/posts\/50474","targetHints":{"allow":["GET"]}}],"collection":[{"href":"https:\/\/atecordoba.org\/index.php?rest_route=\/wp\/v2\/posts"}],"about":[{"href":"https:\/\/atecordoba.org\/index.php?rest_route=\/wp\/v2\/types\/post"}],"author":[{"embeddable":true,"href":"https:\/\/atecordoba.org\/index.php?rest_route=\/wp\/v2\/users\/7"}],"replies":[{"embeddable":true,"href":"https:\/\/atecordoba.org\/index.php?rest_route=%2Fwp%2Fv2%2Fcomments&post=50474"}],"version-history":[{"count":4,"href":"https:\/\/atecordoba.org\/index.php?rest_route=\/wp\/v2\/posts\/50474\/revisions"}],"predecessor-version":[{"id":50488,"href":"https:\/\/atecordoba.org\/index.php?rest_route=\/wp\/v2\/posts\/50474\/revisions\/50488"}],"wp:featuredmedia":[{"embeddable":true,"href":"https:\/\/atecordoba.org\/index.php?rest_route=\/wp\/v2\/media\/50476"}],"wp:attachment":[{"href":"https:\/\/atecordoba.org\/index.php?rest_route=%2Fwp%2Fv2%2Fmedia&parent=50474"}],"wp:term":[{"taxonomy":"category","embeddable":true,"href":"https:\/\/atecordoba.org\/index.php?rest_route=%2Fwp%2Fv2%2Fcategories&post=50474"},{"taxonomy":"post_tag","embeddable":true,"href":"https:\/\/atecordoba.org\/index.php?rest_route=%2Fwp%2Fv2%2Ftags&post=50474"}],"curies":[{"name":"wp","href":"https:\/\/api.w.org\/{rel}","templated":true}]}}