{"id":50467,"date":"2025-09-04T09:27:32","date_gmt":"2025-09-04T12:27:32","guid":{"rendered":"https:\/\/atecordoba.org\/?p=50467"},"modified":"2025-09-04T10:39:44","modified_gmt":"2025-09-04T13:39:44","slug":"en-reunion-con-el-ministerio-de-seguridad-el-cispren-planteo-que-no-se-tolerara-la-criminalizacion-de-la-protesta-social","status":"publish","type":"post","link":"https:\/\/atecordoba.org\/?p=50467","title":{"rendered":"En reuni\u00f3n con el Ministerio de Seguridad el Cispren plante\u00f3 que no se tolerar\u00e1 la criminalizaci\u00f3n de la protesta social"},"content":{"rendered":"<p><img loading=\"lazy\" decoding=\"async\" class=\"aligncenter wp-image-50468 size-full\" src=\"https:\/\/atecordoba.org\/wp-content\/uploads\/2025\/09\/cispren-protocolo.jpeg\" alt=\"\" width=\"672\" height=\"675\" srcset=\"https:\/\/atecordoba.org\/wp-content\/uploads\/2025\/09\/cispren-protocolo.jpeg 672w, https:\/\/atecordoba.org\/wp-content\/uploads\/2025\/09\/cispren-protocolo-300x300.jpeg 300w, https:\/\/atecordoba.org\/wp-content\/uploads\/2025\/09\/cispren-protocolo-150x150.jpeg 150w, https:\/\/atecordoba.org\/wp-content\/uploads\/2025\/09\/cispren-protocolo-75x75.jpeg 75w\" sizes=\"auto, (max-width: 672px) 100vw, 672px\" \/>El martes pasado el C\u00edrculo Sindical <span id=\"more-13840\"><\/span>de la Prensa y la Comunicaci\u00f3n (Cispren)\u00a0 mantuvo una reuni\u00f3n con el Ministerio de Seguridad y con la c\u00fapula policial, donde se abord\u00f3 el accionar represivo que sufrieron trabajadores de prensa, en el marco de las detenciones a a dirigentes sindicales y sociales que se movilizaron a la Municipalidad a reclamar por alimentos para los comedores barriales, en ellos al secretario General de ATE C\u00f3rdoba Federico Giuliani.<\/p>\n<p>Durante la audiencia , el gremio de prensa expres\u00f3 &#8220;que no tolerar\u00e1 jam\u00e1s la criminalizaci\u00f3n de la protesta social&#8221;, seg\u00fan inform\u00f3 posteriormente en un comunicado de prensa.<\/p>\n<p>&#8220;Entendemos que en el actual contexto pol\u00edtico de crisis econ\u00f3mica, el hambre que golpea a nuestro pueblo ser\u00e1 un flagelo cada vez mayor&#8221;, sostuvo el Cispren.<\/p>\n<p>En la mesa de di\u00e1logo con el Ministro, se expuso la necesidad de que el gobierno garantice el libre ejercicio a quienes realizan las coberturas callejeras, generando el compromiso de las autoridades para mantener conversaciones permanentes.<\/p>\n<p>Cabe destacar que durante la brutal represi\u00f3n policial tambi\u00e9n fue detenido nuestro trabajador de prensa, <strong data-start=\"197\" data-end=\"216\">Ferm\u00edn Denipoti<\/strong>, mientras cumpl\u00eda con sus tareas de cobertura period\u00edstica. Su detenci\u00f3n arbitraria constituye un grave ataque a la libertad de expresi\u00f3n y al derecho a informar, pilares fundamentales de la democracia. Tras permanecer varias horas privado de su libertad en Bouwer, logr\u00f3 recuperar la libertad gracias a la presi\u00f3n de las organizaciones sindicales, sociales y pol\u00edticas que se manifestaron en repudio a este atropello.<\/p>\n<p>En esta l\u00ednea, se consensu\u00f3 la necesidad de que las y los trabajadores de prensa cuenten con una identificaci\u00f3n. Para ello se dispondr\u00e1 de un formulario en el cual cada trabajador\/a podr\u00e1 solicitar la credencial y el chaleco correspondientes tal como se indica en el Protocolo realizado por el Cispren.<\/p>\n<p>Se record\u00f3 la importancia de la capacitaci\u00f3n realizada por el sindicato en conjunto con el Dr. Miguel Rodr\u00edguez Villafa\u00f1e, presente en la reuni\u00f3n. Y qued\u00f3 plasmada la voluntad de las partes por retomar las capacitaciones.<\/p>\n<p>&#8220;En el marco de una avanzada por parte del Gobierno nacional que llama a censurar y allanar a periodistas, la defensa de la labor en la prensa y la comunicaci\u00f3n se vuelve indispensable&#8221;, concluy\u00f3 Cispren.<\/p>\n","protected":false},"excerpt":{"rendered":"<p>El martes pasado el C\u00edrculo Sindical de la Prensa y la Comunicaci\u00f3n (Cispren)\u00a0 mantuvo una reuni\u00f3n con el Ministerio de Seguridad y con la c\u00fapula policial, donde se abord\u00f3 el accionar represivo que sufrieron trabajadores de prensa, en el marco de las detenciones a a dirigentes sindicales y sociales que se movilizaron a la Municipalidad [&hellip;]<\/p>\n","protected":false},"author":7,"featured_media":50468,"comment_status":"open","ping_status":"open","sticky":false,"template":"","format":"standard","meta":{"_exactmetrics_skip_tracking":false,"_exactmetrics_sitenote_active":false,"_exactmetrics_sitenote_note":"","_exactmetrics_sitenote_category":0,"jnews-multi-image_gallery":[],"jnews_single_post":{"format":"standard","override":[{"template":"1","parallax":"1","fullscreen":"1","layout":"no-sidebar-narrow","sidebar":"default-sidebar","second_sidebar":"default-sidebar","sticky_sidebar":"1","share_position":"bottom","share_float_style":"share-monocrhome","show_share_counter":"1","show_view_counter":"1","show_post_meta":"1","show_post_author_image":"1","show_post_date":"1","post_date_format":"default","post_date_format_custom":"Y\/m\/d","show_post_category":"1","show_post_reading_time":"0","post_reading_time_wpm":"300","post_calculate_word_method":"str_word_count","show_zoom_button":"0","zoom_button_out_step":"2","zoom_button_in_step":"3","show_post_tag":"1","number_popup_post":"1","show_post_related":"1","show_inline_post_related":"0"}],"image_override":[{"single_post_thumbnail_size":"crop-500","single_post_gallery_size":"crop-500"}],"trending_post_position":"meta","trending_post_label":"Trending","sponsored_post_label":"Sponsored by","disable_ad":"0"},"jnews_primary_category":[],"jnews_social_meta":[],"jnews_review":[],"enable_review":"","type":"percentage","name":"","summary":"","brand":"","sku":"","good":[],"bad":[],"score_override":"","override_value":"","rating":[],"price":[],"jnews_override_counter":{"view_counter_number":"0","share_counter_number":"0","like_counter_number":"0","dislike_counter_number":"0"},"jnews_post_split":{"post_split":[{"template":"1","tag":"h2","numbering":"asc","mode":"normal","first":"0","enable_toc":"0","toc_type":"normal"}]},"footnotes":""},"categories":[10],"tags":[],"class_list":["post-50467","post","type-post","status-publish","format-standard","has-post-thumbnail","hentry","category-accion-politica"],"jetpack_featured_media_url":"https:\/\/atecordoba.org\/wp-content\/uploads\/2025\/09\/cispren-protocolo.jpeg","_links":{"self":[{"href":"https:\/\/atecordoba.org\/index.php?rest_route=\/wp\/v2\/posts\/50467","targetHints":{"allow":["GET"]}}],"collection":[{"href":"https:\/\/atecordoba.org\/index.php?rest_route=\/wp\/v2\/posts"}],"about":[{"href":"https:\/\/atecordoba.org\/index.php?rest_route=\/wp\/v2\/types\/post"}],"author":[{"embeddable":true,"href":"https:\/\/atecordoba.org\/index.php?rest_route=\/wp\/v2\/users\/7"}],"replies":[{"embeddable":true,"href":"https:\/\/atecordoba.org\/index.php?rest_route=%2Fwp%2Fv2%2Fcomments&post=50467"}],"version-history":[{"count":3,"href":"https:\/\/atecordoba.org\/index.php?rest_route=\/wp\/v2\/posts\/50467\/revisions"}],"predecessor-version":[{"id":50472,"href":"https:\/\/atecordoba.org\/index.php?rest_route=\/wp\/v2\/posts\/50467\/revisions\/50472"}],"wp:featuredmedia":[{"embeddable":true,"href":"https:\/\/atecordoba.org\/index.php?rest_route=\/wp\/v2\/media\/50468"}],"wp:attachment":[{"href":"https:\/\/atecordoba.org\/index.php?rest_route=%2Fwp%2Fv2%2Fmedia&parent=50467"}],"wp:term":[{"taxonomy":"category","embeddable":true,"href":"https:\/\/atecordoba.org\/index.php?rest_route=%2Fwp%2Fv2%2Fcategories&post=50467"},{"taxonomy":"post_tag","embeddable":true,"href":"https:\/\/atecordoba.org\/index.php?rest_route=%2Fwp%2Fv2%2Ftags&post=50467"}],"curies":[{"name":"wp","href":"https:\/\/api.w.org\/{rel}","templated":true}]}}