{"id":50464,"date":"2025-09-03T14:50:32","date_gmt":"2025-09-03T17:50:32","guid":{"rendered":"https:\/\/atecordoba.org\/?p=50464"},"modified":"2025-09-03T14:50:32","modified_gmt":"2025-09-03T17:50:32","slug":"los-hornillos-el-ejecutivo-ofrecio-10-de-aumento-salarial-y-un-bono-de100-mil-pesos-para-octubre","status":"publish","type":"post","link":"https:\/\/atecordoba.org\/?p=50464","title":{"rendered":"Los Hornillos: el Ejecutivo ofreci\u00f3 10% de aumento salarial y un bono de100 mil pesos para octubre"},"content":{"rendered":"<p><img loading=\"lazy\" decoding=\"async\" class=\"aligncenter wp-image-50465 \" src=\"https:\/\/atecordoba.org\/wp-content\/uploads\/2025\/09\/WhatsApp-Image-2025-08-13-at-14.09.53-2-1024x770.jpeg\" alt=\"\" width=\"621\" height=\"467\" srcset=\"https:\/\/atecordoba.org\/wp-content\/uploads\/2025\/09\/WhatsApp-Image-2025-08-13-at-14.09.53-2-1024x770.jpeg 1024w, https:\/\/atecordoba.org\/wp-content\/uploads\/2025\/09\/WhatsApp-Image-2025-08-13-at-14.09.53-2-300x226.jpeg 300w, https:\/\/atecordoba.org\/wp-content\/uploads\/2025\/09\/WhatsApp-Image-2025-08-13-at-14.09.53-2-768x578.jpeg 768w, https:\/\/atecordoba.org\/wp-content\/uploads\/2025\/09\/WhatsApp-Image-2025-08-13-at-14.09.53-2-750x564.jpeg 750w, https:\/\/atecordoba.org\/wp-content\/uploads\/2025\/09\/WhatsApp-Image-2025-08-13-at-14.09.53-2-1140x858.jpeg 1140w, https:\/\/atecordoba.org\/wp-content\/uploads\/2025\/09\/WhatsApp-Image-2025-08-13-at-14.09.53-2.jpeg 1280w\" sizes=\"auto, (max-width: 621px) 100vw, 621px\" \/>En una audiencia paritaria desarrollada en la Secretaria de Trabajo de la Provincia, la Comuna de Los Hornillos ofreci\u00f3 a la representaci\u00f3n de ATE un aumento salarial del 10% para las y los trabajadores de planta permanente y un bono no remunerativo de 100 mil pesos para todo el personal.<\/p>\n<p>Ante la propuesta, ATE respondi\u00f3 que la oferta se someter\u00e1 a la aprobaci\u00f3n de la asamblea de trabajadores de la localidad, ubicada en el Valle de Traslasierra.<\/p>\n<p>La comitiva de estatales estuvo integrada por los y las delegadas Gabriela Chavez, Hugo Kastli, Nicol\u00e1s Gonz\u00e1lez, y Claudia Ortega, en tanto el Departamento Ejecutivo cont\u00f3 con la\u00a0Jefa Comunal, Carolina Caballero, y el Tesorero, Gerardo Rastaldi.<\/p>\n<p>La pr\u00f3xima audiencia en la cartera laboral se llevar\u00e1 a cabo el 17 de septiembre.<\/p>\n","protected":false},"excerpt":{"rendered":"<p>En una audiencia paritaria desarrollada en la Secretaria de Trabajo de la Provincia, la Comuna de Los Hornillos ofreci\u00f3 a la representaci\u00f3n de ATE un aumento salarial del 10% para las y los trabajadores de planta permanente y un bono no remunerativo de 100 mil pesos para todo el personal. Ante la propuesta, ATE respondi\u00f3 [&hellip;]<\/p>\n","protected":false},"author":7,"featured_media":50465,"comment_status":"open","ping_status":"open","sticky":false,"template":"","format":"standard","meta":{"_exactmetrics_skip_tracking":false,"_exactmetrics_sitenote_active":false,"_exactmetrics_sitenote_note":"","_exactmetrics_sitenote_category":0,"jnews-multi-image_gallery":[],"jnews_single_post":[],"jnews_primary_category":[],"jnews_social_meta":[],"jnews_review":[],"enable_review":"","type":"","name":"","summary":"","brand":"","sku":"","good":[],"bad":[],"score_override":"","override_value":"","rating":[],"price":[],"jnews_override_counter":[],"jnews_post_split":[],"footnotes":""},"categories":[20],"tags":[],"class_list":["post-50464","post","type-post","status-publish","format-standard","has-post-thumbnail","hentry","category-municipales"],"jetpack_featured_media_url":"https:\/\/atecordoba.org\/wp-content\/uploads\/2025\/09\/WhatsApp-Image-2025-08-13-at-14.09.53-2.jpeg","_links":{"self":[{"href":"https:\/\/atecordoba.org\/index.php?rest_route=\/wp\/v2\/posts\/50464","targetHints":{"allow":["GET"]}}],"collection":[{"href":"https:\/\/atecordoba.org\/index.php?rest_route=\/wp\/v2\/posts"}],"about":[{"href":"https:\/\/atecordoba.org\/index.php?rest_route=\/wp\/v2\/types\/post"}],"author":[{"embeddable":true,"href":"https:\/\/atecordoba.org\/index.php?rest_route=\/wp\/v2\/users\/7"}],"replies":[{"embeddable":true,"href":"https:\/\/atecordoba.org\/index.php?rest_route=%2Fwp%2Fv2%2Fcomments&post=50464"}],"version-history":[{"count":1,"href":"https:\/\/atecordoba.org\/index.php?rest_route=\/wp\/v2\/posts\/50464\/revisions"}],"predecessor-version":[{"id":50466,"href":"https:\/\/atecordoba.org\/index.php?rest_route=\/wp\/v2\/posts\/50464\/revisions\/50466"}],"wp:featuredmedia":[{"embeddable":true,"href":"https:\/\/atecordoba.org\/index.php?rest_route=\/wp\/v2\/media\/50465"}],"wp:attachment":[{"href":"https:\/\/atecordoba.org\/index.php?rest_route=%2Fwp%2Fv2%2Fmedia&parent=50464"}],"wp:term":[{"taxonomy":"category","embeddable":true,"href":"https:\/\/atecordoba.org\/index.php?rest_route=%2Fwp%2Fv2%2Fcategories&post=50464"},{"taxonomy":"post_tag","embeddable":true,"href":"https:\/\/atecordoba.org\/index.php?rest_route=%2Fwp%2Fv2%2Ftags&post=50464"}],"curies":[{"name":"wp","href":"https:\/\/api.w.org\/{rel}","templated":true}]}}