{"id":50459,"date":"2025-09-03T13:06:56","date_gmt":"2025-09-03T16:06:56","guid":{"rendered":"https:\/\/atecordoba.org\/?p=50459"},"modified":"2025-09-03T13:06:56","modified_gmt":"2025-09-03T16:06:56","slug":"piden-en-la-legislatura-que-el-ministro-quinteros-informe-sobre-la-represion-policial-contra-ate-y-la-ctaa","status":"publish","type":"post","link":"https:\/\/atecordoba.org\/?p=50459","title":{"rendered":"Piden en la Legislatura que el ministro Quinteros informe sobre la represi\u00f3n policial contra ATE y la CTAA"},"content":{"rendered":"<p><img loading=\"lazy\" decoding=\"async\" class=\"aligncenter wp-image-50460 \" src=\"https:\/\/atecordoba.org\/wp-content\/uploads\/2025\/09\/WhatsApp-Image-2025-09-03-at-11.39.38-1024x771.jpeg\" alt=\"\" width=\"623\" height=\"469\" \/>La legisladora Luciana Echevarria, del bloque MST en el FITU, present\u00f3 ayer un pedido de informes al ministro de Seguridad Juan Pablo Quinteros para que explique en la Unicameral respecto al operativo desarrollado por la Polic\u00eda de la Provincia de C\u00f3rdoba, el jueves de 28 agosto, frente a la sede de la Secretar\u00eda de Pol\u00edticas Sociales y Desarrollo Humano de la Municipalidad de C\u00f3rdoba, que termin\u00f3 en represi\u00f3n por la cual resultaron heridos y detenidos varios manifestantes, entre ellos el secretario General de ATE C\u00f3rdoba, Federico Giuliani.<\/p>\n<p>Echevarr\u00eda recibi\u00f3 a una delegaci\u00f3n de AE en su despacho donde explic\u00f3 los alcances del pedido de informes que debe aprobar la Legislatura. En la oportunidad, estuvieron con la legisladora el secretario de DDHH del Consejo Directivo Provincial, C\u00e9sar Theaux, junto a sus pares de Organizaci\u00f3n y Acci\u00f3n Social, Javier Bracamonte y Agust\u00edn Bertone.<\/p>\n<p>ATE solicit\u00f3 tambi\u00e9n que el pedido de informes incluya\u00a0el trato a los abogados populares, por las detenciones en ejercicio de la defensa.<\/p>\n<p>La presentaci\u00f3n incluye conocer:<\/p>\n<ul>\n<li>Cantidad de efectivos policiales que participaron del mismo, rangos, formaci\u00f3n y detalle del armamento utilizado en la ocasi\u00f3n.<\/li>\n<li>Si el operativo tuvo origen en la denuncia de alg\u00fan vecino, funcionario de la instituci\u00f3n o por orden judicial. En tal caso, detalle el funcionario actuante.<\/li>\n<li>Indique cu\u00e1les son los procedimientos y protocolos que lleva a cabo la Polic\u00eda de la Provincia en este tipo de manifestaciones y el monitoreo que realiza la cartera a su cargo sobre los operativos efectuados.<\/li>\n<li>Detalle de las personas que resultaron heridas en la oportunidad.<\/li>\n<li>Detalle de los civiles que fueron detenidos y las causas de la detenci\u00f3n.<\/li>\n<li>Explique los procedimientos internos, las acciones sumariales y las medidas disciplinarias previstas en caso de irregularidades en los operativos.<\/li>\n<li>Si se est\u00e1 realizando alguna investigaci\u00f3n o auditor\u00eda sobre la actuaci\u00f3n policial en el operativo mencionado, ante las denuncias p\u00fablicas de abuso policial.<\/li>\n<\/ul>\n<p>Fundamentos<\/p>\n<p>En su consideraciones, el pedido de informes justifica el planteo en que &#8220;el derecho de protesta social constituye uno de los pilares sobre los que se asientan las sociedades democr\u00e1ticas y se encuentra reconocido no s\u00f3lo por la Constituci\u00f3n Nacional (art. 14 bis) y Provincial (art. 51), sino tambi\u00e9n por los tratados internacionales de derechos humanos incorporados al bloque constitucional por el art. 75, inc. 22 (art. 20, Declaraci\u00f3n Universal de los Derechos Humanos; art. 21, Pacto Internacional de Derechos Civiles y Pol\u00edticos; art. 15, Convenci\u00f3n Americana de Derechos Humanos)&#8221;.<\/p>\n<p>&#8220;En este sentido, la protesta social se encuentra en la base del ejercicio de otros derechos como la libertad de expresi\u00f3n, el derecho de reuni\u00f3n, la libertad de asociaci\u00f3n y el derecho de participaci\u00f3n en los asuntos p\u00fablicos&#8221;.<\/p>\n<p>&#8220;Por ello, la Comisi\u00f3n Interamericana de Derechos Humanos la considera una actividad que reviste un \u201cinter\u00e9s social imperativo\u201d, lo que conlleva que exista una presunci\u00f3n general en favor de su ejercicio&#8221;.<\/p>\n<p>&#8220;La Corte Suprema de Justicia de la Naci\u00f3n sostuvo recientemente que las libertades de reuni\u00f3n, de expresi\u00f3n y de asociaci\u00f3n, constitutivas del derecho a la protesta, son \u201cesenciales del estado constitucional vigente en la Rep\u00fablica\u201d. En este sentido, estableci\u00f3 que si bien el Estado tiene la facultad de reglamentar el uso de las calles, parques y otros espacios p\u00fablicos en pos de su disfrute como bien p\u00fablico, as\u00ed como de determinar los mecanismos a trav\u00e9s de los cuales se supervisar\u00e1 que dichas normas sean cumplidas en la pr\u00e1ctica, tambi\u00e9n tiene el deber de respetar los derechos fundamentales de las personas, entre los que se encuentra la libertad de asociaci\u00f3n y de expresi\u00f3n. Por ello el Estado debe evitar utilizar la persecuci\u00f3n penal como m\u00e9todo de criminalizaci\u00f3n, y fomentar el efectivo y pleno ejercicio de los derechos que mencionamos m\u00e1s arriba. En la causa contra Giuliani y los otros 14 detenidos se ven claras las caracter\u00edsticas propias de los procesos de criminalizaci\u00f3n de la protesta que niegan su libre ejercicio&#8221;.<\/p>\n<p>&#8220;Adem\u00e1s de la dimensi\u00f3n individual e institucional, la criminalizaci\u00f3n tiene un efecto intimidatorio sobre toda la sociedad, y conduce a impedir la protesta social. Junto con el procesamiento anterior de otros militantes sociales y los proyectos que recientemente se han debatido de manera p\u00fablica con la intenci\u00f3n de limitar el derecho a la protesta, creemos que estamos ante una clara avanzada autoritaria en la misma l\u00ednea de la impulsada por la Ministra de Seguridad Bullrich a nivel del gobierno nacional&#8221;.<\/p>\n<p>&#8220;Por esta raz\u00f3n y en virtud de la gravedad de los hechos ocurridos, solicitamos con urgencia esta informaci\u00f3n y exigimos explicaciones sobre las actuaciones de las fuerzas de seguridad a cargo de su ministerio&#8221;, concluye el pedido de informes.<\/p>\n","protected":false},"excerpt":{"rendered":"<p>La legisladora Luciana Echevarria, del bloque MST en el FITU, present\u00f3 ayer un pedido de informes al ministro de Seguridad Juan Pablo Quinteros para que explique en la Unicameral respecto al operativo desarrollado por la Polic\u00eda de la Provincia de C\u00f3rdoba, el jueves de 28 agosto, frente a la sede de la Secretar\u00eda de Pol\u00edticas [&hellip;]<\/p>\n","protected":false},"author":7,"featured_media":50460,"comment_status":"open","ping_status":"open","sticky":false,"template":"","format":"standard","meta":{"_exactmetrics_skip_tracking":false,"_exactmetrics_sitenote_active":false,"_exactmetrics_sitenote_note":"","_exactmetrics_sitenote_category":0,"jnews-multi-image_gallery":[],"jnews_single_post":[],"jnews_primary_category":[],"jnews_social_meta":[],"jnews_review":[],"enable_review":"","type":"","name":"","summary":"","brand":"","sku":"","good":[],"bad":[],"score_override":"","override_value":"","rating":[],"price":[],"jnews_override_counter":[],"jnews_post_split":[],"footnotes":""},"categories":[341],"tags":[],"class_list":["post-50459","post","type-post","status-publish","format-standard","has-post-thumbnail","hentry","category-cdp"],"jetpack_featured_media_url":"https:\/\/atecordoba.org\/wp-content\/uploads\/2025\/09\/WhatsApp-Image-2025-09-03-at-11.39.38-e1756915609996.jpeg","_links":{"self":[{"href":"https:\/\/atecordoba.org\/index.php?rest_route=\/wp\/v2\/posts\/50459","targetHints":{"allow":["GET"]}}],"collection":[{"href":"https:\/\/atecordoba.org\/index.php?rest_route=\/wp\/v2\/posts"}],"about":[{"href":"https:\/\/atecordoba.org\/index.php?rest_route=\/wp\/v2\/types\/post"}],"author":[{"embeddable":true,"href":"https:\/\/atecordoba.org\/index.php?rest_route=\/wp\/v2\/users\/7"}],"replies":[{"embeddable":true,"href":"https:\/\/atecordoba.org\/index.php?rest_route=%2Fwp%2Fv2%2Fcomments&post=50459"}],"version-history":[{"count":1,"href":"https:\/\/atecordoba.org\/index.php?rest_route=\/wp\/v2\/posts\/50459\/revisions"}],"predecessor-version":[{"id":50461,"href":"https:\/\/atecordoba.org\/index.php?rest_route=\/wp\/v2\/posts\/50459\/revisions\/50461"}],"wp:featuredmedia":[{"embeddable":true,"href":"https:\/\/atecordoba.org\/index.php?rest_route=\/wp\/v2\/media\/50460"}],"wp:attachment":[{"href":"https:\/\/atecordoba.org\/index.php?rest_route=%2Fwp%2Fv2%2Fmedia&parent=50459"}],"wp:term":[{"taxonomy":"category","embeddable":true,"href":"https:\/\/atecordoba.org\/index.php?rest_route=%2Fwp%2Fv2%2Fcategories&post=50459"},{"taxonomy":"post_tag","embeddable":true,"href":"https:\/\/atecordoba.org\/index.php?rest_route=%2Fwp%2Fv2%2Ftags&post=50459"}],"curies":[{"name":"wp","href":"https:\/\/api.w.org\/{rel}","templated":true}]}}