{"id":50446,"date":"2025-09-03T12:20:15","date_gmt":"2025-09-03T15:20:15","guid":{"rendered":"https:\/\/atecordoba.org\/?p=50446"},"modified":"2025-09-03T12:20:15","modified_gmt":"2025-09-03T15:20:15","slug":"giuliani-no-nos-van-a-sacar-de-la-calle","status":"publish","type":"post","link":"https:\/\/atecordoba.org\/?p=50446","title":{"rendered":"Giuliani: &#8220;no nos van a sacar de la calle&#8221;"},"content":{"rendered":"<p><img loading=\"lazy\" decoding=\"async\" class=\"aligncenter wp-image-50448 \" src=\"https:\/\/atecordoba.org\/wp-content\/uploads\/2025\/09\/WhatsApp-Image-2025-09-03-at-11.38.52-1.jpeg\" alt=\"\" width=\"631\" height=\"775\" srcset=\"https:\/\/atecordoba.org\/wp-content\/uploads\/2025\/09\/WhatsApp-Image-2025-09-03-at-11.38.52-1.jpeg 738w, https:\/\/atecordoba.org\/wp-content\/uploads\/2025\/09\/WhatsApp-Image-2025-09-03-at-11.38.52-1-244x300.jpeg 244w\" sizes=\"auto, (max-width: 631px) 100vw, 631px\" \/>Tras su liberaci\u00f3n el lunes pasado, el secretario General de ATE C\u00f3rdoba Federico Giuliani brind\u00f3 una entrevista donde relat\u00f3 los pormenores de su detenci\u00f3n el jueves 28 de agosto, apunt\u00f3 contra la Polic\u00eda de la provincia, el fiscal que orden\u00f3 su confinamiento y el ministro de Seguridad Juan Pablo Quinteros, por ser responsable del operativo represivo. Tambi\u00e9n fustig\u00f3 al gobernador Mart\u00edn Llaryora y el candidato cordobesista Juan Schiaretti: &#8220;en la pr\u00e1ctica, son Javier Milei en C\u00f3rdoba&#8221;.<\/p>\n<p>La entrevista se realiz\u00f3 en la sede del Consejo Directivo Provincial, donde Giuliani portaba un cabestrillo que le sosten\u00eda el brazo a ra\u00edz de la quebradura de un codo, que le cometi\u00f3 un polic\u00eda cuando lo espos\u00f3, a pesar que nunca ofreci\u00f3 resistencia a la detenci\u00f3n.<\/p>\n<p>&#8220;En la C\u00f3rdoba de hoy los DDHH no se respetan. Hay una reivindicaci\u00f3n del cordobesismo una mirada nost\u00e1lgica de los DDHH de los \u201970, pero los DDHH de hoy est\u00e1n totalmente violentados. Me toc\u00f3 vivirlo en primera persona&#8221;, arranc\u00f3 el dirigente.<img loading=\"lazy\" decoding=\"async\" class=\"aligncenter wp-image-50449 \" src=\"https:\/\/atecordoba.org\/wp-content\/uploads\/2025\/09\/cartel-1024x680.jpg\" alt=\"\" width=\"611\" height=\"406\" srcset=\"https:\/\/atecordoba.org\/wp-content\/uploads\/2025\/09\/cartel-1024x680.jpg 1024w, https:\/\/atecordoba.org\/wp-content\/uploads\/2025\/09\/cartel-300x199.jpg 300w, https:\/\/atecordoba.org\/wp-content\/uploads\/2025\/09\/cartel-768x510.jpg 768w, https:\/\/atecordoba.org\/wp-content\/uploads\/2025\/09\/cartel-1536x1020.jpg 1536w, https:\/\/atecordoba.org\/wp-content\/uploads\/2025\/09\/cartel-2048x1360.jpg 2048w, https:\/\/atecordoba.org\/wp-content\/uploads\/2025\/09\/cartel-750x498.jpg 750w, https:\/\/atecordoba.org\/wp-content\/uploads\/2025\/09\/cartel-1140x757.jpg 1140w\" sizes=\"auto, (max-width: 611px) 100vw, 611px\" \/><\/p>\n<p>Y agreg\u00f3: &#8220;protestar es un derecho, el derecho madre que nos permite conseguir condiciones de vida dignas: salario, ayuda social. Pero en una C\u00f3rdoba alineada a las pol\u00edticas fascistas de Milei parece que manifestarse o expresar una bronca sobre ciertas situaciones es un delito&#8221;.<\/p>\n<p><strong>-\u00bfComo sucedieron los hechos?<\/strong><\/p>\n<p>Nosotros fuimos a una dependencia municipal que no da respuesta a nuestros reclamos hace tres meses. Hay un funcionario que no funciona en la Municipalidad, llamado Ra\u00fal La Cava, que es un calco con Sandra Petovello. Fuimos a su oficina a buscar ayuda social, a partir de un compromiso que ten\u00eda su dependencia con la CTAA y nos encontramos con una represi\u00f3n desmedida, en un operativo policial totalmente irregular.<\/p>\n<p>En la reconstrucci\u00f3n de lo sucedido el jueves pasado, a nosotros nos permiten ingresar al organismo y cuando entramos directamente nos emboscaron. Cerraron con llave, nos tuvieron detenidos aproximadamente una hora, literalmente secuestrados con privaci\u00f3n ileg\u00edtima de la libertad. Sumado a un posterior show medi\u00e1tico montado, con una unidad de traslado como en si C\u00f3rdoba se pudiera dar estos lujos de semejante gasto del erario p\u00fablico para reprimir una movilizaci\u00f3n pac\u00edfica que ped\u00eda comida.<img loading=\"lazy\" decoding=\"async\" class=\"aligncenter wp-image-50450 \" src=\"https:\/\/atecordoba.org\/wp-content\/uploads\/2025\/09\/WhatsApp-Image-2025-08-29-at-08.38.21-1-1024x768.jpeg\" alt=\"\" width=\"614\" height=\"461\" srcset=\"https:\/\/atecordoba.org\/wp-content\/uploads\/2025\/09\/WhatsApp-Image-2025-08-29-at-08.38.21-1-1024x768.jpeg 1024w, https:\/\/atecordoba.org\/wp-content\/uploads\/2025\/09\/WhatsApp-Image-2025-08-29-at-08.38.21-1-300x225.jpeg 300w, https:\/\/atecordoba.org\/wp-content\/uploads\/2025\/09\/WhatsApp-Image-2025-08-29-at-08.38.21-1-768x576.jpeg 768w, https:\/\/atecordoba.org\/wp-content\/uploads\/2025\/09\/WhatsApp-Image-2025-08-29-at-08.38.21-1-1536x1152.jpeg 1536w, https:\/\/atecordoba.org\/wp-content\/uploads\/2025\/09\/WhatsApp-Image-2025-08-29-at-08.38.21-1-750x563.jpeg 750w, https:\/\/atecordoba.org\/wp-content\/uploads\/2025\/09\/WhatsApp-Image-2025-08-29-at-08.38.21-1-1140x855.jpeg 1140w, https:\/\/atecordoba.org\/wp-content\/uploads\/2025\/09\/WhatsApp-Image-2025-08-29-at-08.38.21-1.jpeg 1600w\" sizes=\"auto, (max-width: 614px) 100vw, 614px\" \/><\/p>\n<p>No hay otros problemas de seguridad en\u00a0 la ciudad, como el narcotr\u00e1fico que avanza, los delitos que aumentan, las c\u00fapulas policiales totalmente corrompidas. Esos son los problemas reales. Con la represi\u00f3n que sufrimos se quiso vender humo.<\/p>\n<p>Me fractura el brazo un oficial que se llama Ezequiel Romero aplic\u00e1ndome una toma cuando me va a poner las esposas, cuando no ofrec\u00ed ninguna resistencia y en una situaci\u00f3n de absoluta indefensi\u00f3n. \u00c9ramos siete varones y ocho mujeres contra un Cuerpo de Infanter\u00eda de unos 50 efectivos. Yo ofrec\u00ed ponerme las esposas adelante, no me hicieron caso, me hicieron una toma y me las pusieron en la espalda como a un delincuente. Incluso en la salida le pegan a periodistas porque no quer\u00edan que filmen el operativo. <img loading=\"lazy\" decoding=\"async\" class=\"aligncenter wp-image-50454 \" src=\"https:\/\/atecordoba.org\/wp-content\/uploads\/2025\/09\/aguiar-1024x680.jpg\" alt=\"\" width=\"618\" height=\"411\" srcset=\"https:\/\/atecordoba.org\/wp-content\/uploads\/2025\/09\/aguiar-1024x680.jpg 1024w, https:\/\/atecordoba.org\/wp-content\/uploads\/2025\/09\/aguiar-300x199.jpg 300w, https:\/\/atecordoba.org\/wp-content\/uploads\/2025\/09\/aguiar-768x510.jpg 768w, https:\/\/atecordoba.org\/wp-content\/uploads\/2025\/09\/aguiar-1536x1020.jpg 1536w, https:\/\/atecordoba.org\/wp-content\/uploads\/2025\/09\/aguiar-2048x1360.jpg 2048w, https:\/\/atecordoba.org\/wp-content\/uploads\/2025\/09\/aguiar-750x498.jpg 750w, https:\/\/atecordoba.org\/wp-content\/uploads\/2025\/09\/aguiar-1140x757.jpg 1140w\" sizes=\"auto, (max-width: 618px) 100vw, 618px\" \/><\/p>\n<p><strong>-\u00bfQue pas\u00f3 despu\u00e9s?<\/strong><\/p>\n<p>De ah\u00ed en m\u00e1s se dio una secuencia que fue de terror: estuve tres horas esposado con el brazo quebrado, cuando me llevaron al Hospital Misericordia qued\u00e9 internado donde estuve acostado 24 horas esposado a la cama, mientras ten\u00eda el otro brazo quebrado, no pude ir al ba\u00f1o ni tomar agua, con una custodia excesiva seg\u00fan me dec\u00edan los propios m\u00e9dicos que ven\u00edan a verme, a la media noche mientras estaba sedado y durmiendo apareci\u00f3 el \u00e1rea de investigaciones de la polic\u00eda a hacerme preguntas, estuve incomunicado mientras desfilaba toda la c\u00fapula de la polic\u00eda y me miraba como si fuera un trofeo de guerra, lo que me hizo sentirme muy amedrentado. Al otro d\u00eda me trasladan a la alcaid\u00eda y me imputan \u2018resistencia a la autoridad\u2019, \u2018amenazas\u2019 y \u2018lesiones leves\u2019. Todos delitos excarcelables, incluso si fuesen ciertos.<\/p>\n<p>Pero en C\u00f3rdoba el estado de derecho es una excepci\u00f3n. Hoy tenemos fiscales dictando prisiones preventivas cuando los jueces deber\u00edan hacerlo. El fiscal De Arag\u00f3n me viene hostigando hace muchos a\u00f1os y decidi\u00f3 ahora detenerme de manera arbitraria y me mand\u00f3 a un penal de m\u00e1xima seguridad en Bower, donde sufr\u00ed todo tipo de amenazas del Servicio Penitenciario hasta que ingres\u00e9 al pabell\u00f3n, donde estuve ingresado con presos comunes.<img loading=\"lazy\" decoding=\"async\" class=\"aligncenter wp-image-50452 \" src=\"https:\/\/atecordoba.org\/wp-content\/uploads\/2025\/09\/humo-1024x680.jpg\" alt=\"\" width=\"615\" height=\"409\" srcset=\"https:\/\/atecordoba.org\/wp-content\/uploads\/2025\/09\/humo-1024x680.jpg 1024w, https:\/\/atecordoba.org\/wp-content\/uploads\/2025\/09\/humo-300x199.jpg 300w, https:\/\/atecordoba.org\/wp-content\/uploads\/2025\/09\/humo-768x510.jpg 768w, https:\/\/atecordoba.org\/wp-content\/uploads\/2025\/09\/humo-1536x1020.jpg 1536w, https:\/\/atecordoba.org\/wp-content\/uploads\/2025\/09\/humo-2048x1360.jpg 2048w, https:\/\/atecordoba.org\/wp-content\/uploads\/2025\/09\/humo-750x498.jpg 750w, https:\/\/atecordoba.org\/wp-content\/uploads\/2025\/09\/humo-1140x757.jpg 1140w\" sizes=\"auto, (max-width: 615px) 100vw, 615px\" \/><\/p>\n<p>Tambi\u00e9n hay una discusi\u00f3n sobre el sistema carcelario que en C\u00f3rdoba tiene la matriz de la dictadura militar. Cuando vos entr\u00e1s ah\u00ed perd\u00e9s la noci\u00f3n que ten\u00e9s derechos: la comida es indigna, est\u00e1 lleno de ratas y cucarachas y el 60% de los presos est\u00e1 sin condena.<\/p>\n<p><strong>-\u00bfQu\u00e9 menci\u00f3n podes hacer de la reacci\u00f3n de las organizaciones ante tu detenci\u00f3n?\u00a0<\/strong><\/p>\n<p>Todo esto gener\u00f3 un proceso de movilizaci\u00f3n popular impresionante. Debo destacar y agradecer a cada dirigente y militante que se acercaron a cada actividad que ATE realiz\u00f3 para exigir mi libertad.<\/p>\n<p>El sindicato resolvi\u00f3 un paro general nacional y esos reflejos pol\u00edticos r\u00e1pidos permitieron que hoy est\u00e9 liberado, porque si fuera por De Arag\u00f3n o por la Justicia cordobesa hoy seguir\u00eda preso.<\/p>\n<p>La valoraci\u00f3n que hacemos es que fuimos a pedir comida y recibimos palos y detenciones ilegales, me toc\u00f3 sufrirla a m\u00ed y a mis compa\u00f1eras y compa\u00f1eros tambi\u00e9n, atravesando situaciones denigrantes. Por eso decimos que cada abuso que sufrimos lo vamos a cobrar, uno por uno. La polic\u00eda, el fiscal y el servicio penitenciario son funcionarios p\u00fablicos y tienen la obligaci\u00f3n de cuidarnos.<img loading=\"lazy\" decoding=\"async\" class=\"aligncenter wp-image-50453 \" src=\"https:\/\/atecordoba.org\/wp-content\/uploads\/2025\/09\/GA-1024x680.jpg\" alt=\"\" width=\"612\" height=\"407\" srcset=\"https:\/\/atecordoba.org\/wp-content\/uploads\/2025\/09\/GA-1024x680.jpg 1024w, https:\/\/atecordoba.org\/wp-content\/uploads\/2025\/09\/GA-300x199.jpg 300w, https:\/\/atecordoba.org\/wp-content\/uploads\/2025\/09\/GA-768x510.jpg 768w, https:\/\/atecordoba.org\/wp-content\/uploads\/2025\/09\/GA-1536x1020.jpg 1536w, https:\/\/atecordoba.org\/wp-content\/uploads\/2025\/09\/GA-2048x1360.jpg 2048w, https:\/\/atecordoba.org\/wp-content\/uploads\/2025\/09\/GA-750x498.jpg 750w, https:\/\/atecordoba.org\/wp-content\/uploads\/2025\/09\/GA-1140x757.jpg 1140w\" sizes=\"auto, (max-width: 612px) 100vw, 612px\" \/><\/p>\n<p>Quiero resaltar a la gente del pabell\u00f3n de la c\u00e1rcel donde estuve detenido, que tuvo much\u00edsima humanidad. Estuve cuatro d\u00edas detenido hasta que mi familia pudo visitarme, sufriendo verdugueos y vej\u00e1menes que se los deseo a nadie, sin ropa ni comida, incomunicado casi 72 horas y me llevo los gestos de solidaridad de los detenidos que me permitieron sobrellevar esos d\u00edas de la mejor manera.<\/p>\n<p>No soy el Chapo Guzm\u00e1n ni el Porte\u00f1o Luzi, sino un dirigente que lucha que sufri\u00f3 una detenci\u00f3n injusta y que estuve sin comida porque la que brinda el Servicio Penitenciario no la comen ni los perros.<\/p>\n<h3>Responsables<\/h3>\n<p>Giuliani apunt\u00f3 contra los responsables pol\u00edticos de la represi\u00f3n que deriv\u00f3 en su encarcelamiento. &#8220;Debemos decir que el responsable del operativo es el ministro de Seguridad Juan Pablo Quinteros, que sigue los pasos de Patricia Bullrich.- Pero el responsable m\u00e1ximo es el gobernador Mart\u00edn Llaryora&#8221;.<\/p>\n<p>En tal sentido, el dirigente a\u00f1adi\u00f3 que &#8220;el cordobesismo en etapa electoral se quiere despegar de Milei, a pesar de haberle votado la Ley Bases que permite el saqueo en Argentina, pero en realidad Llaryora y Juan Schiaretti son Javier Milei en C\u00f3rdoba&#8221;.<img loading=\"lazy\" decoding=\"async\" class=\"aligncenter wp-image-50455 \" src=\"https:\/\/atecordoba.org\/wp-content\/uploads\/2025\/09\/gente-1024x680.jpg\" alt=\"\" width=\"614\" height=\"408\" srcset=\"https:\/\/atecordoba.org\/wp-content\/uploads\/2025\/09\/gente-1024x680.jpg 1024w, https:\/\/atecordoba.org\/wp-content\/uploads\/2025\/09\/gente-300x199.jpg 300w, https:\/\/atecordoba.org\/wp-content\/uploads\/2025\/09\/gente-768x510.jpg 768w, https:\/\/atecordoba.org\/wp-content\/uploads\/2025\/09\/gente-1536x1020.jpg 1536w, https:\/\/atecordoba.org\/wp-content\/uploads\/2025\/09\/gente-2048x1360.jpg 2048w, https:\/\/atecordoba.org\/wp-content\/uploads\/2025\/09\/gente-750x498.jpg 750w, https:\/\/atecordoba.org\/wp-content\/uploads\/2025\/09\/gente-1140x757.jpg 1140w\" sizes=\"auto, (max-width: 614px) 100vw, 614px\" \/><\/p>\n<p><strong>\u00bfC\u00f3mo contin\u00faa tu situaci\u00f3n?<\/strong><\/p>\n<p>Estuvimos con la jueza, que hizo justicia ante la situaci\u00f3n aberrante y violatoria de los DDHH que sufr\u00eda. Por eso me liber\u00f3.<\/p>\n<p>Tuvimos la posibilidad y capacidad de nacionalizar esta situaci\u00f3n, que tiene que ver con gobiernos que ajustan, que criminalizan la protesta y judicializan a los que nos manifestamos. Se involucr\u00f3 el CELS que es un organismo de DDHH muy reconocido a nivel nacional e internacional y todo lo que plante\u00f3 es contundente. Yo estoy a disposici\u00f3n de la Justicia para que nos investigue pero tambi\u00e9n queremos que se investiguen las situaciones de tortura, de vej\u00e1menes, de amenazas y amedrentamientos que sufrimos de parte de la Polic\u00eda y el Servicio Penitenciario, culpa del fiscal De Arag\u00f3n y del ministro Quinteros.<img loading=\"lazy\" decoding=\"async\" class=\"aligncenter wp-image-50456 \" src=\"https:\/\/atecordoba.org\/wp-content\/uploads\/2025\/09\/ate-1024x680.jpg\" alt=\"\" width=\"612\" height=\"407\" srcset=\"https:\/\/atecordoba.org\/wp-content\/uploads\/2025\/09\/ate-1024x680.jpg 1024w, https:\/\/atecordoba.org\/wp-content\/uploads\/2025\/09\/ate-300x199.jpg 300w, https:\/\/atecordoba.org\/wp-content\/uploads\/2025\/09\/ate-768x510.jpg 768w, https:\/\/atecordoba.org\/wp-content\/uploads\/2025\/09\/ate-1536x1020.jpg 1536w, https:\/\/atecordoba.org\/wp-content\/uploads\/2025\/09\/ate-2048x1360.jpg 2048w, https:\/\/atecordoba.org\/wp-content\/uploads\/2025\/09\/ate-750x498.jpg 750w, https:\/\/atecordoba.org\/wp-content\/uploads\/2025\/09\/ate-1140x757.jpg 1140w\" sizes=\"auto, (max-width: 612px) 100vw, 612px\" \/><\/p>\n<p>Ante los tiempos que se viven no va a ser tan sencillo sacarnos de la calle, de la protesta y de la lucha. Cuando m\u00e1s de incrementen las condiciones de crisis social, la gente se va a ir organizando de mejor manera. Lo demostraron ATE y la CTAA, que estuvieron tres d\u00edas seguidos en la calle, con una solidaridad hermosa de organizaciones hermanas. Tambi\u00e9n vimos las mezquindades de los que no aparecieron<\/p>\n<p>Soy hijo de un preso pol\u00edtico de la dictadura, que deambul\u00f3 muchas c\u00e1rceles, pero nunca pens\u00e9 que iba a estar ah\u00ed. Ellos nos quieren doblegar pero la conclusi\u00f3n es que estoy fuerte y entero, resaltando que no hay un h\u00e9roe individual, el h\u00e9roe es colectivo: las organizaciones y el pueblo que luchan por Justicia Social y una vida digna en la provincia.<\/p>\n","protected":false},"excerpt":{"rendered":"<p>Tras su liberaci\u00f3n el lunes pasado, el secretario General de ATE C\u00f3rdoba Federico Giuliani brind\u00f3 una entrevista donde relat\u00f3 los pormenores de su detenci\u00f3n el jueves 28 de agosto, apunt\u00f3 contra la Polic\u00eda de la provincia, el fiscal que orden\u00f3 su confinamiento y el ministro de Seguridad Juan Pablo Quinteros, por ser responsable del operativo [&hellip;]<\/p>\n","protected":false},"author":7,"featured_media":50448,"comment_status":"open","ping_status":"open","sticky":false,"template":"","format":"standard","meta":{"_exactmetrics_skip_tracking":false,"_exactmetrics_sitenote_active":false,"_exactmetrics_sitenote_note":"","_exactmetrics_sitenote_category":0,"jnews-multi-image_gallery":[],"jnews_single_post":[],"jnews_primary_category":[],"jnews_social_meta":[],"jnews_review":[],"enable_review":"","type":"","name":"","summary":"","brand":"","sku":"","good":[],"bad":[],"score_override":"","override_value":"","rating":[],"price":[],"jnews_override_counter":[],"jnews_post_split":[],"footnotes":""},"categories":[341],"tags":[],"class_list":["post-50446","post","type-post","status-publish","format-standard","has-post-thumbnail","hentry","category-cdp"],"jetpack_featured_media_url":"https:\/\/atecordoba.org\/wp-content\/uploads\/2025\/09\/WhatsApp-Image-2025-09-03-at-11.38.52-1.jpeg","_links":{"self":[{"href":"https:\/\/atecordoba.org\/index.php?rest_route=\/wp\/v2\/posts\/50446","targetHints":{"allow":["GET"]}}],"collection":[{"href":"https:\/\/atecordoba.org\/index.php?rest_route=\/wp\/v2\/posts"}],"about":[{"href":"https:\/\/atecordoba.org\/index.php?rest_route=\/wp\/v2\/types\/post"}],"author":[{"embeddable":true,"href":"https:\/\/atecordoba.org\/index.php?rest_route=\/wp\/v2\/users\/7"}],"replies":[{"embeddable":true,"href":"https:\/\/atecordoba.org\/index.php?rest_route=%2Fwp%2Fv2%2Fcomments&post=50446"}],"version-history":[{"count":1,"href":"https:\/\/atecordoba.org\/index.php?rest_route=\/wp\/v2\/posts\/50446\/revisions"}],"predecessor-version":[{"id":50457,"href":"https:\/\/atecordoba.org\/index.php?rest_route=\/wp\/v2\/posts\/50446\/revisions\/50457"}],"wp:featuredmedia":[{"embeddable":true,"href":"https:\/\/atecordoba.org\/index.php?rest_route=\/wp\/v2\/media\/50448"}],"wp:attachment":[{"href":"https:\/\/atecordoba.org\/index.php?rest_route=%2Fwp%2Fv2%2Fmedia&parent=50446"}],"wp:term":[{"taxonomy":"category","embeddable":true,"href":"https:\/\/atecordoba.org\/index.php?rest_route=%2Fwp%2Fv2%2Fcategories&post=50446"},{"taxonomy":"post_tag","embeddable":true,"href":"https:\/\/atecordoba.org\/index.php?rest_route=%2Fwp%2Fv2%2Ftags&post=50446"}],"curies":[{"name":"wp","href":"https:\/\/api.w.org\/{rel}","templated":true}]}}