{"id":5044,"date":"2015-03-26T17:45:20","date_gmt":"2015-03-26T20:45:20","guid":{"rendered":"http:\/\/www.atecordoba.org\/?p=5044"},"modified":"2015-03-26T17:45:20","modified_gmt":"2015-03-26T20:45:20","slug":"ate-cordoba-convoca-al-paro-contra-el-impuesto-al-salario","status":"publish","type":"post","link":"https:\/\/atecordoba.org\/?p=5044","title":{"rendered":"ATE C\u00f3rdoba convoca al paro contra el impuesto al salario"},"content":{"rendered":"<p><em>En el marco del paro nacional que se llevar\u00e1 a cabo el pr\u00f3ximo 31 de marzo en rechazo al impuesto al salario, ATE C\u00f3rdoba realizar\u00e1 la medida de fuerza en toda la provincia, convocando a todos los trabajadores del Estado nacional, provincial y municipal a hacer sentir al gobierno nacional el repudio de los trabajadores cordobeses ante esa lamentable situaci\u00f3n que golpea nuestro poder adquisitivo. El paro se llevar\u00e1 a cabo desde las 0 a las 24 horas del martes 31, sin concurrencia a los lugares de trabajo.<\/em><\/p>\n<p><a href=\"http:\/\/www.atecordoba.org\/wp-content\/uploads\/2015\/03\/El-salario-no-es-ganancia.jpg\"><img loading=\"lazy\" decoding=\"async\" class=\"aligncenter  wp-image-5045\" src=\"http:\/\/www.atecordoba.org\/wp-content\/uploads\/2015\/03\/El-salario-no-es-ganancia.jpg\" alt=\"El-salario-no-es-ganancia\" width=\"559\" height=\"153\" \/><\/a><\/p>\n<p>&nbsp;<\/p>\n<p>Hace ya tiempo que nuestro gremio, al igual que otras organizaciones sindicales viene reiterando el reclamo para que el gobierno nacional elimine este injusto tributo, que graba como \u2018ganancia\u2019 la justa retribuci\u00f3n que significa el salario para cada trabajador, mientras las verdaderas ganancias que genera el negocio del juego o la especulaci\u00f3n financiera gozan de la c\u00ednica desgravaci\u00f3n tributaria.<\/p>\n<p>Amplios sectores representados por nuestro gremio est\u00e1n afectados por este impuesto, cuyos los salarios superan los 15 mil pesos. Se trata de trabajadores a los que el gobierno, curiosamente, considera ricos en momentos en que la canasta familiar se encuentra por encima de los 12 mil pesos. De esta forma, cuando la lucha gremial logra un salario digno que cubra dicha canasta, el gobierno se encarga de recordarnos que los \u00fanicos privilegiados en Argentina actual son los especuladores.<\/p>\n<p>As\u00ed, mediante la aplicaci\u00f3n del impuesto, el Poder Ejecutivo nacional torna la lucha del salario una trampa sin aparente salida, que el movimiento obrero debe romper a trav\u00e9s de un plan de lucha, para demostrar el rechazo del pueblo a un sistema tributario regresivo donde, al rev\u00e9s de Robin Hood, le quita a los trabajadores para beneficiar a los que m\u00e1s tienen.<\/p>\n<p>Vale se\u00f1alar que ATE convoca al paro en defensa de los salarios y ello incluye a la mayor\u00eda del pueblo trabajador que, como en el caso de muchos los trabajadores estatales nacionales, provinciales y municipales, cobra salarios que no alcanzan a cotizar para pagar el impuesto y ni siquiera cubren la canasta familiar.<\/p>\n<p>En consecuencia, esta medida de fuerza est\u00e1 dispuesta en defensa de la dignidad del salario, que supone la quita del impuesto y una recomposici\u00f3n salarial para que el Estado empleador \u2013sea nacional, provincial o municipal\u2013 pague haberes acorde a los costos de las familias trabajadoras. De la misma forma, convocamos en reclamo del 82% m\u00f3vil para los jubilados nacionales y provinciales, estafados por las respectivas administraciones despu\u00e9s de toda una vida de aportes.<\/p>\n<p style=\"text-align: right;\">Mar\u00eda Teresa Romero<\/p>\n<p style=\"text-align: right;\">Secretaria General<\/p>\n<p style=\"text-align: right;\">ATE C\u00f3rdoba<\/p>\n","protected":false},"excerpt":{"rendered":"<p>En el marco del paro nacional que se llevar\u00e1 a cabo el pr\u00f3ximo 31 de marzo en rechazo al impuesto al salario, ATE C\u00f3rdoba realizar\u00e1 la medida de fuerza en toda la provincia, convocando a todos los trabajadores del Estado nacional, provincial y municipal a hacer sentir al gobierno nacional el repudio de los trabajadores [&hellip;]<\/p>\n","protected":false},"author":1,"featured_media":19220,"comment_status":"open","ping_status":"open","sticky":false,"template":"","format":"standard","meta":{"_exactmetrics_skip_tracking":false,"_exactmetrics_sitenote_active":false,"_exactmetrics_sitenote_note":"","_exactmetrics_sitenote_category":0,"jnews-multi-image_gallery":[],"jnews_single_post":[],"jnews_primary_category":[],"jnews_social_meta":[],"jnews_review":[],"enable_review":"","type":"","name":"","summary":"","brand":"","sku":"","good":[],"bad":[],"score_override":"","override_value":"","rating":[],"price":[],"jnews_override_counter":[],"jnews_post_split":[],"footnotes":""},"categories":[18],"tags":[],"class_list":["post-5044","post","type-post","status-publish","format-standard","has-post-thumbnail","hentry","category-nacionales"],"jetpack_featured_media_url":"https:\/\/atecordoba.org\/wp-content\/uploads\/2020\/05\/logo-nuevochico-e1561581322808.png","_links":{"self":[{"href":"https:\/\/atecordoba.org\/index.php?rest_route=\/wp\/v2\/posts\/5044","targetHints":{"allow":["GET"]}}],"collection":[{"href":"https:\/\/atecordoba.org\/index.php?rest_route=\/wp\/v2\/posts"}],"about":[{"href":"https:\/\/atecordoba.org\/index.php?rest_route=\/wp\/v2\/types\/post"}],"author":[{"embeddable":true,"href":"https:\/\/atecordoba.org\/index.php?rest_route=\/wp\/v2\/users\/1"}],"replies":[{"embeddable":true,"href":"https:\/\/atecordoba.org\/index.php?rest_route=%2Fwp%2Fv2%2Fcomments&post=5044"}],"version-history":[{"count":0,"href":"https:\/\/atecordoba.org\/index.php?rest_route=\/wp\/v2\/posts\/5044\/revisions"}],"wp:featuredmedia":[{"embeddable":true,"href":"https:\/\/atecordoba.org\/index.php?rest_route=\/wp\/v2\/media\/19220"}],"wp:attachment":[{"href":"https:\/\/atecordoba.org\/index.php?rest_route=%2Fwp%2Fv2%2Fmedia&parent=5044"}],"wp:term":[{"taxonomy":"category","embeddable":true,"href":"https:\/\/atecordoba.org\/index.php?rest_route=%2Fwp%2Fv2%2Fcategories&post=5044"},{"taxonomy":"post_tag","embeddable":true,"href":"https:\/\/atecordoba.org\/index.php?rest_route=%2Fwp%2Fv2%2Ftags&post=5044"}],"curies":[{"name":"wp","href":"https:\/\/api.w.org\/{rel}","templated":true}]}}