{"id":50435,"date":"2025-09-02T15:12:04","date_gmt":"2025-09-02T18:12:04","guid":{"rendered":"https:\/\/atecordoba.org\/?p=50435"},"modified":"2025-09-03T09:24:11","modified_gmt":"2025-09-03T12:24:11","slug":"el-secretario-de-ddhh-de-ate-solicito-como-letrado-la-intervencion-del-colegio-de-abogados-por-su-detencion-durante-la-represion-policial","status":"publish","type":"post","link":"https:\/\/atecordoba.org\/?p=50435","title":{"rendered":"El secretario de DDHH de ATE solicit\u00f3 como letrado la intervenci\u00f3n del Colegio de Abogados por su detenci\u00f3n durante la represi\u00f3n policial"},"content":{"rendered":"<p><img loading=\"lazy\" decoding=\"async\" class=\"aligncenter wp-image-50436 \" src=\"https:\/\/atecordoba.org\/wp-content\/uploads\/2025\/09\/cesar-theaux.jpeg\" alt=\"\" width=\"621\" height=\"448\" srcset=\"https:\/\/atecordoba.org\/wp-content\/uploads\/2025\/09\/cesar-theaux.jpeg 724w, https:\/\/atecordoba.org\/wp-content\/uploads\/2025\/09\/cesar-theaux-300x216.jpeg 300w, https:\/\/atecordoba.org\/wp-content\/uploads\/2025\/09\/cesar-theaux-120x86.jpeg 120w\" sizes=\"auto, (max-width: 621px) 100vw, 621px\" \/>En una presentaci\u00f3n realizada hoy ante el Colegio de Abogados de C\u00f3rdoba, el secretario de DDHH y abogado, C\u00e9sar Theaux, solicit\u00f3 al cuerpo colegiado que intervenga ante el Gobierno de C\u00f3rdoba y el Poder Judicial por la violaci\u00f3n de sus derechos como letrado, cuando fue detenido el jueves pasado por la polic\u00eda.<\/p>\n<p><img loading=\"lazy\" decoding=\"async\" class=\"wp-image-50439 alignleft\" src=\"https:\/\/atecordoba.org\/wp-content\/uploads\/2025\/09\/WhatsApp-Image-2025-08-28-at-12.35.01-1-300x261.jpeg\" alt=\"\" width=\"334\" height=\"291\" srcset=\"https:\/\/atecordoba.org\/wp-content\/uploads\/2025\/09\/WhatsApp-Image-2025-08-28-at-12.35.01-1-300x261.jpeg 300w, https:\/\/atecordoba.org\/wp-content\/uploads\/2025\/09\/WhatsApp-Image-2025-08-28-at-12.35.01-1-768x667.jpeg 768w, https:\/\/atecordoba.org\/wp-content\/uploads\/2025\/09\/WhatsApp-Image-2025-08-28-at-12.35.01-1-750x652.jpeg 750w, https:\/\/atecordoba.org\/wp-content\/uploads\/2025\/09\/WhatsApp-Image-2025-08-28-at-12.35.01-1.jpeg 899w\" sizes=\"auto, (max-width: 334px) 100vw, 334px\" \/>Theaux fue encarcelado, a pesar de haberse identificado ante la polic\u00eda como abogado de la CTAA, en el marco de la violenta represi\u00f3n en la Secretar\u00eda de Pol\u00edticas Sociales y Desarrollo Humano de la Municipalidad de C\u00f3rdoba, donde una columna 1000 compa\u00f1eros y compa\u00f1eras de la Federaci\u00f3n Nacional Territorial (FeNaT-CTAA) se moviliz\u00f3 para reclamar por la distribuci\u00f3n de alimentos para merenderos y comedores populares, dr\u00e1sticamente interrumpida por la Municipalidad los \u00faltimos dos meses.<\/p>\n<p>La detenci\u00f3n del dirigente estatal se extendi\u00f3 hasta la 1 AM del viernes, es decir alrededor de 14 horas, esposado y sin recibir un vaso de agua, lo que constituye una grave violaci\u00f3n a los DDHH. Adem\u00e1s, al detenerlo la polic\u00eda le impidi\u00f3 ejercer la defensa de sus representados, los 14 detenidos dentro de las oficinas de la Secretar\u00eda, y del resto de las y los compa\u00f1eros que fueron reprimidos en la calle durante el ataque policial, llevado adelante por las fuerzas de seguridad pero perge\u00f1ado por el fiscal Ernesto De Arag\u00f3n, funcionario que tiene a cargo las actuaciones del Ministerio P\u00fablico Fiscal en cuestiones relacionadas con la protesta social en el centro de la Ciudad de C\u00f3rdoba.<img loading=\"lazy\" decoding=\"async\" class=\"alignright wp-image-50442\" src=\"https:\/\/atecordoba.org\/wp-content\/uploads\/2025\/09\/WhatsApp-Image-2025-08-28-at-12.35.01-1-1-576x1024.jpeg\" alt=\"\" width=\"275\" height=\"489\" \/><\/p>\n<p>Cabe mencionar que Theaux ya mantuvo una reuni\u00f3n con el presidente del Colegio de Abogados, Eduardo Bittar, donde le transmiti\u00f3 personalmente lo acontecido y acord\u00f3 realizar una presentaci\u00f3n formal para activar la intervenci\u00f3n colegiada en salvaguarda de su ejercicio profesional y el derecho de sus representados.<\/p>\n<p>El secretario de DDHH de ATE es abogado matriculado N\u00ba 1-34859 y socio de la entidad profesional.<\/p>\n<p><strong>Relato de los hechos<\/strong><\/p>\n<p>En el texto de la presentaci\u00f3n realizada ante el Colegio de Abogados, Theaux relat\u00f3 c\u00f3mo se desarroll\u00f3 la manifestaci\u00f3n y en qu\u00e9 momento se identific\u00f3 como abogado ante los jefes del operativo policial, los subcomisarios Edgardo P\u00e9rez y Ezequiel Ulises Romero.<\/p>\n<p>Tras remarcar que la marcha fue absolutamente pac\u00edfica, el dirigente afirm\u00f3 que fue la polic\u00eda que irrumpi\u00f3 de manera provocativa empujando a los manifestantes, pretendiendo que cada uno se identifique. Ante esa situaci\u00f3n Theaux le explic\u00f3 al subcomisario P\u00e9rez que eso era imposible por la cantidad de compa\u00f1eros presentes en el lugar. <img loading=\"lazy\" decoding=\"async\" class=\"alignleft wp-image-50440 \" src=\"https:\/\/atecordoba.org\/wp-content\/uploads\/2025\/09\/WhatsApp-Image-2025-08-28-at-1.01.17-PM-1024x792.jpeg\" alt=\"\" width=\"361\" height=\"279\" srcset=\"https:\/\/atecordoba.org\/wp-content\/uploads\/2025\/09\/WhatsApp-Image-2025-08-28-at-1.01.17-PM-1024x792.jpeg 1024w, https:\/\/atecordoba.org\/wp-content\/uploads\/2025\/09\/WhatsApp-Image-2025-08-28-at-1.01.17-PM-300x232.jpeg 300w, https:\/\/atecordoba.org\/wp-content\/uploads\/2025\/09\/WhatsApp-Image-2025-08-28-at-1.01.17-PM-768x594.jpeg 768w, https:\/\/atecordoba.org\/wp-content\/uploads\/2025\/09\/WhatsApp-Image-2025-08-28-at-1.01.17-PM-750x580.jpeg 750w, https:\/\/atecordoba.org\/wp-content\/uploads\/2025\/09\/WhatsApp-Image-2025-08-28-at-1.01.17-PM-1140x882.jpeg 1140w, https:\/\/atecordoba.org\/wp-content\/uploads\/2025\/09\/WhatsApp-Image-2025-08-28-at-1.01.17-PM.jpeg 1396w\" sizes=\"auto, (max-width: 361px) 100vw, 361px\" \/><\/p>\n<p>Luego de habilitar que una comitiva de manifestantes, encabezados por el secretario General de ATE y de CTAA C\u00f3rdoba, Federico Giuliani, y la Adjunta de CTAA, Silvia Alcoba, ingresase a la dependencia para parlamentar con funcionarios, ya que su titular Ra\u00fal La Cava no estaba presente cumpliendo las funciones para las que lo nombraron en su cargo, la polic\u00eda le permite a Theaux ingresar en su condici\u00f3n de abogado.<\/p>\n<p>Ya dentro del lugar, y tras intentar mantener un di\u00e1logo con los funcionarios, la polic\u00eda interrumpi\u00f3 la conversaci\u00f3n de manera abrupta, procede a identificar a los compa\u00f1eros y compa\u00f1eras as\u00ed como al propio Theaux, quien fue empujado y luego esposado. El subcomisario se ocup\u00f3 de apretarle las esposas, dejando fuertes marcas en sus mu\u00f1ecas. Tambi\u00e9n pudo advertir como polic\u00edas deten\u00edan a Giuliani, quien se quejaba de un fuerte dolor en un brazo. A la postre, y tras las constataciones en el hospital Misericordia pudo constatarse que el secretario General de ATE C\u00f3rdoba termin\u00f3 con un codo en estado de luxaci\u00f3n por los maltratos.<img loading=\"lazy\" decoding=\"async\" class=\"alignright wp-image-50441 \" src=\"https:\/\/atecordoba.org\/wp-content\/uploads\/2025\/09\/WhatsApp-Image-2025-09-02-at-15.04.51-576x1024.jpeg\" alt=\"\" width=\"293\" height=\"520\" srcset=\"https:\/\/atecordoba.org\/wp-content\/uploads\/2025\/09\/WhatsApp-Image-2025-09-02-at-15.04.51-576x1024.jpeg 576w, https:\/\/atecordoba.org\/wp-content\/uploads\/2025\/09\/WhatsApp-Image-2025-09-02-at-15.04.51-169x300.jpeg 169w, https:\/\/atecordoba.org\/wp-content\/uploads\/2025\/09\/WhatsApp-Image-2025-09-02-at-15.04.51-768x1366.jpeg 768w, https:\/\/atecordoba.org\/wp-content\/uploads\/2025\/09\/WhatsApp-Image-2025-09-02-at-15.04.51-864x1536.jpeg 864w, https:\/\/atecordoba.org\/wp-content\/uploads\/2025\/09\/WhatsApp-Image-2025-09-02-at-15.04.51-750x1334.jpeg 750w, https:\/\/atecordoba.org\/wp-content\/uploads\/2025\/09\/WhatsApp-Image-2025-09-02-at-15.04.51.jpeg 899w\" sizes=\"auto, (max-width: 293px) 100vw, 293px\" \/><\/p>\n<p>El abogado relat\u00f3 tambi\u00e9n que pudo observar, ya detenido dentro de una camioneta, como la polic\u00eda reprim\u00eda a algunos periodistas que registraban el operativo, en evidente intent\u00f3 por obstruir el trabajo period\u00edstico para frenar la difusi\u00f3n de lo que suced\u00eda en el lugar.<\/p>\n<p>Adem\u00e1s, denunci\u00f3 que una vez liberado a la 1 de la ma\u00f1ana del viernes, se present\u00f3 en la Comisaria 3C para retirar sus pertenencias y que le retuvieron su tel\u00e9fono celular, que utiliza tanto a los efectos personales como profesionales.<\/p>\n<p>En tal sentido, se\u00f1al\u00f3 que el Colegio de Abogados nunca fue informado de su detenci\u00f3n, como ordena el protocolo, ni de la apertura de su celular, lo que constituye una violaci\u00f3n de los DDHH conforme el art\u00edculo 75\u00ba inc 22\u00ba de la Constituci\u00f3n Nacional, ya que se vio impedido de atender a sus clientes.<\/p>\n<p>En resumen,, se\u00f1al\u00f3 que todo el procedimiento con visos de legalidad, en realidad fue totalmente fraguado por tres polic\u00edas totalmente identificados, de lo que deriv\u00f3 en una imputaci\u00f3n por &#8220;lesiones leves&#8221; y &#8220;resistencia a la autoridad&#8221;.<\/p>\n<p>As\u00ed, concluy\u00f3 que se violaron sus derechos constitucionales como ciudadano y abogado, y asegurando que los miembros asistentes a la marcha de la CTAA se vieran impedidos de ejercer el derecho constitucional a la defensa, ya que se incrimin\u00f3 a su letrado con hechos inexistentes.<\/p>\n<p>&nbsp;<\/p>\n<p>&nbsp;<\/p>\n<p>&nbsp;<\/p>\n","protected":false},"excerpt":{"rendered":"<p>En una presentaci\u00f3n realizada hoy ante el Colegio de Abogados de C\u00f3rdoba, el secretario de DDHH y abogado, C\u00e9sar Theaux, solicit\u00f3 al cuerpo colegiado que intervenga ante el Gobierno de C\u00f3rdoba y el Poder Judicial por la violaci\u00f3n de sus derechos como letrado, cuando fue detenido el jueves pasado por la polic\u00eda. Theaux fue encarcelado, [&hellip;]<\/p>\n","protected":false},"author":7,"featured_media":50436,"comment_status":"open","ping_status":"open","sticky":false,"template":"","format":"standard","meta":{"_exactmetrics_skip_tracking":false,"_exactmetrics_sitenote_active":false,"_exactmetrics_sitenote_note":"","_exactmetrics_sitenote_category":0,"jnews-multi-image_gallery":[],"jnews_single_post":{"format":"standard","override":[{"template":"1","parallax":"1","fullscreen":"1","layout":"no-sidebar-narrow","sidebar":"default-sidebar","second_sidebar":"default-sidebar","sticky_sidebar":"1","share_position":"bottom","share_float_style":"share-monocrhome","show_share_counter":"1","show_view_counter":"1","show_post_meta":"1","show_post_author_image":"1","show_post_date":"1","post_date_format":"default","post_date_format_custom":"Y\/m\/d","show_post_category":"1","show_post_reading_time":"0","post_reading_time_wpm":"300","post_calculate_word_method":"str_word_count","show_zoom_button":"0","zoom_button_out_step":"2","zoom_button_in_step":"3","show_post_tag":"1","number_popup_post":"1","show_post_related":"1","show_inline_post_related":"0"}],"image_override":[{"single_post_thumbnail_size":"crop-500","single_post_gallery_size":"crop-500"}],"trending_post_position":"meta","trending_post_label":"Trending","sponsored_post_label":"Sponsored by","disable_ad":"0"},"jnews_primary_category":[],"jnews_social_meta":[],"jnews_review":[],"enable_review":"","type":"percentage","name":"","summary":"","brand":"","sku":"","good":[],"bad":[],"score_override":"","override_value":"","rating":[],"price":[],"jnews_override_counter":{"view_counter_number":"0","share_counter_number":"0","like_counter_number":"0","dislike_counter_number":"0"},"jnews_post_split":{"post_split":[{"template":"1","tag":"h2","numbering":"asc","mode":"normal","first":"0","enable_toc":"0","toc_type":"normal"}]},"footnotes":""},"categories":[341],"tags":[],"class_list":["post-50435","post","type-post","status-publish","format-standard","has-post-thumbnail","hentry","category-cdp"],"jetpack_featured_media_url":"https:\/\/atecordoba.org\/wp-content\/uploads\/2025\/09\/cesar-theaux.jpeg","_links":{"self":[{"href":"https:\/\/atecordoba.org\/index.php?rest_route=\/wp\/v2\/posts\/50435","targetHints":{"allow":["GET"]}}],"collection":[{"href":"https:\/\/atecordoba.org\/index.php?rest_route=\/wp\/v2\/posts"}],"about":[{"href":"https:\/\/atecordoba.org\/index.php?rest_route=\/wp\/v2\/types\/post"}],"author":[{"embeddable":true,"href":"https:\/\/atecordoba.org\/index.php?rest_route=\/wp\/v2\/users\/7"}],"replies":[{"embeddable":true,"href":"https:\/\/atecordoba.org\/index.php?rest_route=%2Fwp%2Fv2%2Fcomments&post=50435"}],"version-history":[{"count":3,"href":"https:\/\/atecordoba.org\/index.php?rest_route=\/wp\/v2\/posts\/50435\/revisions"}],"predecessor-version":[{"id":50445,"href":"https:\/\/atecordoba.org\/index.php?rest_route=\/wp\/v2\/posts\/50435\/revisions\/50445"}],"wp:featuredmedia":[{"embeddable":true,"href":"https:\/\/atecordoba.org\/index.php?rest_route=\/wp\/v2\/media\/50436"}],"wp:attachment":[{"href":"https:\/\/atecordoba.org\/index.php?rest_route=%2Fwp%2Fv2%2Fmedia&parent=50435"}],"wp:term":[{"taxonomy":"category","embeddable":true,"href":"https:\/\/atecordoba.org\/index.php?rest_route=%2Fwp%2Fv2%2Fcategories&post=50435"},{"taxonomy":"post_tag","embeddable":true,"href":"https:\/\/atecordoba.org\/index.php?rest_route=%2Fwp%2Fv2%2Ftags&post=50435"}],"curies":[{"name":"wp","href":"https:\/\/api.w.org\/{rel}","templated":true}]}}