{"id":50431,"date":"2025-09-02T09:47:18","date_gmt":"2025-09-02T12:47:18","guid":{"rendered":"https:\/\/atecordoba.org\/?p=50431"},"modified":"2025-09-02T09:47:18","modified_gmt":"2025-09-02T12:47:18","slug":"hablo-federico-giuliani-tras-la-liberacion-si-fuese-por-la-justicia-de-cordoba-seguiria-preso","status":"publish","type":"post","link":"https:\/\/atecordoba.org\/?p=50431","title":{"rendered":"Habl\u00f3 Federico Giuliani tras la liberaci\u00f3n: \u201cSi fuese por la Justicia de C\u00f3rdoba seguir\u00eda preso\u201d"},"content":{"rendered":"<p><img loading=\"lazy\" decoding=\"async\" class=\"aligncenter wp-image-50432 \" src=\"https:\/\/atecordoba.org\/wp-content\/uploads\/2025\/09\/fede-liberacion-1024x577.webp\" alt=\"\" width=\"613\" height=\"346\" srcset=\"https:\/\/atecordoba.org\/wp-content\/uploads\/2025\/09\/fede-liberacion-1024x577.webp 1024w, https:\/\/atecordoba.org\/wp-content\/uploads\/2025\/09\/fede-liberacion-300x169.webp 300w, https:\/\/atecordoba.org\/wp-content\/uploads\/2025\/09\/fede-liberacion-768x433.webp 768w, https:\/\/atecordoba.org\/wp-content\/uploads\/2025\/09\/fede-liberacion-750x423.webp 750w, https:\/\/atecordoba.org\/wp-content\/uploads\/2025\/09\/fede-liberacion-1140x642.webp 1140w, https:\/\/atecordoba.org\/wp-content\/uploads\/2025\/09\/fede-liberacion.webp 1278w\" sizes=\"auto, (max-width: 613px) 100vw, 613px\" \/>El secretario General de ATE C\u00f3rdoba y la CTA Aut\u00f3noma en C\u00f3rdoba, Federico Giuliani, habl\u00f3 ayer lunes a \u00faltima hora, despu\u00e9s de su liberaci\u00f3n. El dirigente fue detenido tras la represi\u00f3n del jueves pasado en la Secretar\u00eda de Pol\u00edticas Sociales y Desarrollo Humano de la Municipalidad de C\u00f3rdoba, donde encabezaba una manifestaci\u00f3n en reclamo del reparto de alimentos en merenderos y comedores de barrios populares que llevaba adelante la Federaci\u00f3n Nacional Territorial (FNAT-CTAA).<\/p>\n<p class=\"aside\">\u201cVamos a hacer una denuncia por abuso de autoridad y privaci\u00f3n ileg\u00edtima de la libertad; el responsable m\u00e1ximo es Mart\u00edn Llaryora por tener una polic\u00eda violenta\u201d, afirm\u00f3 el dirigente gremial, quien estuvo cuatro d\u00edas detenido con un brazo quebrado en el operativo.\u00a0\u201cLlaryora y Schiaretti son igual que Milei\u201d, sentenci\u00f3.<\/p>\n<p>A su vez, Giuliani destac\u00f3 que la movilizaci\u00f3n de ATE y la CTAA, junto a la solidaridad de diferentes organizaciones sociales, sindicales, de derechos humanos y pol\u00edticas gener\u00f3 el marco para su liberaci\u00f3n. \u201cSi fuese por la Justicia cordobesa, tendr\u00eda que estar detenido por mucho tiempo s\u00f3lo por el hecho de luchar\u201d.<\/p>\n<p><strong>Secuestro y detenci\u00f3n<\/strong><\/p>\n<p>El dirigente gremial asegur\u00f3 que el jueves pasado se manifestaron frente al edificio de la Municipalidad de C\u00f3rdoba organizada por la FENAT y fueron emboscados por los agentes de la polic\u00eda.<\/p>\n<p>\u201cQuisimos entrar a dialogar; la Polic\u00eda no nos dej\u00f3. Despu\u00e9s accedieron a que pas\u00e1ramos quince compa\u00f1eros y compa\u00f1eras. Lo hicimos de buena voluntad, pero cuando entramos nos encerraron con llave y nos tuvieron secuestrados una hora\u201d, afirm\u00f3 sobre lo ocurrido la semana pasada en la ciudad de C\u00f3rdoba.<\/p>\n<p>Giuliani dijo que iniciar\u00e1 acciones penales contra el polic\u00eda que le fractur\u00f3 el brazo al ponerle las esposas y contra el Jefe del operativo de seguridad.<\/p>\n<p>\u201cEstuve esposado a la cama del Hospital Misericordia por 24 horas en condiciones indignas; no tom\u00e9 un vaso de agua, ni me dieron de comer\u201d, se\u00f1al\u00f3.<\/p>\n<p>&nbsp;<\/p>\n<p>&nbsp;<\/p>\n","protected":false},"excerpt":{"rendered":"<p>El secretario General de ATE C\u00f3rdoba y la CTA Aut\u00f3noma en C\u00f3rdoba, Federico Giuliani, habl\u00f3 ayer lunes a \u00faltima hora, despu\u00e9s de su liberaci\u00f3n. El dirigente fue detenido tras la represi\u00f3n del jueves pasado en la Secretar\u00eda de Pol\u00edticas Sociales y Desarrollo Humano de la Municipalidad de C\u00f3rdoba, donde encabezaba una manifestaci\u00f3n en reclamo del [&hellip;]<\/p>\n","protected":false},"author":7,"featured_media":50432,"comment_status":"open","ping_status":"open","sticky":false,"template":"","format":"standard","meta":{"_exactmetrics_skip_tracking":false,"_exactmetrics_sitenote_active":false,"_exactmetrics_sitenote_note":"","_exactmetrics_sitenote_category":0,"jnews-multi-image_gallery":[],"jnews_single_post":[],"jnews_primary_category":[],"jnews_social_meta":[],"jnews_review":[],"enable_review":"","type":"","name":"","summary":"","brand":"","sku":"","good":[],"bad":[],"score_override":"","override_value":"","rating":[],"price":[],"jnews_override_counter":[],"jnews_post_split":[],"footnotes":""},"categories":[341],"tags":[],"class_list":["post-50431","post","type-post","status-publish","format-standard","has-post-thumbnail","hentry","category-cdp"],"jetpack_featured_media_url":"https:\/\/atecordoba.org\/wp-content\/uploads\/2025\/09\/fede-liberacion.webp","_links":{"self":[{"href":"https:\/\/atecordoba.org\/index.php?rest_route=\/wp\/v2\/posts\/50431","targetHints":{"allow":["GET"]}}],"collection":[{"href":"https:\/\/atecordoba.org\/index.php?rest_route=\/wp\/v2\/posts"}],"about":[{"href":"https:\/\/atecordoba.org\/index.php?rest_route=\/wp\/v2\/types\/post"}],"author":[{"embeddable":true,"href":"https:\/\/atecordoba.org\/index.php?rest_route=\/wp\/v2\/users\/7"}],"replies":[{"embeddable":true,"href":"https:\/\/atecordoba.org\/index.php?rest_route=%2Fwp%2Fv2%2Fcomments&post=50431"}],"version-history":[{"count":1,"href":"https:\/\/atecordoba.org\/index.php?rest_route=\/wp\/v2\/posts\/50431\/revisions"}],"predecessor-version":[{"id":50433,"href":"https:\/\/atecordoba.org\/index.php?rest_route=\/wp\/v2\/posts\/50431\/revisions\/50433"}],"wp:featuredmedia":[{"embeddable":true,"href":"https:\/\/atecordoba.org\/index.php?rest_route=\/wp\/v2\/media\/50432"}],"wp:attachment":[{"href":"https:\/\/atecordoba.org\/index.php?rest_route=%2Fwp%2Fv2%2Fmedia&parent=50431"}],"wp:term":[{"taxonomy":"category","embeddable":true,"href":"https:\/\/atecordoba.org\/index.php?rest_route=%2Fwp%2Fv2%2Fcategories&post=50431"},{"taxonomy":"post_tag","embeddable":true,"href":"https:\/\/atecordoba.org\/index.php?rest_route=%2Fwp%2Fv2%2Ftags&post=50431"}],"curies":[{"name":"wp","href":"https:\/\/api.w.org\/{rel}","templated":true}]}}