{"id":50416,"date":"2025-09-01T11:13:36","date_gmt":"2025-09-01T14:13:36","guid":{"rendered":"https:\/\/atecordoba.org\/?p=50416"},"modified":"2025-09-01T11:13:36","modified_gmt":"2025-09-01T14:13:36","slug":"el-cels-se-presenta-como-amicus-curiae-y-rechaza-prision-preventiva-de-giuliani-porque-la-resolucion-del-fiscal-no-cumple-con-los-requisitos","status":"publish","type":"post","link":"https:\/\/atecordoba.org\/?p=50416","title":{"rendered":"El CELS se presenta como \u2018amicus curiae\u2019 y rechaza prisi\u00f3n preventiva de Giuliani porque la resoluci\u00f3n del fiscal \u201cno cumple con los requisitos\u201d"},"content":{"rendered":"<p><img loading=\"lazy\" decoding=\"async\" class=\"aligncenter wp-image-50411 \" src=\"https:\/\/atecordoba.org\/wp-content\/uploads\/2025\/09\/cels.jpg\" srcset=\"https:\/\/atecordoba.org\/wp-content\/uploads\/2025\/09\/cels.jpg 759w, https:\/\/atecordoba.org\/wp-content\/uploads\/2025\/09\/cels-300x110.jpg 300w, https:\/\/atecordoba.org\/wp-content\/uploads\/2025\/09\/cels-750x275.jpg 750w\" alt=\"\" width=\"622\" height=\"228\" data-pin-no-hover=\"true\" \/>La detenci\u00f3n del secretario General de ATE C\u00f3rdoba, Federico Giuliani, en el marco de una protesta ante la Municipalidad de C\u00f3rdoba por reclamo de alimentos para comedores populares, est\u00e1 despertando una amplia solidaridad y la intervenci\u00f3n de numerosas organizaciones populares que exigen si liberaci\u00f3n inmediata, denunciando a su vez la persecuci\u00f3n contra el dirigente que le aplica el fiscal provincial Ernesto De Arag\u00f3n y el Gobierno de Mart\u00edn Llaryora.<\/p>\n<p>En ese marco, el Centro de Estudios Legales y Sociales (CELS), reconocido organismo de DDHH as nivel nacional e internacional, se present\u00f3 en la causa bajo la figura de\u00a0<em>amicus curiae (<\/em>\u2018amigo del tribunal\u2019) a los fines de aportar su opini\u00f3n para garantizar los derechos del dirigente y el seguimiento del proceso penal.<\/p>\n<p>La presentaci\u00f3n como amigos del tribunal est\u00e1 autorizada por una acordada de la Corte Suprema y el Tribunal Superior de Justicia de la provincia, donde se presentan como expertos en la tem\u00e1tica, citando la jurisprudencia internacional, desde Naciones Unidas, Corte Interamericana de DDHH, Comisi\u00f3n Interamericana de DDHH respecto a la no criminalizaci\u00f3n de la protesta social.<\/p>\n<p>En tal sentido, el CELS hace el an\u00e1lisis en particular de la causa, y asegura que no existe peligro procesal para que est\u00e9 detenido Giuliani.<\/p>\n<p>Para fundamentar su postura, el organismo de DDHH sostuvo en el escrito presentado ante la jueza de control N\u00ba4 de la causa que instruye De Arag\u00f3n, Anah\u00ed Cristina Hampartzounian, que \u201csu resoluci\u00f3n no cumple con los requisitos que tanto las normas locales como los est\u00e1ndares internacionales exigen para la aplicaci\u00f3n de una prisi\u00f3n preventiva, en la medida en que se invoca: de forma gen\u00e9rica, sin acreditar riesgo de fuga y de entorpecimiento de la investigaci\u00f3n, sin individualizar conductas puntuales o concretas para su dictado, ni sostener esas conclusiones con prueba concreta\u201d.<\/p>\n<p>Y expres\u00f3 que \u201cla protesta social se encuentra estrechamente relacionada con el ejercicio de una serie de derechos, en particular la libertad de expresi\u00f3n, el derecho de reuni\u00f3n, la libertad de asociaci\u00f3n y el derecho de participaci\u00f3n en los asuntos p\u00fablicos\u201d.<\/p>\n<p>Adem\u00e1s, afirm\u00f3 que Comisi\u00f3n Interamericana de Derechos Humanos considera que la protesta es \u201cuna actividad que reviste un \u2018inter\u00e9s social imperativo\u2019, lo que conlleva que exista una presunci\u00f3n general en favor de su ejercicio. Adem\u00e1s, implica que los Estados(\u2026 )deben actuar sobre la base de la licitud de las protestas o manifestaciones p\u00fablicas y bajo el supuesto de que no constituyen una amenaza al orden p\u00fablico. Esto implica un enfoque centrado en la construcci\u00f3n de mayores niveles de participaci\u00f3n ciudadan\u00eda, con las calles y plazas como lugares privilegiados para la expresi\u00f3n p\u00fablica&#8217;\u201d.<\/p>\n<p>Otras consideraciones:<\/p>\n<ul>\n<li>\u201cA nivel local, la Corte Suprema de Justicia de la Naci\u00f3n (en adelante, la CSJN) sostuvo recientemente que las libertades de reuni\u00f3n, de expresi\u00f3n y de asociaci\u00f3n, constitutivas del derecho a la protesta, son \u201cesenciales del estado constitucional vigente en la Rep\u00fablica\u201d 3. En este sentido, estableci\u00f3 que si bien el Estado tiene la facultad de reglamentar el uso de las calles, parques y otros espacios p\u00fablicos en pos de su disfrute como bien p\u00fablico, as\u00ed como de determinar los mecanismos a trav\u00e9s de los cuales se supervisar\u00e1 que dichas normas sean cumplidas en la pr\u00e1ctica, tambi\u00e9n tiene el deber de respetar los derechos fundamentales de las personas, entre los que se encuentra la libertad de asociaci\u00f3n y de expresi\u00f3n\u201d.<\/li>\n<li>\u201cEs justamente por esto que el Estado debe evitar utilizar la persecuci\u00f3n penal como m\u00e9todo de criminalizaci\u00f3n, y fomentar el efectivo y pleno ejercicio de los derechos antes mencionados a trav\u00e9s de la protecci\u00f3n a la integridad f\u00edsica y la vida de quienes ejercen su derecho a manifestarse. Estas obligaciones alcanzan al Poder Judicial y al Ministerio P\u00fablico Fiscal, quienes deben ocupar un rol activo en dicha protecci\u00f3n\u201d.<\/li>\n<li>\u201cLa presente causa exhibe caracter\u00edsticas propias de los procesos de criminalizaci\u00f3n de la protesta que desnaturalizan por completo su ejercicio, lo desincentivan y generan perjuicio no s\u00f3lo sobre el grupo de estudiantes perseguido en el caso que nos ocupa, sino tambi\u00e9n en terceras personas. As\u00ed, tal como adelantamos, la CIDH defini\u00f3 la criminalizaci\u00f3n de la siguiente manera: \u201cconsiste en el uso del poder punitivo del Estado para disuadir, castigar o impedir el ejercicio del derecho a la protesta y en algunos casos, de la participaci\u00f3n social y pol\u00edtica en forma m\u00e1s amplia, mediante el uso arbitrario, desproporcional o reiterado de la justicia penal o contravencional en contra de manifestantes, activistas, referentes sociales o pol\u00edticos por su participaci\u00f3n en una protesta social, o el se\u00f1alamiento de haberla organizado, o por el hecho de formar parte del colectivo o entidad organizadora o convocante.\u201d<\/li>\n<li>\u201cEn cuanto al repertorio de tipos penales usados para criminalizar la protesta, entre los m\u00e1s comunes, se encuentran los delitos vinculados a la obstrucci\u00f3n de v\u00edas p\u00fablicas, resistencia a la autoridad, ultrajes y desacato, perturbaci\u00f3n a la paz y al orden p\u00fablico, invasi\u00f3n de inmueble y usurpaci\u00f3n, instigaci\u00f3n a delinquir y asociaci\u00f3n criminal, secuestro y extorsi\u00f3n. Esta enumeraci\u00f3n no es taxativa y puede completarse con figuras penales como la intimidaci\u00f3n p\u00fablica y los da\u00f1os a bienes o inmuebles p\u00fablicos o privados\u201d.<\/li>\n<li>\u201cEn el caso de Giuliani, todos estos puntos aparecen patentes, en la medida en que se lo acusa de los delitos de resistencia a la autoridad, lesiones y amenazas. Adem\u00e1s, de la propia resoluci\u00f3n del Fiscal, se desprende que Giuliani ya se encontraba sometido, desde hace tiempo atr\u00e1s, a otros procesos de criminalizaci\u00f3n que inclu\u00edan figuras vinculadas al uso del espacio p\u00fablico, por el solo hecho de tener un rol de referencia dentro de la Central de Trabajadores (CTA Aut\u00f3noma) y participar activamente de protestas sociales\u201d.<\/li>\n<li>\u201cEl Poder Judicial (y el Ministerio P\u00fablico Fiscal, como parte fundamental del proceso penal) no debe comportarse ajeno a esto, sino que tiene un mandato claro y concreto de proteger el derecho a la protesta, interpretando y aplicando las normativa nacional e internacional a tales fines y \u201c\u2026garantizando que los defensores de los derechos humanos no sean penalizados por hacer uso de ese derecho para promover y proteger los derechos humanos\u201d.<\/li>\n<\/ul>\n<p>El documento completo, a continuaci\u00f3n.<\/p>\n<a href=\"https:\/\/atecordoba.org\/wp-content\/uploads\/2025\/09\/FNL.-CELS.-amicus-curiae.-causa-SAC-14077544.-Giuliani-1.pdf\" class=\"pdfemb-viewer\" style=\"\" data-width=\"max\" data-height=\"max\" data-toolbar=\"bottom\" data-toolbar-fixed=\"off\">FNL. CELS. amicus curiae. causa SAC 14077544. Giuliani<\/a>\n","protected":false},"excerpt":{"rendered":"<p>La detenci\u00f3n del secretario General de ATE C\u00f3rdoba, Federico Giuliani, en el marco de una protesta ante la Municipalidad de C\u00f3rdoba por reclamo de alimentos para comedores populares, est\u00e1 despertando una amplia solidaridad y la intervenci\u00f3n de numerosas organizaciones populares que exigen si liberaci\u00f3n inmediata, denunciando a su vez la persecuci\u00f3n contra el dirigente que [&hellip;]<\/p>\n","protected":false},"author":7,"featured_media":50411,"comment_status":"open","ping_status":"open","sticky":false,"template":"","format":"standard","meta":{"_exactmetrics_skip_tracking":false,"_exactmetrics_sitenote_active":false,"_exactmetrics_sitenote_note":"","_exactmetrics_sitenote_category":0,"jnews-multi-image_gallery":[],"jnews_single_post":[],"jnews_primary_category":[],"jnews_social_meta":[],"jnews_review":[],"enable_review":"","type":"","name":"","summary":"","brand":"","sku":"","good":[],"bad":[],"score_override":"","override_value":"","rating":[],"price":[],"jnews_override_counter":[],"jnews_post_split":[],"footnotes":""},"categories":[341],"tags":[],"class_list":["post-50416","post","type-post","status-publish","format-standard","has-post-thumbnail","hentry","category-cdp"],"jetpack_featured_media_url":"https:\/\/atecordoba.org\/wp-content\/uploads\/2025\/09\/cels.jpg","_links":{"self":[{"href":"https:\/\/atecordoba.org\/index.php?rest_route=\/wp\/v2\/posts\/50416","targetHints":{"allow":["GET"]}}],"collection":[{"href":"https:\/\/atecordoba.org\/index.php?rest_route=\/wp\/v2\/posts"}],"about":[{"href":"https:\/\/atecordoba.org\/index.php?rest_route=\/wp\/v2\/types\/post"}],"author":[{"embeddable":true,"href":"https:\/\/atecordoba.org\/index.php?rest_route=\/wp\/v2\/users\/7"}],"replies":[{"embeddable":true,"href":"https:\/\/atecordoba.org\/index.php?rest_route=%2Fwp%2Fv2%2Fcomments&post=50416"}],"version-history":[{"count":1,"href":"https:\/\/atecordoba.org\/index.php?rest_route=\/wp\/v2\/posts\/50416\/revisions"}],"predecessor-version":[{"id":50418,"href":"https:\/\/atecordoba.org\/index.php?rest_route=\/wp\/v2\/posts\/50416\/revisions\/50418"}],"wp:featuredmedia":[{"embeddable":true,"href":"https:\/\/atecordoba.org\/index.php?rest_route=\/wp\/v2\/media\/50411"}],"wp:attachment":[{"href":"https:\/\/atecordoba.org\/index.php?rest_route=%2Fwp%2Fv2%2Fmedia&parent=50416"}],"wp:term":[{"taxonomy":"category","embeddable":true,"href":"https:\/\/atecordoba.org\/index.php?rest_route=%2Fwp%2Fv2%2Fcategories&post=50416"},{"taxonomy":"post_tag","embeddable":true,"href":"https:\/\/atecordoba.org\/index.php?rest_route=%2Fwp%2Fv2%2Ftags&post=50416"}],"curies":[{"name":"wp","href":"https:\/\/api.w.org\/{rel}","templated":true}]}}