{"id":5041,"date":"2015-03-26T16:27:37","date_gmt":"2015-03-26T19:27:37","guid":{"rendered":"http:\/\/www.atecordoba.org\/?p=5041"},"modified":"2015-03-26T16:27:37","modified_gmt":"2015-03-26T19:27:37","slug":"elecciones-para-renovar-la-conduccion-el-ministro-de-trabajo-de-la-nacion-pretende-intervenir-a-ate","status":"publish","type":"post","link":"https:\/\/atecordoba.org\/?p=5041","title":{"rendered":"Elecciones para renovar la conducci\u00f3n: \u201cel ministro de Trabajo de la Naci\u00f3n pretende intervenir a ATE\u201d"},"content":{"rendered":"<p><em>El Secretario General Julio Fuentes denunci\u00f3 el aval que la cartera laboral otorg\u00f3 a la impugnaci\u00f3n del proceso eleccionario en el sindicato. El dirigente, acompa\u00f1ado del Secretario Adjunto Hugo Godoy y el Secretario General de la CTA, Pablo Micheli, anunci\u00f3 que la conducci\u00f3n del gremio defini\u00f3 ayer una nueva fecha para el 2 de septiembre, pero que evidenciar\u00e1 en la Justicia y los foros internaciones la intervenci\u00f3n del gobierno.<\/em><\/p>\n<p><a href=\"http:\/\/www.atecordoba.org\/wp-content\/uploads\/2015\/03\/conferencia-de-prensa_trabajo-quiere-intervenir-ate.jpg\"><img loading=\"lazy\" decoding=\"async\" class=\"aligncenter size-full wp-image-5042\" src=\"http:\/\/www.atecordoba.org\/wp-content\/uploads\/2015\/03\/conferencia-de-prensa_trabajo-quiere-intervenir-ate.jpg\" alt=\"conferencia de prensa_trabajo quiere intervenir ate\" width=\"620\" height=\"391\" \/><\/a><\/p>\n<p>En diciembre pasado, el Consejo Directivo Nacional de ATE fij\u00f3 la fecha de elecciones generales para el 25 de junio. Como cada cuatro a\u00f1os, el sindicato elegir\u00e1 5600 dirigentes en m\u00e1s de 150 seccionales, 24 consejos directivos provinciales, el Centro Nacional de Jubilados y Pensionados y el Consejo Directivo Nacional. \u201cATE tiene casi 300 mil afiliados y s\u00f3lo cinco de ellos pertenecientes a las filas del gobierno nacional impugnaron el proceso electoral. Con una celeridad que sorprende, en 72 horas el Ministerio de Trabajo de la Naci\u00f3n dio lugar a la impugnaci\u00f3n y anul\u00f3 la fecha elegida posterg\u00e1ndola a partir de 40 d\u00edas despu\u00e9s\u201d, explic\u00f3 Julio Fuentes en conferencia de prensa, acompa\u00f1ado de dirigentes de la conducci\u00f3n nacional, bonaerense y porte\u00f1a.<\/p>\n<p>Sin embargo, el d\u00eda del sufragio elegido org\u00e1nicamente se fij\u00f3 en los marcos de tiempo establecidos por ATE desde 1984 -entre el 14 de mayo y el 14 de agosto-, en un intento de distanciar las elecciones internas de las generales del poder pol\u00edtico. Durante los \u00faltimos 30 a\u00f1os, jam\u00e1s se impugn\u00f3 una lista presentada.<\/p>\n<p>\u201cEl Ministerio de Trabajo hace abuso de la Ley de Asociaciones Sindicales, declarada dos veces inconstitucional por la Corte Suprema de Justicia; condenada en los foros internacionales y la OIT por autoritaria e intervencionista. Porque la ley le brinda al Estado la posibilidad de intervenir en la vida interna de los trabajadores. En cambio el ministerio no se mete en las elecciones de la Uni\u00f3n Industrial Argentina ni de la Sociedad Rural. O and\u00e1s bien con el ministro de Trabajo y con el gobierno, o viene la represalia\u201d, continu\u00f3 el Secretario General.<\/p>\n<p>Julio Fuentes advirti\u00f3 que ATE continuar\u00e1 denunciando la injerencia del ministerio en los foros administrativos y judiciales correspondientes. De todos modos, previendo la intenci\u00f3n oficial de imponer comisiones normalizadoras tras la finalizaci\u00f3n de los mandatos, el Consejo nacional resolvi\u00f3 ayer convocar a un nuevo proceso eleccionario para el 2 de septiembre.<\/p>\n<p>\u201cLa vida interna de ATE la resolvemos soberanamente nosotros. A la presidenta de la Naci\u00f3n, de quien obviamente depende Carlos Tomada, le decimos que se quede conforme. Que ya tiene un sindicato af\u00edn, que es la Uni\u00f3n de Personal Civil, que le firma cualquier mamarracho en el Estado. Nosotros somos aut\u00f3nomos, soberanos, no dependemos de ning\u00fan partido pol\u00edtico. Tenemos 90 a\u00f1os de historia, experiencia y una profunda convicci\u00f3n democr\u00e1tica\u201d, finaliz\u00f3 Fuentes.<\/p>\n<p>El Secretario General de la CTA, sentado junto a su Adjunto, Ricardo Peidr\u00f3, y Daniel Jorajur\u00eda, Secretario Gremial de la central, trajo su solidaridad y record\u00f3 que jam\u00e1s desde la vuelta de la democracia un gobierno se hab\u00eda atrevido a intervenir las elecciones generales de ATE.\u201cLa actitud del gobierno es totalmente ilegal. Seguramente le cabr\u00e1 un llamado de atenci\u00f3n del Comit\u00e9 de Normas de la OIT. Podr\u00e1n querer atacar a las organizaciones, pero jam\u00e1s podr\u00e1n hacerlo con los trabajadores. Las banderas hist\u00f3ricas de este sindicato no ser\u00e1n arreadas por ning\u00fan ministerio. ATE no se vende, no traiciona ni tampoco hace lo que el Ministerio de Trabajo le dice que tiene que hacer\u201d, exclam\u00f3.<\/p>\n<p>Por \u00faltimo, el Secretario Adjunto de ATE, Hugo Godoy, aclar\u00f3 que el nuevo proceso electoral contiene el desaf\u00edo de garantizar la transparencia y el aliento democr\u00e1tico, y la declaraci\u00f3n de estado de alerta y movilizaci\u00f3n. En este sentido, dijo: \u201cEsta intervenci\u00f3n debe ser dada a conocer en las asambleas de trabajadores en todo el pa\u00eds para debatirla. Debemos adem\u00e1s rodearnos de la solidaridad del movimiento popular. Porque ATE no est\u00e1 en riesgo; lo que est\u00e1 en riesgo se la soberan\u00eda plena de las organizaciones libres del pueblo\u201d.<\/p>\n","protected":false},"excerpt":{"rendered":"<p>El Secretario General Julio Fuentes denunci\u00f3 el aval que la cartera laboral otorg\u00f3 a la impugnaci\u00f3n del proceso eleccionario en el sindicato. El dirigente, acompa\u00f1ado del Secretario Adjunto Hugo Godoy y el Secretario General de la CTA, Pablo Micheli, anunci\u00f3 que la conducci\u00f3n del gremio defini\u00f3 ayer una nueva fecha para el 2 de septiembre, [&hellip;]<\/p>\n","protected":false},"author":1,"featured_media":19220,"comment_status":"open","ping_status":"open","sticky":false,"template":"","format":"standard","meta":{"_exactmetrics_skip_tracking":false,"_exactmetrics_sitenote_active":false,"_exactmetrics_sitenote_note":"","_exactmetrics_sitenote_category":0,"jnews-multi-image_gallery":[],"jnews_single_post":[],"jnews_primary_category":[],"jnews_social_meta":[],"jnews_review":[],"enable_review":"","type":"","name":"","summary":"","brand":"","sku":"","good":[],"bad":[],"score_override":"","override_value":"","rating":[],"price":[],"jnews_override_counter":[],"jnews_post_split":[],"footnotes":""},"categories":[18],"tags":[],"class_list":["post-5041","post","type-post","status-publish","format-standard","has-post-thumbnail","hentry","category-nacionales"],"jetpack_featured_media_url":"https:\/\/atecordoba.org\/wp-content\/uploads\/2020\/05\/logo-nuevochico-e1561581322808.png","_links":{"self":[{"href":"https:\/\/atecordoba.org\/index.php?rest_route=\/wp\/v2\/posts\/5041","targetHints":{"allow":["GET"]}}],"collection":[{"href":"https:\/\/atecordoba.org\/index.php?rest_route=\/wp\/v2\/posts"}],"about":[{"href":"https:\/\/atecordoba.org\/index.php?rest_route=\/wp\/v2\/types\/post"}],"author":[{"embeddable":true,"href":"https:\/\/atecordoba.org\/index.php?rest_route=\/wp\/v2\/users\/1"}],"replies":[{"embeddable":true,"href":"https:\/\/atecordoba.org\/index.php?rest_route=%2Fwp%2Fv2%2Fcomments&post=5041"}],"version-history":[{"count":0,"href":"https:\/\/atecordoba.org\/index.php?rest_route=\/wp\/v2\/posts\/5041\/revisions"}],"wp:featuredmedia":[{"embeddable":true,"href":"https:\/\/atecordoba.org\/index.php?rest_route=\/wp\/v2\/media\/19220"}],"wp:attachment":[{"href":"https:\/\/atecordoba.org\/index.php?rest_route=%2Fwp%2Fv2%2Fmedia&parent=5041"}],"wp:term":[{"taxonomy":"category","embeddable":true,"href":"https:\/\/atecordoba.org\/index.php?rest_route=%2Fwp%2Fv2%2Fcategories&post=5041"},{"taxonomy":"post_tag","embeddable":true,"href":"https:\/\/atecordoba.org\/index.php?rest_route=%2Fwp%2Fv2%2Ftags&post=5041"}],"curies":[{"name":"wp","href":"https:\/\/api.w.org\/{rel}","templated":true}]}}