{"id":50406,"date":"2025-09-01T10:09:06","date_gmt":"2025-09-01T13:09:06","guid":{"rendered":"https:\/\/atecordoba.org\/?p=50406"},"modified":"2025-09-01T10:09:06","modified_gmt":"2025-09-01T13:09:06","slug":"criminalizacion-de-la-protesta-acampe-y-olla-popular-frente-a-tribunales-ii-para-exigir-la-liberacion-de-giuliani","status":"publish","type":"post","link":"https:\/\/atecordoba.org\/?p=50406","title":{"rendered":"Criminalizaci\u00f3n de la protesta: acampe y olla popular frente a Tribunales II para exigir la liberaci\u00f3n de Giuliani"},"content":{"rendered":"<p><img loading=\"lazy\" decoding=\"async\" class=\"aligncenter wp-image-50407 \" src=\"https:\/\/atecordoba.org\/wp-content\/uploads\/2025\/09\/IMG-20240507-WA0125-scaled-e1756732081651-1024x681.jpg\" alt=\"\" width=\"604\" height=\"402\" \/>ATE y la CTAA realizar\u00e1n un acampe a partir de hoy en la explanada de Tribunales II, reclamando las liberaci\u00f3n del secretario General de ATE C\u00f3rdoba, Federico Giuliani, que permanece detenido por orden del fiscal provincial Ernesto De Arag\u00f3n. En ese marco, nuestra organizaci\u00f3n convoca a rueda de prensa donde estar\u00e1 el secretario General de ATE Nacional, Rodolfo Aguiar, que anunci\u00f3 <a href=\"https:\/\/atecordoba.org\/?p=50399\">un paro nacional<\/a> con movilizaciones y protestas en todo el pa\u00eds.<\/p>\n<p>Vienen a C\u00f3rdoba para apoyar este reclamo compa\u00f1eros y compa\u00f1eras de Capital Federal, de Provincia de Buenos Aires, de Rosario, Entre R\u00edos, Mendoza, San Luis, as\u00ed como de todas las seccionales del interior provincial: Cruz del Eje, Traslasierra, San Francisco, R\u00edo Tercero, Villa Mar\u00eda, R\u00edo Cuarto y Adelia Mar\u00eda.<\/p>\n<p>Todos y todas estar\u00e1n movilizados y acompa\u00f1ando solidariamente para repudiar la detenci\u00f3n arbitraria de nuestro secretario General el pasado jueves 25 de agosto, en el marco de una clara criminalizaci\u00f3n de la protesta en la provincia de C\u00f3rdoba que impone el gobierno de Mart\u00edn Llaryora.<\/p>\n<p>Junto al acampe se realizar\u00e1 un abrazo al edificio de Tribunales y una olla popular, estableci\u00e9ndose una vigilia hasta la liberaci\u00f3n del dirigente.<\/p>\n<p><strong>Detenci\u00f3n<\/strong><\/p>\n<p>Giuliani contin\u00faa detenido en el Penal de Bower, en tanto los otros 14 compa\u00f1eros y compa\u00f1eras que tambi\u00e9n fueron demorados por la polic\u00eda provincial dentro de las dependencias de la Secretar\u00eda de Pol\u00edticas Sociales y Desarrollo Humano de la Municipalidad de C\u00f3rdoba, donde la CTAA, ATE y la FNAT realizaban un protesta en reclamo de la distribuci\u00f3n de alimentos en comedores de las barriadas populares de la ciudad, interrumpida dr\u00e1sticamente por la comuna, sometiendo al hambre a las infancias que comen su raci\u00f3n diaria en dichos merenderos.<\/p>\n<p>El secretario General de ATE C\u00f3rdoba sufri\u00f3 graves lesiones en uno de sus brazos en momentos que se produc\u00eda la represi\u00f3n de la protesta y las detenciones, que incluso se extendi\u00f3 a parte de los periodistas presentes en el lugar registrando los hechos.<\/p>\n<p><strong>Solidaridad frente a la represi\u00f3n<\/strong><\/p>\n<p>La movilizaci\u00f3n de hoy cuenta con el apoyo, la solidaridad y amplia convocatoria de adhesiones de organizaciones del campo popular y de militantes y activistas que se har\u00e1n presentes en Tribunales al momento de concentrarnos para exigir la liberaci\u00f3n inmediata de Giuliani.<\/p>\n<p>Cabe se\u00f1alar que el ministro de Seguridad de la provincia, Juan Pablo Quinteros, justific\u00f3 la violencia del accionar policial, desmedida y desproporcionada, lo que da cuenta de la sinton\u00eda que mantiene con las pol\u00edticas represivas que impone el gobierno de Milei en el orden nacional, aplicada despiadadamente por la ministra Patricia Bullrich.<\/p>\n<p>Quinteros desconoce c\u00f3mo llevar adelante un protocolo para garantizar el libre ejercicio de la protesta, que garantiza la Constituci\u00f3n Nacional, as\u00ed como del ejercicio profesional de la prensa. As\u00ed, el operativo se ensa\u00f1\u00f3 tambi\u00e9n con un trabajador de prensa que se desempe\u00f1a en ATE, deteni\u00e9ndolo a pesar que se hab\u00eda identificado con la polic\u00eda. De la misma forma, termin\u00f3 detenido el jueves el abogado C\u00e9sar Theaux, secretario de DDHH de ATE C\u00f3rdoba, que ejerc\u00eda funciones como letrado de la CTAA.<\/p>\n","protected":false},"excerpt":{"rendered":"<p>ATE y la CTAA realizar\u00e1n un acampe a partir de hoy en la explanada de Tribunales II, reclamando las liberaci\u00f3n del secretario General de ATE C\u00f3rdoba, Federico Giuliani, que permanece detenido por orden del fiscal provincial Ernesto De Arag\u00f3n. En ese marco, nuestra organizaci\u00f3n convoca a rueda de prensa donde estar\u00e1 el secretario General de [&hellip;]<\/p>\n","protected":false},"author":7,"featured_media":50407,"comment_status":"open","ping_status":"open","sticky":false,"template":"","format":"standard","meta":{"_exactmetrics_skip_tracking":false,"_exactmetrics_sitenote_active":false,"_exactmetrics_sitenote_note":"","_exactmetrics_sitenote_category":0,"jnews-multi-image_gallery":[],"jnews_single_post":[],"jnews_primary_category":[],"jnews_social_meta":[],"jnews_review":[],"enable_review":"","type":"","name":"","summary":"","brand":"","sku":"","good":[],"bad":[],"score_override":"","override_value":"","rating":[],"price":[],"jnews_override_counter":[],"jnews_post_split":[],"footnotes":""},"categories":[341],"tags":[],"class_list":["post-50406","post","type-post","status-publish","format-standard","has-post-thumbnail","hentry","category-cdp"],"jetpack_featured_media_url":"https:\/\/atecordoba.org\/wp-content\/uploads\/2025\/09\/IMG-20240507-WA0125-scaled-e1756732133911.jpg","_links":{"self":[{"href":"https:\/\/atecordoba.org\/index.php?rest_route=\/wp\/v2\/posts\/50406","targetHints":{"allow":["GET"]}}],"collection":[{"href":"https:\/\/atecordoba.org\/index.php?rest_route=\/wp\/v2\/posts"}],"about":[{"href":"https:\/\/atecordoba.org\/index.php?rest_route=\/wp\/v2\/types\/post"}],"author":[{"embeddable":true,"href":"https:\/\/atecordoba.org\/index.php?rest_route=\/wp\/v2\/users\/7"}],"replies":[{"embeddable":true,"href":"https:\/\/atecordoba.org\/index.php?rest_route=%2Fwp%2Fv2%2Fcomments&post=50406"}],"version-history":[{"count":1,"href":"https:\/\/atecordoba.org\/index.php?rest_route=\/wp\/v2\/posts\/50406\/revisions"}],"predecessor-version":[{"id":50408,"href":"https:\/\/atecordoba.org\/index.php?rest_route=\/wp\/v2\/posts\/50406\/revisions\/50408"}],"wp:featuredmedia":[{"embeddable":true,"href":"https:\/\/atecordoba.org\/index.php?rest_route=\/wp\/v2\/media\/50407"}],"wp:attachment":[{"href":"https:\/\/atecordoba.org\/index.php?rest_route=%2Fwp%2Fv2%2Fmedia&parent=50406"}],"wp:term":[{"taxonomy":"category","embeddable":true,"href":"https:\/\/atecordoba.org\/index.php?rest_route=%2Fwp%2Fv2%2Fcategories&post=50406"},{"taxonomy":"post_tag","embeddable":true,"href":"https:\/\/atecordoba.org\/index.php?rest_route=%2Fwp%2Fv2%2Ftags&post=50406"}],"curies":[{"name":"wp","href":"https:\/\/api.w.org\/{rel}","templated":true}]}}