{"id":50399,"date":"2025-09-01T09:22:36","date_gmt":"2025-09-01T12:22:36","guid":{"rendered":"https:\/\/atecordoba.org\/?p=50399"},"modified":"2025-09-23T10:22:34","modified_gmt":"2025-09-23T13:22:34","slug":"ate-lanzo-paro-nacional-de-24-horas-con-acampes-para-el-martes-por-la-liberacion-de-giuliani-y-en-rechazo-a-la-represion-de-llaryora-y-milei","status":"publish","type":"post","link":"https:\/\/atecordoba.org\/?p=50399","title":{"rendered":"Paro Nacional de 24 horas por la liberaci\u00f3n de Giuliani y contra la represi\u00f3n de Llaryora"},"content":{"rendered":"<p><img loading=\"lazy\" decoding=\"async\" class=\"aligncenter wp-image-50402 \" src=\"https:\/\/atecordoba.org\/wp-content\/uploads\/2025\/09\/WhatsApp-Image-2025-09-01-at-08.25.00-819x1024.jpeg\" alt=\"\" width=\"612\" height=\"765\" srcset=\"https:\/\/atecordoba.org\/wp-content\/uploads\/2025\/09\/WhatsApp-Image-2025-09-01-at-08.25.00-819x1024.jpeg 819w, https:\/\/atecordoba.org\/wp-content\/uploads\/2025\/09\/WhatsApp-Image-2025-09-01-at-08.25.00-240x300.jpeg 240w, https:\/\/atecordoba.org\/wp-content\/uploads\/2025\/09\/WhatsApp-Image-2025-09-01-at-08.25.00-768x960.jpeg 768w, https:\/\/atecordoba.org\/wp-content\/uploads\/2025\/09\/WhatsApp-Image-2025-09-01-at-08.25.00-750x938.jpeg 750w, https:\/\/atecordoba.org\/wp-content\/uploads\/2025\/09\/WhatsApp-Image-2025-09-01-at-08.25.00.jpeg 1024w\" sizes=\"auto, (max-width: 612px) 100vw, 612px\" \/>ATE Nacional lanz\u00f3 un paro nacional de 24 horas para ma\u00f1ana martes 2 de septiembre con movilizaci\u00f3n en todo el pa\u00eds con el fin de exigir la inmediata liberaci\u00f3n de nuestro secretario General, Federico Giuliani, detenido el jueves por la Polic\u00eda provincial del gobernador Mart\u00edn Llaryora.<\/p>\n<p>\u201cLo que est\u00e1 ocurriendo en C\u00f3rdoba es de una gravedad institucional extrema. Tiene que evaluarse llevar adelante un jury, un juicio pol\u00edtico para el fiscal Ernesto de Arag\u00f3n y todos los funcionarios judiciales que est\u00e1n interviniendo en esta causa armada. Se cumplen todos los extremos para la causal exigida que es el mal desempe\u00f1o de funciones. Tenemos un Poder Judicial cordob\u00e9s completamente subordinado a Llaryora y actuando al margen de la Constituci\u00f3n y de las leyes\u201d, denunci\u00f3 Rodolfo Aguiar, Secretario General de ATE Nacional.<\/p>\n<p>En base a las medidas de fuerza que ATE tomar\u00e1, el dirigente explic\u00f3: \u201cNo podemos tolerar lo que est\u00e1 ocurriendo en C\u00f3rdoba. Tenemos que reaccionar, por eso vamos a un paro general que nos permita enfrentar la represi\u00f3n y la criminalizaci\u00f3n de la protesta social del Gobierno nacional y del Gobierno de C\u00f3rdoba. El gobernador Llaryora no se diferencia en nada de Milei\u201d.<\/p>\n<p>En la Ciudad Aut\u00f3noma de Buenos Aires, la concentraci\u00f3n ser\u00e1 a las 14 frente a la Casa de C\u00f3rdoba (Av. Callao 332). En tanto, cada provincia definir\u00e1 las modalidades de protesta. Adem\u00e1s, en C\u00f3rdoba Capital se realizar\u00e1 un acampe ma\u00f1ana lunes a partir de las 10 en los Tribunales II (Fructuoso Rivera 720).<\/p>\n<p>\u201cNo podemos permitir que se encarcele de manera ilegal a dirigentes por el solo hecho de protestar. Tienen que pagar los responsables de lo que est\u00e1 ocurriendo. En el caso de nuestro Secretario General, Federico Giuliani, no solo se tendi\u00f3 una emboscada para su detenci\u00f3n, sino que se lo golpe\u00f3 de manera salvaje y se lo mantiene en un Penal afectado en su salud y adem\u00e1s en condiciones deplorables\u201d, agreg\u00f3 Aguiar.<\/p>\n<p>\u201cEn las pr\u00f3ximas horas, la paz social en C\u00f3rdoba y en el pa\u00eds dependen de que sea liberado de manera inmediata y puesto en ejercicio de todos sus derechos y garant\u00edas constitucionales\u201d, concluy\u00f3 el Secretario General de ATE Nacional.<\/p>\n<p>La detenci\u00f3n de Giuliani se trata de un caso de criminalizaci\u00f3n de la protesta -calcado del Gobierno nacional de Javier Milei- contra un dirigente que reclamaba alimentos y ayuda social para los sectores m\u00e1s postergados de la provincia.<\/p>\n<p>El secretario General de ATE C\u00f3rdoba y la CTAA provincia de C\u00f3rdoba se encontraba encabezando una protesta frente a la Secretar\u00eda de Pol\u00edticas Sociales y Desarrollo Humano de la Municipalidad de C\u00f3rdoba, cuando las fuerzas de seguridad emboscaron a los manifestantes reprimiendo a mansalva y deteniendo a 15 personas, las cuales ya fueron liberadas a excepci\u00f3n del dirigente de la conducci\u00f3n provincial de ATE, en una clara demostraci\u00f3n de castigo contra el derecho constitucional a la huelga.<\/p>\n<p>El dirigente provincial permanece detenido en el Penal de Bouwer, a la espera que el fiscal De Arag\u00f3n le tome declaraci\u00f3n indagatoria.<\/p>\n","protected":false},"excerpt":{"rendered":"<p>ATE Nacional lanz\u00f3 un paro nacional de 24 horas para ma\u00f1ana martes 2 de septiembre con movilizaci\u00f3n en todo el pa\u00eds con el fin de exigir la inmediata liberaci\u00f3n de nuestro secretario General, Federico Giuliani, detenido el jueves por la Polic\u00eda provincial del gobernador Mart\u00edn Llaryora. \u201cLo que est\u00e1 ocurriendo en C\u00f3rdoba es de una [&hellip;]<\/p>\n","protected":false},"author":7,"featured_media":50400,"comment_status":"open","ping_status":"open","sticky":false,"template":"","format":"standard","meta":{"_exactmetrics_skip_tracking":false,"_exactmetrics_sitenote_active":false,"_exactmetrics_sitenote_note":"","_exactmetrics_sitenote_category":0,"jnews-multi-image_gallery":[],"jnews_single_post":{"format":"standard","override":[{"template":"1","parallax":"1","fullscreen":"1","layout":"no-sidebar-narrow","sidebar":"default-sidebar","second_sidebar":"default-sidebar","sticky_sidebar":"1","share_position":"bottom","share_float_style":"share-monocrhome","show_share_counter":"1","show_view_counter":"1","show_post_meta":"1","show_post_author_image":"1","show_post_date":"1","post_date_format":"default","post_date_format_custom":"Y\/m\/d","show_post_category":"1","show_post_reading_time":"0","post_reading_time_wpm":"300","post_calculate_word_method":"str_word_count","show_zoom_button":"0","zoom_button_out_step":"2","zoom_button_in_step":"3","show_post_tag":"1","number_popup_post":"1","show_post_related":"1","show_inline_post_related":"0"}],"image_override":[{"single_post_thumbnail_size":"crop-500","single_post_gallery_size":"crop-500"}],"trending_post_position":"meta","trending_post_label":"Trending","sponsored_post_label":"Sponsored by","disable_ad":"0"},"jnews_primary_category":[],"jnews_social_meta":[],"jnews_review":[],"enable_review":"","type":"percentage","name":"","summary":"","brand":"","sku":"","good":[],"bad":[],"score_override":"","override_value":"","rating":[],"price":[],"jnews_override_counter":{"view_counter_number":"0","share_counter_number":"0","like_counter_number":"0","dislike_counter_number":"0"},"jnews_post_split":{"post_split":[{"template":"1","tag":"h2","numbering":"asc","mode":"normal","first":"0","enable_toc":"0","toc_type":"normal"}]},"footnotes":""},"categories":[756],"tags":[],"class_list":["post-50399","post","type-post","status-publish","format-standard","has-post-thumbnail","hentry","category-consejo-directivo-nacional-cdn"],"jetpack_featured_media_url":"https:\/\/atecordoba.org\/wp-content\/uploads\/2025\/09\/WhatsApp-Image-2025-09-01-at-08.24.57-e1756729270505.jpeg","_links":{"self":[{"href":"https:\/\/atecordoba.org\/index.php?rest_route=\/wp\/v2\/posts\/50399","targetHints":{"allow":["GET"]}}],"collection":[{"href":"https:\/\/atecordoba.org\/index.php?rest_route=\/wp\/v2\/posts"}],"about":[{"href":"https:\/\/atecordoba.org\/index.php?rest_route=\/wp\/v2\/types\/post"}],"author":[{"embeddable":true,"href":"https:\/\/atecordoba.org\/index.php?rest_route=\/wp\/v2\/users\/7"}],"replies":[{"embeddable":true,"href":"https:\/\/atecordoba.org\/index.php?rest_route=%2Fwp%2Fv2%2Fcomments&post=50399"}],"version-history":[{"count":4,"href":"https:\/\/atecordoba.org\/index.php?rest_route=\/wp\/v2\/posts\/50399\/revisions"}],"predecessor-version":[{"id":50820,"href":"https:\/\/atecordoba.org\/index.php?rest_route=\/wp\/v2\/posts\/50399\/revisions\/50820"}],"wp:featuredmedia":[{"embeddable":true,"href":"https:\/\/atecordoba.org\/index.php?rest_route=\/wp\/v2\/media\/50400"}],"wp:attachment":[{"href":"https:\/\/atecordoba.org\/index.php?rest_route=%2Fwp%2Fv2%2Fmedia&parent=50399"}],"wp:term":[{"taxonomy":"category","embeddable":true,"href":"https:\/\/atecordoba.org\/index.php?rest_route=%2Fwp%2Fv2%2Fcategories&post=50399"},{"taxonomy":"post_tag","embeddable":true,"href":"https:\/\/atecordoba.org\/index.php?rest_route=%2Fwp%2Fv2%2Ftags&post=50399"}],"curies":[{"name":"wp","href":"https:\/\/api.w.org\/{rel}","templated":true}]}}