{"id":50391,"date":"2025-08-29T15:23:32","date_gmt":"2025-08-29T18:23:32","guid":{"rendered":"https:\/\/atecordoba.org\/?p=50391"},"modified":"2025-08-29T15:39:49","modified_gmt":"2025-08-29T18:39:49","slug":"giuliani-quedo-detenido-y-ate-realizara-un-paro-nacional-el-martes-2-de-septiembre","status":"publish","type":"post","link":"https:\/\/atecordoba.org\/?p=50391","title":{"rendered":"Giuliani qued\u00f3 detenido y ATE realizar\u00e1 un paro nacional el martes 2 de septiembre"},"content":{"rendered":"<p><img loading=\"lazy\" decoding=\"async\" class=\"aligncenter wp-image-50394 \" src=\"https:\/\/atecordoba.org\/wp-content\/uploads\/2025\/08\/WhatsApp-Image-2025-08-29-at-15.33.24-1024x682.jpeg\" alt=\"\" width=\"617\" height=\"411\" srcset=\"https:\/\/atecordoba.org\/wp-content\/uploads\/2025\/08\/WhatsApp-Image-2025-08-29-at-15.33.24-1024x682.jpeg 1024w, https:\/\/atecordoba.org\/wp-content\/uploads\/2025\/08\/WhatsApp-Image-2025-08-29-at-15.33.24-300x200.jpeg 300w, https:\/\/atecordoba.org\/wp-content\/uploads\/2025\/08\/WhatsApp-Image-2025-08-29-at-15.33.24-768x512.jpeg 768w, https:\/\/atecordoba.org\/wp-content\/uploads\/2025\/08\/WhatsApp-Image-2025-08-29-at-15.33.24-750x500.jpeg 750w, https:\/\/atecordoba.org\/wp-content\/uploads\/2025\/08\/WhatsApp-Image-2025-08-29-at-15.33.24-1140x760.jpeg 1140w, https:\/\/atecordoba.org\/wp-content\/uploads\/2025\/08\/WhatsApp-Image-2025-08-29-at-15.33.24.jpeg 1280w\" sizes=\"auto, (max-width: 617px) 100vw, 617px\" \/>ATE se moviliz\u00f3 hoy a Tribunales II para reclamar contra la detenci\u00f3n de nuestro secretario General Federico Giuliani. Una radio abierta sobre calle Fructuoso Rivera fue el marco donde decenas de compa\u00f1eros y compa\u00f1eras exigieron la liberaci\u00f3n del dirigente, detenido cuando encabezaba un reclamo por el reparto de alimentos para comedores populares ante la Municipalidad de C\u00f3rdoba.<\/p>\n<p>Al mediod\u00eda los abogados de ATE informaron que el fiscal Ernesto De Arag\u00f3n orden\u00f3 que Giuliani quede detenido hasta prestar declaraci\u00f3n obligatoria, por considerarlo &#8220;peligroso para el proceso&#8221;, en otra muestra del <a href=\"https:\/\/atecordoba.org\/?p=50367\">ensa\u00f1amiento <\/a>con que se aplica la persecuci\u00f3n judicial en la provincia gobernada por Mart\u00edn Llaryora.<img loading=\"lazy\" decoding=\"async\" class=\"aligncenter wp-image-50395 \" src=\"https:\/\/atecordoba.org\/wp-content\/uploads\/2025\/08\/WhatsApp-Image-2025-08-29-at-15.33.25-1024x682.jpeg\" alt=\"\" width=\"608\" height=\"405\" srcset=\"https:\/\/atecordoba.org\/wp-content\/uploads\/2025\/08\/WhatsApp-Image-2025-08-29-at-15.33.25-1024x682.jpeg 1024w, https:\/\/atecordoba.org\/wp-content\/uploads\/2025\/08\/WhatsApp-Image-2025-08-29-at-15.33.25-300x200.jpeg 300w, https:\/\/atecordoba.org\/wp-content\/uploads\/2025\/08\/WhatsApp-Image-2025-08-29-at-15.33.25-768x512.jpeg 768w, https:\/\/atecordoba.org\/wp-content\/uploads\/2025\/08\/WhatsApp-Image-2025-08-29-at-15.33.25-750x500.jpeg 750w, https:\/\/atecordoba.org\/wp-content\/uploads\/2025\/08\/WhatsApp-Image-2025-08-29-at-15.33.25-1140x760.jpeg 1140w, https:\/\/atecordoba.org\/wp-content\/uploads\/2025\/08\/WhatsApp-Image-2025-08-29-at-15.33.25.jpeg 1280w\" sizes=\"auto, (max-width: 608px) 100vw, 608px\" \/><\/p>\n<p>&#8220;El lunes vamos a estar exigiendo que se lo llame a declarar porque se cumplen las 24 horas h\u00e1biles desde su imputaci\u00f3n. Pero tenemos claro que loque torna en peligroso a Giuliani es su lucha en la calle&#8221;, dijo<br \/>\nClaudio Orosz.<\/p>\n<p>En\u00a0 la oportunidad, estuvo presente el secretario General de ATE Nacional, Rodolfo Aguiar, quien, acompa\u00f1ado por la secretaria de Formaci\u00f3n del CDP Vanina Rodr\u00edguez y Cristian V\u00e1zquez director de la Escuela de Formaci\u00f3n Libertario Ferrari, anunci\u00f3 para el martes pr\u00f3ximo 2 de septiembre un paro nacional de ATE para exigir la liberaci\u00f3n de Giuliani.<\/p>\n<p>Durante la conferencia de prensa, Aguiar anunci\u00f3 que ante la detenci\u00f3n de Giuliani, y su mantenimiento el fin de semana al menos, ATE realizar\u00e1 una medida de fuerza nacional, con cortes de ruta. &#8220;En C\u00f3rdoba se vive un estado de excepci\u00f3n, repudiamos el accionar policial absolutamente ilegal y las garant\u00edas constitucionales est\u00e1n suspendidas, mientras un Poder Judicial parcial, a las \u00f3rdenes de Llaryora, degrada la democracia en la provincia&#8221;, dijo el dirigente nacional.<img loading=\"lazy\" decoding=\"async\" class=\"aligncenter wp-image-50396 \" src=\"https:\/\/atecordoba.org\/wp-content\/uploads\/2025\/08\/WhatsApp-Image-2025-08-29-at-15.33.24-1-1024x682.jpeg\" alt=\"\" width=\"620\" height=\"413\" srcset=\"https:\/\/atecordoba.org\/wp-content\/uploads\/2025\/08\/WhatsApp-Image-2025-08-29-at-15.33.24-1-1024x682.jpeg 1024w, https:\/\/atecordoba.org\/wp-content\/uploads\/2025\/08\/WhatsApp-Image-2025-08-29-at-15.33.24-1-300x200.jpeg 300w, https:\/\/atecordoba.org\/wp-content\/uploads\/2025\/08\/WhatsApp-Image-2025-08-29-at-15.33.24-1-768x512.jpeg 768w, https:\/\/atecordoba.org\/wp-content\/uploads\/2025\/08\/WhatsApp-Image-2025-08-29-at-15.33.24-1-750x500.jpeg 750w, https:\/\/atecordoba.org\/wp-content\/uploads\/2025\/08\/WhatsApp-Image-2025-08-29-at-15.33.24-1-1140x760.jpeg 1140w, https:\/\/atecordoba.org\/wp-content\/uploads\/2025\/08\/WhatsApp-Image-2025-08-29-at-15.33.24-1.jpeg 1280w\" sizes=\"auto, (max-width: 620px) 100vw, 620px\" \/><\/p>\n<p>Y apunt\u00f3 contra el gobernador, a se\u00f1alar que si quiere mantener la paz social en C\u00f3rdoba &#8220;que responda a las justas demandas de los sectores populares. No es con represi\u00f3n sino con comida que va a bajar los reclamos de las organizaciones populares&#8221;. Luego lo fustig\u00f3 al compararlo con Milei: &#8220;no se diferencia en nada. Intenta disciplinar pero la conflictividad va a seguir aumentando si no liberan a Federico&#8221;.<\/p>\n<p>En la concentraci\u00f3n estuvieron solidariz\u00e1ndose con ATE y la CTAA la UEPC Capital, el sindicato de Gr\u00e1ficos, Patria Grande, el Partido Comunista Revolucionario, el Centro de Jubilados Provincial de ATE y Cispren, entre otros.<\/p>\n<p>&nbsp;<\/p>\n<p>&nbsp;<\/p>\n","protected":false},"excerpt":{"rendered":"<p>ATE se moviliz\u00f3 hoy a Tribunales II para reclamar contra la detenci\u00f3n de nuestro secretario General Federico Giuliani. Una radio abierta sobre calle Fructuoso Rivera fue el marco donde decenas de compa\u00f1eros y compa\u00f1eras exigieron la liberaci\u00f3n del dirigente, detenido cuando encabezaba un reclamo por el reparto de alimentos para comedores populares ante la Municipalidad [&hellip;]<\/p>\n","protected":false},"author":7,"featured_media":50396,"comment_status":"open","ping_status":"open","sticky":false,"template":"","format":"standard","meta":{"_exactmetrics_skip_tracking":false,"_exactmetrics_sitenote_active":false,"_exactmetrics_sitenote_note":"","_exactmetrics_sitenote_category":0,"jnews-multi-image_gallery":[],"jnews_single_post":{"format":"standard","override":[{"template":"1","parallax":"1","fullscreen":"1","layout":"no-sidebar-narrow","sidebar":"default-sidebar","second_sidebar":"default-sidebar","sticky_sidebar":"1","share_position":"bottom","share_float_style":"share-monocrhome","show_share_counter":"1","show_view_counter":"1","show_post_meta":"1","show_post_author_image":"1","show_post_date":"1","post_date_format":"default","post_date_format_custom":"Y\/m\/d","show_post_category":"1","show_post_reading_time":"0","post_reading_time_wpm":"300","post_calculate_word_method":"str_word_count","show_zoom_button":"0","zoom_button_out_step":"2","zoom_button_in_step":"3","show_post_tag":"1","number_popup_post":"1","show_post_related":"1","show_inline_post_related":"0"}],"image_override":[{"single_post_thumbnail_size":"crop-500","single_post_gallery_size":"crop-500"}],"trending_post_position":"meta","trending_post_label":"Trending","sponsored_post_label":"Sponsored by","disable_ad":"0"},"jnews_primary_category":[],"jnews_social_meta":[],"jnews_review":[],"enable_review":"","type":"percentage","name":"","summary":"","brand":"","sku":"","good":[],"bad":[],"score_override":"","override_value":"","rating":[],"price":[],"jnews_override_counter":{"view_counter_number":"0","share_counter_number":"0","like_counter_number":"0","dislike_counter_number":"0"},"jnews_post_split":{"post_split":[{"template":"1","tag":"h2","numbering":"asc","mode":"normal","first":"0","enable_toc":"0","toc_type":"normal"}]},"footnotes":""},"categories":[341],"tags":[],"class_list":["post-50391","post","type-post","status-publish","format-standard","has-post-thumbnail","hentry","category-cdp"],"jetpack_featured_media_url":"https:\/\/atecordoba.org\/wp-content\/uploads\/2025\/08\/WhatsApp-Image-2025-08-29-at-15.33.24-1.jpeg","_links":{"self":[{"href":"https:\/\/atecordoba.org\/index.php?rest_route=\/wp\/v2\/posts\/50391","targetHints":{"allow":["GET"]}}],"collection":[{"href":"https:\/\/atecordoba.org\/index.php?rest_route=\/wp\/v2\/posts"}],"about":[{"href":"https:\/\/atecordoba.org\/index.php?rest_route=\/wp\/v2\/types\/post"}],"author":[{"embeddable":true,"href":"https:\/\/atecordoba.org\/index.php?rest_route=\/wp\/v2\/users\/7"}],"replies":[{"embeddable":true,"href":"https:\/\/atecordoba.org\/index.php?rest_route=%2Fwp%2Fv2%2Fcomments&post=50391"}],"version-history":[{"count":3,"href":"https:\/\/atecordoba.org\/index.php?rest_route=\/wp\/v2\/posts\/50391\/revisions"}],"predecessor-version":[{"id":50397,"href":"https:\/\/atecordoba.org\/index.php?rest_route=\/wp\/v2\/posts\/50391\/revisions\/50397"}],"wp:featuredmedia":[{"embeddable":true,"href":"https:\/\/atecordoba.org\/index.php?rest_route=\/wp\/v2\/media\/50396"}],"wp:attachment":[{"href":"https:\/\/atecordoba.org\/index.php?rest_route=%2Fwp%2Fv2%2Fmedia&parent=50391"}],"wp:term":[{"taxonomy":"category","embeddable":true,"href":"https:\/\/atecordoba.org\/index.php?rest_route=%2Fwp%2Fv2%2Fcategories&post=50391"},{"taxonomy":"post_tag","embeddable":true,"href":"https:\/\/atecordoba.org\/index.php?rest_route=%2Fwp%2Fv2%2Ftags&post=50391"}],"curies":[{"name":"wp","href":"https:\/\/api.w.org\/{rel}","templated":true}]}}