{"id":50387,"date":"2025-08-29T14:44:39","date_gmt":"2025-08-29T17:44:39","guid":{"rendered":"https:\/\/atecordoba.org\/?p=50387"},"modified":"2025-08-29T14:44:39","modified_gmt":"2025-08-29T17:44:39","slug":"el-ministro-de-seguridad-justifico-la-violencia-represion-y-mintio-sobre-las-heridas-que-sufrio-giuliani","status":"publish","type":"post","link":"https:\/\/atecordoba.org\/?p=50387","title":{"rendered":"El ministro de Seguridad justific\u00f3 la violencia represi\u00f3n y minti\u00f3 sobre las heridas que sufri\u00f3 Giuliani"},"content":{"rendered":"<figure id=\"attachment_50385\" aria-describedby=\"caption-attachment-50385\" style=\"width: 611px\" class=\"wp-caption aligncenter\"><img loading=\"lazy\" decoding=\"async\" class=\"wp-image-50385 \" src=\"https:\/\/atecordoba.org\/wp-content\/uploads\/2025\/08\/llaryora-bullrich-quinteros-1024x687.webp\" alt=\"\" width=\"611\" height=\"410\" srcset=\"https:\/\/atecordoba.org\/wp-content\/uploads\/2025\/08\/llaryora-bullrich-quinteros-1024x687.webp 1024w, https:\/\/atecordoba.org\/wp-content\/uploads\/2025\/08\/llaryora-bullrich-quinteros-300x201.webp 300w, https:\/\/atecordoba.org\/wp-content\/uploads\/2025\/08\/llaryora-bullrich-quinteros-768x515.webp 768w, https:\/\/atecordoba.org\/wp-content\/uploads\/2025\/08\/llaryora-bullrich-quinteros-750x503.webp 750w, https:\/\/atecordoba.org\/wp-content\/uploads\/2025\/08\/llaryora-bullrich-quinteros-1140x765.webp 1140w, https:\/\/atecordoba.org\/wp-content\/uploads\/2025\/08\/llaryora-bullrich-quinteros.webp 1200w\" sizes=\"auto, (max-width: 611px) 100vw, 611px\" \/><figcaption id=\"caption-attachment-50385\" class=\"wp-caption-text\">El ministro Quinteros (derecha), junto a Llaryora y Bullrich.<\/figcaption><\/figure>\n<p>En una rueda de prensa, el ministro de Seguridad de C\u00f3rdoba, Juan Pablo Quinteros, justific\u00f3 la violencia policial en la represi\u00f3n a la protesta que realizaron ayer ATE y la CTAA frente la Secretar\u00eda de Pol\u00edticas Sociales y Desarrollo Humano de la Municipalidad de C\u00f3rdoba, donde resultaron detenidas y detenidos 15 compa\u00f1eros, entre ellos nuestro secretario General Federico Giuliani, hospitalizado por la grave luxaci\u00f3n de codo y hombro, t\u00edpica herida de las torceduras que le aplicaron durante la detenci\u00f3n.<\/p>\n<p>&#8220;El parte m\u00e9dico es una lesi\u00f3n leve en un codo y es propia de una refriega&#8221;, dijo en funcionario, contrariando el diagn\u00f3stico m\u00e9dico del Hospital Misericordia, tal como inform\u00f3 nuestro abogado Claudio Orosz.<\/p>\n<p>Adem\u00e1s, el ministro adelant\u00f3 que &#8220;se vienen tiempos complicados en t\u00e9rminos de la conflictividad social&#8221;, anunciando que la represi\u00f3n a la protesta continuar\u00e1, en un claro mensaje que pretende amedrentar a las organizaciones combativas que rechazan el ajuste del cordobesismo.<\/p>\n<p>En contrapartida a los dichos del ministro, desde ATE reafirmamos que el derecho a la protesta social est\u00e1 garantizado por la Constituci\u00f3n Nacional. La justicia provincial as\u00ed refrend\u00f3 en un fallo donde absolvi\u00f3 a Giuliani y otros dirigentes sociales, procesados por realizar un corte de calle en el marco de una jornada nacional de protesta contra el hambre en la Argentina. El gobierno sali\u00f3 inmediatamente a confrontar con el tribunal, tanto desde el Ejecutivo como el Fiscal General, Juan Manuel Delegado, dando cuenta que el Ministerio P\u00fablico Fiscal, sigue los lineamientos de Llaryora.<\/p>\n<p><strong>Golpes a la prensa<\/strong><\/p>\n<p>Quinteros tuvo un cruce con un periodista en la rueda de prensa, cuando el trabajador le reclam\u00f3 por la represi\u00f3n tambi\u00e9n se ceb\u00f3 con las prensa, que cubr\u00eda la medida de fuerza pero la polic\u00eda no permiti\u00f3 que se traslade a menos de 50 metros del foco de la protesta.<\/p>\n<p>El ministro neg\u00f3 tres veces lo que el cronista de radio Mitre le reclam\u00f3 en otras tantas ocasiones.<\/p>\n<p>Esto da cuenta de la escala de la represi\u00f3n realizada por la polic\u00eda y de la pretendida impunidad con que se mueve la fuerza y el Ejecutivo provincial.<\/p>\n<p>Quinteros se muestra en plena sinton\u00eda con la ministra de represi\u00f3n nacional, Patricia Bullrich, a quien recibe personalmente en calidad de anfitri\u00f3n, cada vez que la funcionaria de Milei llega a la provincia.<\/p>\n","protected":false},"excerpt":{"rendered":"<p>En una rueda de prensa, el ministro de Seguridad de C\u00f3rdoba, Juan Pablo Quinteros, justific\u00f3 la violencia policial en la represi\u00f3n a la protesta que realizaron ayer ATE y la CTAA frente la Secretar\u00eda de Pol\u00edticas Sociales y Desarrollo Humano de la Municipalidad de C\u00f3rdoba, donde resultaron detenidas y detenidos 15 compa\u00f1eros, entre ellos nuestro [&hellip;]<\/p>\n","protected":false},"author":7,"featured_media":50385,"comment_status":"open","ping_status":"open","sticky":false,"template":"","format":"standard","meta":{"_exactmetrics_skip_tracking":false,"_exactmetrics_sitenote_active":false,"_exactmetrics_sitenote_note":"","_exactmetrics_sitenote_category":0,"jnews-multi-image_gallery":[],"jnews_single_post":[],"jnews_primary_category":[],"jnews_social_meta":[],"jnews_review":[],"enable_review":"","type":"","name":"","summary":"","brand":"","sku":"","good":[],"bad":[],"score_override":"","override_value":"","rating":[],"price":[],"jnews_override_counter":[],"jnews_post_split":[],"footnotes":""},"categories":[341],"tags":[],"class_list":["post-50387","post","type-post","status-publish","format-standard","has-post-thumbnail","hentry","category-cdp"],"jetpack_featured_media_url":"https:\/\/atecordoba.org\/wp-content\/uploads\/2025\/08\/llaryora-bullrich-quinteros.webp","_links":{"self":[{"href":"https:\/\/atecordoba.org\/index.php?rest_route=\/wp\/v2\/posts\/50387","targetHints":{"allow":["GET"]}}],"collection":[{"href":"https:\/\/atecordoba.org\/index.php?rest_route=\/wp\/v2\/posts"}],"about":[{"href":"https:\/\/atecordoba.org\/index.php?rest_route=\/wp\/v2\/types\/post"}],"author":[{"embeddable":true,"href":"https:\/\/atecordoba.org\/index.php?rest_route=\/wp\/v2\/users\/7"}],"replies":[{"embeddable":true,"href":"https:\/\/atecordoba.org\/index.php?rest_route=%2Fwp%2Fv2%2Fcomments&post=50387"}],"version-history":[{"count":1,"href":"https:\/\/atecordoba.org\/index.php?rest_route=\/wp\/v2\/posts\/50387\/revisions"}],"predecessor-version":[{"id":50388,"href":"https:\/\/atecordoba.org\/index.php?rest_route=\/wp\/v2\/posts\/50387\/revisions\/50388"}],"wp:featuredmedia":[{"embeddable":true,"href":"https:\/\/atecordoba.org\/index.php?rest_route=\/wp\/v2\/media\/50385"}],"wp:attachment":[{"href":"https:\/\/atecordoba.org\/index.php?rest_route=%2Fwp%2Fv2%2Fmedia&parent=50387"}],"wp:term":[{"taxonomy":"category","embeddable":true,"href":"https:\/\/atecordoba.org\/index.php?rest_route=%2Fwp%2Fv2%2Fcategories&post=50387"},{"taxonomy":"post_tag","embeddable":true,"href":"https:\/\/atecordoba.org\/index.php?rest_route=%2Fwp%2Fv2%2Ftags&post=50387"}],"curies":[{"name":"wp","href":"https:\/\/api.w.org\/{rel}","templated":true}]}}