{"id":5037,"date":"2015-03-26T16:20:03","date_gmt":"2015-03-26T19:20:03","guid":{"rendered":"http:\/\/www.atecordoba.org\/?p=5037"},"modified":"2015-03-26T16:20:03","modified_gmt":"2015-03-26T19:20:03","slug":"inedito-fallo-judicial-en-rio-negro-beneficia-a-ate-y-pone-limites-a-los-intendentes","status":"publish","type":"post","link":"https:\/\/atecordoba.org\/?p=5037","title":{"rendered":"In\u00e9dito fallo judicial en R\u00edo Negro beneficia a \u00c1TE y pone l\u00edmites a los intendentes"},"content":{"rendered":"<p><em>La C\u00e1mara \u200edel Trabajo II de la II Circunscripci\u00f3n Judicial de la provincia patag\u00f3nica emiti\u00f3 un fallo, fundado en la \u2018Ley Discriminatoria\u2019, mediante la cual se resolvi\u00f3 reinstalar en su puesto laboral a un trabajador de la Municipalidad de Cervantes que hab\u00eda comenzado a organizar a la ATE dentro de la comuna y afiliar a los empleados al sindicato.<\/em><\/p>\n<p><a href=\"http:\/\/www.atecordoba.org\/wp-content\/uploads\/2015\/03\/ate_rio_negro.jpg\"><img loading=\"lazy\" decoding=\"async\" class=\"aligncenter size-full wp-image-5038\" src=\"http:\/\/www.atecordoba.org\/wp-content\/uploads\/2015\/03\/ate_rio_negro.jpg\" alt=\"ate_rio_negro\" width=\"600\" height=\"450\" \/><\/a><\/p>\n<p>Lo novedoso de la resoluci\u00f3n judicial es que se aplica la Ley 23.592, llamada &#8220;Ley Discriminatoria&#8221; por primera vez en la provincia de R\u00edo Negro, por razones de activismo gremial, ampliando de esta manera notablemente el marco de protecci\u00f3n de los trabajadores que deciden reclamar por sus leg\u00edtimos derechos sin contar por razones formales con la \u201ctutela gremial\u201d que brinda la ley de Asociaciones Sindicales. Es que en este caso, Pedro Oses empleado municipal y afiliado a ATE desde el 15\/03\/12, no hab\u00eda sido electo delegado todav\u00eda y las elecciones se realizaron con posterioridad al fraudulento despido.<\/p>\n<p>La c\u00e1mara considero\u00a0probada\u00a0la\u00a0persecuci\u00f3n\u00a0de la que fue v\u00edctima Oses y los actos intimidatorios que incluyeron amenazas de despidos, maltrato y tareas de espionaje por parte de las autoridades de la Municipalidad. Mientras el referido\u00a0trabajador realizaba reuniones en domicilios particulares con la finalidad de organizar el gremio en el \u00e1mbito municipal, se pudo comprobar en la justicia, que el auto del Intendente Montanaro pasaba en reiteradas oportunidades y se deten\u00eda para intentar conocer el objetivo de esos encuentros.<\/p>\n<p><strong>La C\u00e1mara del Trabajo hizo prevalecer el derecho fundamental a la\u00a0libertad sindical\u00a0por sobre cualquier facultad que pudiere invocar la Municipalidad para justificar el despido<\/strong>.<\/p>\n<p>Este fallo sienta un importante precedente en la provincia, toda vez que brinda protecci\u00f3n a aquellos trabajadores que son simplemente activistas gremiales, sin contar con representaci\u00f3n sindical efectiva, frente a los abusos o maltratos de sus empleadores.<\/p>\n<p><strong>La sentencia tambi\u00e9n hace menci\u00f3n a que el despido del trabajador se produce porque este decide afiliarse a ATE<\/strong>, siendo de p\u00fablico conocimiento \u200eque se trata de una de las entidades gremiales m\u00e1s combativas en la provincia.<\/p>\n<p><strong>Los jueces ordenaron la reincorporaci\u00f3n del trabajador, que se le \u200eabonen todos los salarios ca\u00eddos y que se lo incorpore a la planta del recurso humano de la Municipalidad en igualdad de condiciones que el resto de los empleados<\/strong>.<\/p>\n<p>&#8220;Estamos frente a un logro hist\u00f3rico para ATE y una resoluci\u00f3n judicial sin precedentes en la provincia que beneficiar\u00e1 a miles de trabajadores. Si bien ya hab\u00edamos celebrado un acuerdo pol\u00edtico con Montanaro y Oses hab\u00eda sido reincorporado, tenemos que destacar el trabajo de los jueces de la C\u00e1mara del Trabajo II \u200eporque esta sentencia muestra consonancia con los avances de la jurisprudencia de la Corte Suprema de Justicia producidos en los \u00faltimos a\u00f1os y adem\u00e1s se trata de una resoluci\u00f3n altamente progresista&#8221; manifest\u00f3 Rodolfo Aguiar, Secretario General de ATE y CTA R\u00edo Negro, y agreg\u00f3:\u00a0&#8220;Esta decisi\u00f3n de la justicia pone l\u00edmites a los abusos de los Intententes y claramente se protegen los derechos de la parte m\u00e1s d\u00e9bil en toda relaci\u00f3n laboral, que es el trabajador&#8221;.<\/p>\n<p><strong>Gobierno proyecta pase a planta permanente<\/strong><strong>\u00a0<\/strong><\/p>\n<p>El Gobierno dej\u00f3 trascender la decisi\u00f3n de avanzar en el pase a planta permanente de trabajadores estatales tras reconocer, mediante sondeos de opini\u00f3n, que los trabajadores estatales rionegrinos no ven con buenos ojos las pol\u00edticas laborales desarrolladas por la Administraci\u00f3n Weretilneck. Esto confirma que la lucha de la Asociaci\u00f3n Trabajadores del Estado (ATE), respaldada por el conjunto de los estatales, contin\u00faa dando sus frutos, ya que no s\u00f3lo se eval\u00faa pasar a planta permanente a los trabajadores contratados, sino que adem\u00e1s se promete dar cumplimiento efectivo a la Ley 4640, otro de los constantes reclamos de la entidad sindical.<\/p>\n<p>El giro de tim\u00f3n del Gobierno Provincial se sostiene en que la creciente precarizaci\u00f3n laboral, los magros sueldos y los paup\u00e9rrimos aumentos salariales -siempre por debajo de la inflaci\u00f3n-, el incremento notable de las sumas en negro y la negaci\u00f3n constante a entablar relaciones democr\u00e1ticas y transparentes con los sindicatos, evidentemente no convencen a nadie para renovar la confianza en el Poder Ejecutivo.<\/p>\n<p>Quedan por resolver aspectos no menos importantes: los alcances del pase y\u00a0los criterios a tomar. En los medios de comunicaci\u00f3n se habla de 3500 trabajadores cuando, en realidad, no son menos de 5000 quienes est\u00e1n en planta transitoria. Del mismo modo, desde ATE se plantea la preocupaci\u00f3n por los trabajadores en situaci\u00f3n de beca, quienes padecen las peores condiciones laborales en el Estado Provincial.<\/p>\n","protected":false},"excerpt":{"rendered":"<p>La C\u00e1mara \u200edel Trabajo II de la II Circunscripci\u00f3n Judicial de la provincia patag\u00f3nica emiti\u00f3 un fallo, fundado en la \u2018Ley Discriminatoria\u2019, mediante la cual se resolvi\u00f3 reinstalar en su puesto laboral a un trabajador de la Municipalidad de Cervantes que hab\u00eda comenzado a organizar a la ATE dentro de la comuna y afiliar a [&hellip;]<\/p>\n","protected":false},"author":1,"featured_media":19220,"comment_status":"open","ping_status":"open","sticky":false,"template":"","format":"standard","meta":{"_exactmetrics_skip_tracking":false,"_exactmetrics_sitenote_active":false,"_exactmetrics_sitenote_note":"","_exactmetrics_sitenote_category":0,"jnews-multi-image_gallery":[],"jnews_single_post":[],"jnews_primary_category":[],"jnews_social_meta":[],"jnews_review":[],"enable_review":"","type":"","name":"","summary":"","brand":"","sku":"","good":[],"bad":[],"score_override":"","override_value":"","rating":[],"price":[],"jnews_override_counter":[],"jnews_post_split":[],"footnotes":""},"categories":[20],"tags":[],"class_list":["post-5037","post","type-post","status-publish","format-standard","has-post-thumbnail","hentry","category-municipales"],"jetpack_featured_media_url":"https:\/\/atecordoba.org\/wp-content\/uploads\/2020\/05\/logo-nuevochico-e1561581322808.png","_links":{"self":[{"href":"https:\/\/atecordoba.org\/index.php?rest_route=\/wp\/v2\/posts\/5037","targetHints":{"allow":["GET"]}}],"collection":[{"href":"https:\/\/atecordoba.org\/index.php?rest_route=\/wp\/v2\/posts"}],"about":[{"href":"https:\/\/atecordoba.org\/index.php?rest_route=\/wp\/v2\/types\/post"}],"author":[{"embeddable":true,"href":"https:\/\/atecordoba.org\/index.php?rest_route=\/wp\/v2\/users\/1"}],"replies":[{"embeddable":true,"href":"https:\/\/atecordoba.org\/index.php?rest_route=%2Fwp%2Fv2%2Fcomments&post=5037"}],"version-history":[{"count":0,"href":"https:\/\/atecordoba.org\/index.php?rest_route=\/wp\/v2\/posts\/5037\/revisions"}],"wp:featuredmedia":[{"embeddable":true,"href":"https:\/\/atecordoba.org\/index.php?rest_route=\/wp\/v2\/media\/19220"}],"wp:attachment":[{"href":"https:\/\/atecordoba.org\/index.php?rest_route=%2Fwp%2Fv2%2Fmedia&parent=5037"}],"wp:term":[{"taxonomy":"category","embeddable":true,"href":"https:\/\/atecordoba.org\/index.php?rest_route=%2Fwp%2Fv2%2Fcategories&post=5037"},{"taxonomy":"post_tag","embeddable":true,"href":"https:\/\/atecordoba.org\/index.php?rest_route=%2Fwp%2Fv2%2Ftags&post=5037"}],"curies":[{"name":"wp","href":"https:\/\/api.w.org\/{rel}","templated":true}]}}