{"id":50367,"date":"2025-08-29T10:04:19","date_gmt":"2025-08-29T13:04:19","guid":{"rendered":"https:\/\/atecordoba.org\/?p=50367"},"modified":"2025-08-29T10:37:02","modified_gmt":"2025-08-29T13:37:02","slug":"ensanamiento-con-nuestro-secretario-general-vamos-todos-a-tribunales-ii","status":"publish","type":"post","link":"https:\/\/atecordoba.org\/?p=50367","title":{"rendered":"Ensa\u00f1amiento con nuestro secretario General, vamos todos a Tribunales II"},"content":{"rendered":"<p><img loading=\"lazy\" decoding=\"async\" class=\"aligncenter wp-image-50372 \" src=\"https:\/\/atecordoba.org\/wp-content\/uploads\/2025\/08\/WhatsApp-Image-2025-08-29-at-10.21.51-1024x792.jpeg\" alt=\"\" width=\"608\" height=\"470\" srcset=\"https:\/\/atecordoba.org\/wp-content\/uploads\/2025\/08\/WhatsApp-Image-2025-08-29-at-10.21.51-1024x792.jpeg 1024w, https:\/\/atecordoba.org\/wp-content\/uploads\/2025\/08\/WhatsApp-Image-2025-08-29-at-10.21.51-300x232.jpeg 300w, https:\/\/atecordoba.org\/wp-content\/uploads\/2025\/08\/WhatsApp-Image-2025-08-29-at-10.21.51-768x594.jpeg 768w, https:\/\/atecordoba.org\/wp-content\/uploads\/2025\/08\/WhatsApp-Image-2025-08-29-at-10.21.51-750x580.jpeg 750w, https:\/\/atecordoba.org\/wp-content\/uploads\/2025\/08\/WhatsApp-Image-2025-08-29-at-10.21.51-1140x882.jpeg 1140w, https:\/\/atecordoba.org\/wp-content\/uploads\/2025\/08\/WhatsApp-Image-2025-08-29-at-10.21.51.jpeg 1396w\" sizes=\"auto, (max-width: 608px) 100vw, 608px\" \/>Con la presencia del secretario General de ATE Nacional, Rodolfo Aguiar, las y los estatales de Cordoba nos movilizamos hoy a las 10 horas a Tribunales II, Fructuoso Rivera 720 barrio Observatorio, para exigir la liberaci\u00f3n de nuestro secretario General, Federico Giuliani, detenido ayer de manera arbitraria cuando encabezaba una manifestaci\u00f3n en reclamo de ayuda alimentaria para comedores de la Federaci\u00f3n Nacional Territorial (FNAT-CTAA) en la ciudad de C\u00f3rdoba.<\/p>\n<p>Giuliani result\u00f3 detenido por la polic\u00eda, junto a otras y otros 14 compa\u00f1eros, en un violento operativo que le infligi\u00f3 un brazo quebrado a la altura del codo. Mientras el resto de los y la detenidas fueron liberados a latas horas de la noche, Giuliani permanece detenido mientras est\u00e1 siendo atendido en el Hospital Misericordia.<img loading=\"lazy\" decoding=\"async\" class=\"aligncenter wp-image-50375 \" src=\"https:\/\/atecordoba.org\/wp-content\/uploads\/2025\/08\/urgente-1-817x1024.png\" alt=\"\" width=\"544\" height=\"682\" srcset=\"https:\/\/atecordoba.org\/wp-content\/uploads\/2025\/08\/urgente-1-817x1024.png 817w, https:\/\/atecordoba.org\/wp-content\/uploads\/2025\/08\/urgente-1-239x300.png 239w, https:\/\/atecordoba.org\/wp-content\/uploads\/2025\/08\/urgente-1-768x963.png 768w, https:\/\/atecordoba.org\/wp-content\/uploads\/2025\/08\/urgente-1-750x940.png 750w, https:\/\/atecordoba.org\/wp-content\/uploads\/2025\/08\/urgente-1.png 1080w\" sizes=\"auto, (max-width: 544px) 100vw, 544px\" \/><\/p>\n<p>Se trata de un claro episodio de criminalizaci\u00f3n de la protesta donde nuestro secretario General es v\u00edctima de la pol\u00edtica persecutoria que el gobierno de Mart\u00edn Llaryora impone en las calles de C\u00f3rdoba, que ya tuvo otros cap\u00edtulos anteriores con causas armadas por el fiscal Ernesto De Arag\u00f3n, en evidente lineamiento con las pol\u00edticas represivas que aplica el gobierno de Milei en el orden\u00a0 nacional.<\/p>\n<p>Su detenci\u00f3n despert\u00f3 innumerables muestras de solidaridad con ATE a nivel local, nacional e internacional de organizaciones sociales, sindicales, pol\u00edticas, ambientales y culturales que repudian el accionar violento y represivo del gobierno de C\u00f3rdoba.<\/p>\n<p>\u201cLa Polic\u00eda de C\u00f3rdoba llev\u00f3 adelante las detenciones sin que exista ning\u00fan motivo y golpe\u00e1ndolos de manera salvaje. Se trata de un nuevo intento de criminalizaci\u00f3n de la protesta. Exigimos la inmediata liberaci\u00f3n de todos los detenidos ilegalmente. Si el gobernador Llaryora piensa que va a tener paz social reprimiendo y encarcel\u00e1ndonos, se equivoca. La paz social se logra garantizando respuestas a las justas demandas que tenemos los trabajadores y los sectores m\u00e1s vulnerables de la sociedad\u201d, <a href=\"https:\/\/ate.org.ar\/250828-detencion-giuliani\/\">manifest\u00f3 ayer<\/a> Rodolfo Aguiar.<\/p>\n<p>Ante esta situaci\u00f3n, ATE y la CTA Capital Federal se movilizaron en la Ciudad Aut\u00f3noma de Buenos Aires a la Casa de C\u00f3rdoba para exigir la inmediata liberaci\u00f3n de los detenidos y contin\u00faan los reclamos.<\/p>\n<div id='gallery_1' class='gallery galleryid-50367 gallery-columns-3 gallery-size-thumbnail'><figure class='gallery-item'>\n                <div class='gallery-icon landscape'>\n                    <a href='https:\/\/atecordoba.org\/wp-content\/uploads\/2025\/08\/WhatsApp-Image-2025-08-29-at-08.38.22.jpeg'><img loading=\"lazy\" decoding=\"async\" width=\"150\" height=\"150\" src=\"\" class=\"attachment-thumbnail size-thumbnail lazyload\" alt=\"\" data-src=\"https:\/\/atecordoba.org\/wp-content\/uploads\/2025\/08\/WhatsApp-Image-2025-08-29-at-08.38.22-150x150.jpeg\" data-sizes=\"auto\" data-srcset=\"https:\/\/atecordoba.org\/wp-content\/uploads\/2025\/08\/WhatsApp-Image-2025-08-29-at-08.38.22-150x150.jpeg 150w, https:\/\/atecordoba.org\/wp-content\/uploads\/2025\/08\/WhatsApp-Image-2025-08-29-at-08.38.22-560x560.jpeg 560w, https:\/\/atecordoba.org\/wp-content\/uploads\/2025\/08\/WhatsApp-Image-2025-08-29-at-08.38.22-75x75.jpeg 75w, https:\/\/atecordoba.org\/wp-content\/uploads\/2025\/08\/WhatsApp-Image-2025-08-29-at-08.38.22-350x350.jpeg 350w\" data-expand=\"700\" \/><\/a>\n                <\/div><\/figure><figure class='gallery-item'>\n                <div class='gallery-icon landscape'>\n                    <a href='https:\/\/atecordoba.org\/wp-content\/uploads\/2025\/08\/WhatsApp-Image-2025-08-29-at-08.38.21.jpeg'><img loading=\"lazy\" decoding=\"async\" width=\"150\" height=\"150\" src=\"\" class=\"attachment-thumbnail size-thumbnail lazyload\" alt=\"\" data-src=\"https:\/\/atecordoba.org\/wp-content\/uploads\/2025\/08\/WhatsApp-Image-2025-08-29-at-08.38.21-150x150.jpeg\" data-sizes=\"auto\" data-srcset=\"https:\/\/atecordoba.org\/wp-content\/uploads\/2025\/08\/WhatsApp-Image-2025-08-29-at-08.38.21-150x150.jpeg 150w, https:\/\/atecordoba.org\/wp-content\/uploads\/2025\/08\/WhatsApp-Image-2025-08-29-at-08.38.21-560x560.jpeg 560w, https:\/\/atecordoba.org\/wp-content\/uploads\/2025\/08\/WhatsApp-Image-2025-08-29-at-08.38.21-75x75.jpeg 75w, https:\/\/atecordoba.org\/wp-content\/uploads\/2025\/08\/WhatsApp-Image-2025-08-29-at-08.38.21-350x350.jpeg 350w\" data-expand=\"700\" \/><\/a>\n                <\/div><\/figure><figure class='gallery-item'>\n                <div class='gallery-icon landscape'>\n                    <a href='https:\/\/atecordoba.org\/wp-content\/uploads\/2025\/08\/WhatsApp-Image-2025-08-29-at-08.38.22-1.jpeg'><img loading=\"lazy\" decoding=\"async\" width=\"150\" height=\"150\" src=\"\" class=\"attachment-thumbnail size-thumbnail lazyload\" alt=\"\" data-src=\"https:\/\/atecordoba.org\/wp-content\/uploads\/2025\/08\/WhatsApp-Image-2025-08-29-at-08.38.22-1-150x150.jpeg\" data-sizes=\"auto\" data-srcset=\"https:\/\/atecordoba.org\/wp-content\/uploads\/2025\/08\/WhatsApp-Image-2025-08-29-at-08.38.22-1-150x150.jpeg 150w, https:\/\/atecordoba.org\/wp-content\/uploads\/2025\/08\/WhatsApp-Image-2025-08-29-at-08.38.22-1-560x560.jpeg 560w, https:\/\/atecordoba.org\/wp-content\/uploads\/2025\/08\/WhatsApp-Image-2025-08-29-at-08.38.22-1-75x75.jpeg 75w, https:\/\/atecordoba.org\/wp-content\/uploads\/2025\/08\/WhatsApp-Image-2025-08-29-at-08.38.22-1-350x350.jpeg 350w\" data-expand=\"700\" \/><\/a>\n                <\/div><\/figure><br style=\"clear: both\" \/>\n            <\/div>\n\n<p>Al respecto, la Secretario de Derechos Humanos de ATE Nacional, Valeria Taramasco enfatiz\u00f3: \u00abRepudiamos fervientemente la detenci\u00f3n ilegal de las compa\u00f1eras y los compa\u00f1eros de ATE y CTA C\u00f3rdoba que se encontraban exigiendo mejores condiciones de vida para el pueblo cordob\u00e9s. Es inadmisible el feroz ataque que desde los gobiernos, tanto nacional como provincial, se viene produciendo contra los representantes de los trabajadores y trabajadoras. Por eso, exigimos la inmediata liberaci\u00f3n de todos los compa\u00f1eros y compa\u00f1eras, el fin del intento de amedrentamiento a los dirigentes del pueblo y el respeto irrestricto al derecho a la protesta\u00bb.<\/p>\n<p>Numerosos compa\u00f1eros y compa\u00f1eras realizaron una vigilia anoche, con el acompa\u00f1amiento de organizaciones pol\u00edticas y sociales hasta la liberaci\u00f3n de las y los 14 detenidos restantes,, que estaban demorados en la alcaid\u00eda de tribunales.<\/p>\n<p><strong>Ensa\u00f1amiento<\/strong><\/p>\n<p><img loading=\"lazy\" decoding=\"async\" class=\"aligncenter wp-image-50381 \" src=\"https:\/\/atecordoba.org\/wp-content\/uploads\/2025\/08\/WhatsApp-Image-2025-08-29-at-08.38.21-1-1024x768.jpeg\" alt=\"\" width=\"614\" height=\"461\" srcset=\"https:\/\/atecordoba.org\/wp-content\/uploads\/2025\/08\/WhatsApp-Image-2025-08-29-at-08.38.21-1-1024x768.jpeg 1024w, https:\/\/atecordoba.org\/wp-content\/uploads\/2025\/08\/WhatsApp-Image-2025-08-29-at-08.38.21-1-300x225.jpeg 300w, https:\/\/atecordoba.org\/wp-content\/uploads\/2025\/08\/WhatsApp-Image-2025-08-29-at-08.38.21-1-768x576.jpeg 768w, https:\/\/atecordoba.org\/wp-content\/uploads\/2025\/08\/WhatsApp-Image-2025-08-29-at-08.38.21-1-1536x1152.jpeg 1536w, https:\/\/atecordoba.org\/wp-content\/uploads\/2025\/08\/WhatsApp-Image-2025-08-29-at-08.38.21-1-750x563.jpeg 750w, https:\/\/atecordoba.org\/wp-content\/uploads\/2025\/08\/WhatsApp-Image-2025-08-29-at-08.38.21-1-1140x855.jpeg 1140w, https:\/\/atecordoba.org\/wp-content\/uploads\/2025\/08\/WhatsApp-Image-2025-08-29-at-08.38.21-1.jpeg 1600w\" sizes=\"auto, (max-width: 614px) 100vw, 614px\" \/>En tal sentido, el abogado de ATE Claudio Orosz dijo ayer a medios de prensa que\u00a0<em>\u201c<\/em>con Federico est\u00e1n ensa\u00f1ados, la Polic\u00eda lo tiene identificado, y en principio le provocaron una luxaci\u00f3n en el codo. Pas\u00f3 la noche esposado a la cama, con dos polic\u00edas que lo custodiaban todo el tiempo y la plana mayor de la Polic\u00eda pas\u00e1ndolo a ver, como si estuviera (el fallecido Osama) Bin Laden vivo\u201d.<\/p>\n<p>El letrado cuestion\u00f3 que \u201cse estigmatice a quienes protesten\u201d, asumi\u00f3 que Giuliani \u201cpuede ser boc\u00f3n, pero no es un delincuente\u201d.<\/p>\n<p>En di\u00e1logo con los\u00a0<strong>Servicios de Radio y Televisi\u00f3n (SRT)<\/strong>, indic\u00f3 que \u201clos representantes del Ministerio P\u00fablico Fiscal ya lo hab\u00edan acusado dos veces antes, y fue sobrese\u00eddo\u201d. Y record\u00f3 que \u201cla \u00faltima vez fue el 25 de mayo de 2024, donde adujeron incitaci\u00f3n a la violencia por manifestarse en contra de la presencia del presidente Javier Milei, pero no pudieron avanzar\u201d.<\/p>\n<p>Dentro de las acusaciones oficiales de ayer, al dirigente gremial \u201cle agregaron el concepto de amenazas\u201d.<\/p>\n<p>Concluy\u00f3 la charla remarcando que \u201cel ministro (provincial, Juan Pablo) Quinteros cada vez se parece m\u00e1s a Patricia Bullrich (titular de la cartera a nivel nacional)\u201d.<\/p>\n<p>Orosz apunt\u00f3 que entre los detenidos se encontraba C\u00e9sar Theaux, de la Comisi\u00f3n Directiva del Colegio de Abogados, que ayer \u201cfestejaba su centenario en esta situaci\u00f3n: con un integrante aprehendido\u201d.<\/p>\n<p>Cuestion\u00f3 que a todos \u201cse los llev\u00f3 ida y vuelta a (la c\u00e1rcel de) Bouwer, para amedrentarlos\u201d, y que durante la detenci\u00f3n \u201chab\u00eda tensi\u00f3n, aunque no es cierto que hubiera fierros y golpes o piedrazos\u201d.<\/p>\n","protected":false},"excerpt":{"rendered":"<p>Con la presencia del secretario General de ATE Nacional, Rodolfo Aguiar, las y los estatales de Cordoba nos movilizamos hoy a las 10 horas a Tribunales II, Fructuoso Rivera 720 barrio Observatorio, para exigir la liberaci\u00f3n de nuestro secretario General, Federico Giuliani, detenido ayer de manera arbitraria cuando encabezaba una manifestaci\u00f3n en reclamo de ayuda [&hellip;]<\/p>\n","protected":false},"author":7,"featured_media":50372,"comment_status":"open","ping_status":"open","sticky":false,"template":"","format":"standard","meta":{"_exactmetrics_skip_tracking":false,"_exactmetrics_sitenote_active":false,"_exactmetrics_sitenote_note":"","_exactmetrics_sitenote_category":0,"jnews-multi-image_gallery":[],"jnews_single_post":{"format":"standard","override":[{"template":"1","parallax":"1","fullscreen":"1","layout":"no-sidebar-narrow","sidebar":"default-sidebar","second_sidebar":"default-sidebar","sticky_sidebar":"1","share_position":"bottom","share_float_style":"share-monocrhome","show_share_counter":"1","show_view_counter":"1","show_post_meta":"1","show_post_author_image":"1","show_post_date":"1","post_date_format":"default","post_date_format_custom":"Y\/m\/d","show_post_category":"1","show_post_reading_time":"0","post_reading_time_wpm":"300","post_calculate_word_method":"str_word_count","show_zoom_button":"0","zoom_button_out_step":"2","zoom_button_in_step":"3","show_post_tag":"1","number_popup_post":"1","show_post_related":"1","show_inline_post_related":"0"}],"image_override":[{"single_post_thumbnail_size":"crop-500","single_post_gallery_size":"crop-500"}],"trending_post_position":"meta","trending_post_label":"Trending","sponsored_post_label":"Sponsored by","disable_ad":"0"},"jnews_primary_category":[],"jnews_social_meta":[],"jnews_review":[],"enable_review":"","type":"percentage","name":"","summary":"","brand":"","sku":"","good":[],"bad":[],"score_override":"","override_value":"","rating":[],"price":[],"jnews_override_counter":{"view_counter_number":"0","share_counter_number":"0","like_counter_number":"0","dislike_counter_number":"0"},"jnews_post_split":{"post_split":[{"template":"1","tag":"h2","numbering":"asc","mode":"normal","first":"0","enable_toc":"0","toc_type":"normal"}]},"footnotes":""},"categories":[341],"tags":[],"class_list":["post-50367","post","type-post","status-publish","format-standard","has-post-thumbnail","hentry","category-cdp"],"jetpack_featured_media_url":"https:\/\/atecordoba.org\/wp-content\/uploads\/2025\/08\/WhatsApp-Image-2025-08-29-at-10.21.51.jpeg","_links":{"self":[{"href":"https:\/\/atecordoba.org\/index.php?rest_route=\/wp\/v2\/posts\/50367","targetHints":{"allow":["GET"]}}],"collection":[{"href":"https:\/\/atecordoba.org\/index.php?rest_route=\/wp\/v2\/posts"}],"about":[{"href":"https:\/\/atecordoba.org\/index.php?rest_route=\/wp\/v2\/types\/post"}],"author":[{"embeddable":true,"href":"https:\/\/atecordoba.org\/index.php?rest_route=\/wp\/v2\/users\/7"}],"replies":[{"embeddable":true,"href":"https:\/\/atecordoba.org\/index.php?rest_route=%2Fwp%2Fv2%2Fcomments&post=50367"}],"version-history":[{"count":4,"href":"https:\/\/atecordoba.org\/index.php?rest_route=\/wp\/v2\/posts\/50367\/revisions"}],"predecessor-version":[{"id":50383,"href":"https:\/\/atecordoba.org\/index.php?rest_route=\/wp\/v2\/posts\/50367\/revisions\/50383"}],"wp:featuredmedia":[{"embeddable":true,"href":"https:\/\/atecordoba.org\/index.php?rest_route=\/wp\/v2\/media\/50372"}],"wp:attachment":[{"href":"https:\/\/atecordoba.org\/index.php?rest_route=%2Fwp%2Fv2%2Fmedia&parent=50367"}],"wp:term":[{"taxonomy":"category","embeddable":true,"href":"https:\/\/atecordoba.org\/index.php?rest_route=%2Fwp%2Fv2%2Fcategories&post=50367"},{"taxonomy":"post_tag","embeddable":true,"href":"https:\/\/atecordoba.org\/index.php?rest_route=%2Fwp%2Fv2%2Ftags&post=50367"}],"curies":[{"name":"wp","href":"https:\/\/api.w.org\/{rel}","templated":true}]}}