{"id":50355,"date":"2025-08-28T12:42:27","date_gmt":"2025-08-28T15:42:27","guid":{"rendered":"https:\/\/atecordoba.org\/?p=50355"},"modified":"2025-08-28T12:50:03","modified_gmt":"2025-08-28T15:50:03","slug":"criminalizacion-de-la-protesta-la-policia-detuvo-a-federico-giuliani-y-otros-activistas-de-ate-y-ctaa-durante-una-protesta-pacifica","status":"publish","type":"post","link":"https:\/\/atecordoba.org\/?p=50355","title":{"rendered":"Criminalizaci\u00f3n de la protesta: la polic\u00eda detuvo a Federico Giuliani y otros activistas de ATE y CTAA durante una protesta pac\u00edfica"},"content":{"rendered":"<p><img loading=\"lazy\" decoding=\"async\" class=\"aligncenter wp-image-50356 \" src=\"https:\/\/atecordoba.org\/wp-content\/uploads\/2025\/08\/cara-1024x684.jpg\" alt=\"\" width=\"615\" height=\"411\" \/>En el marco de una manifestaci\u00f3n pac\u00edfica, frente a la sede de la Secretar\u00eda de Pol\u00edticas Sociales y Desarrollo Humano de la Municipalidad de C\u00f3rdoba, el secretario General de ATE C\u00f3rdoba y la CTA C\u00f3rdoba result\u00f3 detenido por las polic\u00eda de la provincia, en un hecho grav\u00edsimo que expresa la pol\u00edtica de persecuci\u00f3n y criminalizaci\u00f3n de la protesta que el gobierno de Mart\u00edn Llaryora impone en las calles de C\u00f3rdoba.<\/p>\n<p>El dirigente encabezaba un reclamo de la CTAA ante el organismo en reclamo de insumos y alimentos para las barriadas populares, cuya entrega de parte de la Municipalidad se vio disminuida dr\u00e1sticamente los \u00faltimos meses, cuando fue detenido violentamente por el personal policial mientras se encontraba dentro del edificio, junto a otros 15 compa\u00f1eros y compa\u00f1eras, en una acci\u00f3n artera donde fueron emboscados, en momentos que se dirig\u00edan a mantener una audiencia con funcionarios del \u00e1rea.<\/p>\n<p>Giuliani denunci\u00f3 que tiene un brazo quebrado, como resultado del violento accionar policial.<\/p>\n<div id='gallery_1' class='gallery galleryid-50355 gallery-columns-2 gallery-size-medium'><figure class='gallery-item'>\n                <div class='gallery-icon portrait'>\n                    <a href='https:\/\/atecordoba.org\/wp-content\/uploads\/2025\/08\/WhatsApp-Image-2025-08-28-at-12.35.01-1.jpeg'><img loading=\"lazy\" decoding=\"async\" width=\"169\" height=\"300\" src=\"\" class=\"attachment-medium size-medium lazyload\" alt=\"\" data-src=\"https:\/\/atecordoba.org\/wp-content\/uploads\/2025\/08\/WhatsApp-Image-2025-08-28-at-12.35.01-1-169x300.jpeg\" data-sizes=\"auto\" data-srcset=\"https:\/\/atecordoba.org\/wp-content\/uploads\/2025\/08\/WhatsApp-Image-2025-08-28-at-12.35.01-1-169x300.jpeg 169w, https:\/\/atecordoba.org\/wp-content\/uploads\/2025\/08\/WhatsApp-Image-2025-08-28-at-12.35.01-1-576x1024.jpeg 576w, https:\/\/atecordoba.org\/wp-content\/uploads\/2025\/08\/WhatsApp-Image-2025-08-28-at-12.35.01-1.jpeg 720w\" data-expand=\"700\" \/><\/a>\n                <\/div><\/figure><figure class='gallery-item'>\n                <div class='gallery-icon portrait'>\n                    <a href='https:\/\/atecordoba.org\/wp-content\/uploads\/2025\/08\/WhatsApp-Image-2025-08-28-at-12.35.01.jpeg'><img loading=\"lazy\" decoding=\"async\" width=\"169\" height=\"300\" src=\"\" class=\"attachment-medium size-medium lazyload\" alt=\"\" data-src=\"https:\/\/atecordoba.org\/wp-content\/uploads\/2025\/08\/WhatsApp-Image-2025-08-28-at-12.35.01-169x300.jpeg\" data-sizes=\"auto\" data-srcset=\"https:\/\/atecordoba.org\/wp-content\/uploads\/2025\/08\/WhatsApp-Image-2025-08-28-at-12.35.01-169x300.jpeg 169w, https:\/\/atecordoba.org\/wp-content\/uploads\/2025\/08\/WhatsApp-Image-2025-08-28-at-12.35.01-576x1024.jpeg 576w, https:\/\/atecordoba.org\/wp-content\/uploads\/2025\/08\/WhatsApp-Image-2025-08-28-at-12.35.01-768x1366.jpeg 768w, https:\/\/atecordoba.org\/wp-content\/uploads\/2025\/08\/WhatsApp-Image-2025-08-28-at-12.35.01-864x1536.jpeg 864w, https:\/\/atecordoba.org\/wp-content\/uploads\/2025\/08\/WhatsApp-Image-2025-08-28-at-12.35.01-750x1334.jpeg 750w, https:\/\/atecordoba.org\/wp-content\/uploads\/2025\/08\/WhatsApp-Image-2025-08-28-at-12.35.01.jpeg 899w\" data-expand=\"700\" \/><\/a>\n                <\/div><\/figure><br style=\"clear: both\" \/>\n            <\/div>\n\n<p>Giuliani se encuentra en este momento en la alcaid\u00eda de Tribunales II y alcanz\u00f3 a enviar un mensaje por celular cuando era trasladado, donde explic\u00f3 que sucedi\u00f3. Y acus\u00f3 al secretario de Pol\u00edticas Sociales y Desarrollo Humano, Ra\u00fal Lacaba, de ausentarse del organismos para hacer campa\u00f1a electoral, en vez de atender los reclamos de las barriadas populares que no tienen para comer.<\/p>\n<p>ATE llama a las organizaciones del campo popular a solidarizarse con el compa\u00f1ero Giuliani y a manifestarse por su libertad y la del resto de los detenidos y hace responsable al gobierno de Llaryora y al intendente de C\u00f3rdoba Daniel Passerini, por la integridad de nuestro secretario General y del resto de los compa\u00f1eros, entre los que se encuentran la secretaria Adjunta de la CTAA, Silvia Alcoba, el secretario de DDHH de ATE C\u00f3rdoba, C\u00e9sar Theaux, y el trabajador de prensa de ATE, Ferm\u00edn Deniponti.<\/p>\n\n","protected":false},"excerpt":{"rendered":"<p>En el marco de una manifestaci\u00f3n pac\u00edfica, frente a la sede de la Secretar\u00eda de Pol\u00edticas Sociales y Desarrollo Humano de la Municipalidad de C\u00f3rdoba, el secretario General de ATE C\u00f3rdoba y la CTA C\u00f3rdoba result\u00f3 detenido por las polic\u00eda de la provincia, en un hecho grav\u00edsimo que expresa la pol\u00edtica de persecuci\u00f3n y criminalizaci\u00f3n [&hellip;]<\/p>\n","protected":false},"author":7,"featured_media":50356,"comment_status":"open","ping_status":"open","sticky":false,"template":"","format":"standard","meta":{"_exactmetrics_skip_tracking":false,"_exactmetrics_sitenote_active":false,"_exactmetrics_sitenote_note":"","_exactmetrics_sitenote_category":0,"jnews-multi-image_gallery":[],"jnews_single_post":{"format":"standard","override":[{"template":"1","parallax":"1","fullscreen":"1","layout":"no-sidebar-narrow","sidebar":"default-sidebar","second_sidebar":"default-sidebar","sticky_sidebar":"1","share_position":"bottom","share_float_style":"share-monocrhome","show_share_counter":"1","show_view_counter":"1","show_post_meta":"1","show_post_author_image":"1","show_post_date":"1","post_date_format":"default","post_date_format_custom":"Y\/m\/d","show_post_category":"1","show_post_reading_time":"0","post_reading_time_wpm":"300","post_calculate_word_method":"str_word_count","show_zoom_button":"0","zoom_button_out_step":"2","zoom_button_in_step":"3","show_post_tag":"1","number_popup_post":"1","show_post_related":"1","show_inline_post_related":"0"}],"image_override":[{"single_post_thumbnail_size":"crop-500","single_post_gallery_size":"crop-500"}],"trending_post_position":"meta","trending_post_label":"Trending","sponsored_post_label":"Sponsored by","disable_ad":"0"},"jnews_primary_category":[],"jnews_social_meta":[],"jnews_review":[],"enable_review":"","type":"percentage","name":"","summary":"","brand":"","sku":"","good":[],"bad":[],"score_override":"","override_value":"","rating":[],"price":[],"jnews_override_counter":{"view_counter_number":"0","share_counter_number":"0","like_counter_number":"0","dislike_counter_number":"0"},"jnews_post_split":{"post_split":[{"template":"1","tag":"h2","numbering":"asc","mode":"normal","first":"0","enable_toc":"0","toc_type":"normal"}]},"footnotes":""},"categories":[341],"tags":[],"class_list":["post-50355","post","type-post","status-publish","format-standard","has-post-thumbnail","hentry","category-cdp"],"jetpack_featured_media_url":"https:\/\/atecordoba.org\/wp-content\/uploads\/2025\/08\/cara-e1756472628107.jpg","_links":{"self":[{"href":"https:\/\/atecordoba.org\/index.php?rest_route=\/wp\/v2\/posts\/50355","targetHints":{"allow":["GET"]}}],"collection":[{"href":"https:\/\/atecordoba.org\/index.php?rest_route=\/wp\/v2\/posts"}],"about":[{"href":"https:\/\/atecordoba.org\/index.php?rest_route=\/wp\/v2\/types\/post"}],"author":[{"embeddable":true,"href":"https:\/\/atecordoba.org\/index.php?rest_route=\/wp\/v2\/users\/7"}],"replies":[{"embeddable":true,"href":"https:\/\/atecordoba.org\/index.php?rest_route=%2Fwp%2Fv2%2Fcomments&post=50355"}],"version-history":[{"count":4,"href":"https:\/\/atecordoba.org\/index.php?rest_route=\/wp\/v2\/posts\/50355\/revisions"}],"predecessor-version":[{"id":50364,"href":"https:\/\/atecordoba.org\/index.php?rest_route=\/wp\/v2\/posts\/50355\/revisions\/50364"}],"wp:featuredmedia":[{"embeddable":true,"href":"https:\/\/atecordoba.org\/index.php?rest_route=\/wp\/v2\/media\/50356"}],"wp:attachment":[{"href":"https:\/\/atecordoba.org\/index.php?rest_route=%2Fwp%2Fv2%2Fmedia&parent=50355"}],"wp:term":[{"taxonomy":"category","embeddable":true,"href":"https:\/\/atecordoba.org\/index.php?rest_route=%2Fwp%2Fv2%2Fcategories&post=50355"},{"taxonomy":"post_tag","embeddable":true,"href":"https:\/\/atecordoba.org\/index.php?rest_route=%2Fwp%2Fv2%2Ftags&post=50355"}],"curies":[{"name":"wp","href":"https:\/\/api.w.org\/{rel}","templated":true}]}}