{"id":50345,"date":"2025-08-27T14:24:11","date_gmt":"2025-08-27T17:24:11","guid":{"rendered":"https:\/\/atecordoba.org\/?p=50345"},"modified":"2025-08-27T14:27:01","modified_gmt":"2025-08-27T17:27:01","slug":"salsipuedes-la-municipalidad-pidio-un-cuarto-intermedio-en-la-paritaria-para-mejorar-la-oferta-salarial","status":"publish","type":"post","link":"https:\/\/atecordoba.org\/?p=50345","title":{"rendered":"Salsipuedes: la Municipalidad pidi\u00f3 un cuarto intermedio en la paritaria para mejorar la oferta salarial"},"content":{"rendered":"<p><img loading=\"lazy\" decoding=\"async\" class=\"aligncenter wp-image-50346 \" src=\"https:\/\/atecordoba.org\/wp-content\/uploads\/2025\/08\/WhatsApp-Image-2025-08-27-at-11.47.30-768x1024.jpeg\" alt=\"\" width=\"615\" height=\"820\" \/>Hoy se desarroll\u00f3 una nueva audiencia paritaria en la Secretaria de Trabajo de las provincia, entre la Municipalidad de Salsipuedes y la representaci\u00f3n gremial integrada por ATE y el sindicato municipal.<\/p>\n<p>En la oportunidad, estuvieron presentes el secretario de DDHH de ATE C\u00f3rdoba, C\u00e9sar Theaux, su par de Organizaci\u00f3n, Javier Bracamonte, y los delegados Vladimir Su\u00e1rez y Luis Tapia. En tanto el municipio envi\u00f3 al secretario de Gobierno Jos\u00e9 Combina y otros funcionarios Departamento Ejecutivo Municipal (DEM).<\/p>\n<p>Abierta la palabra, ATE rechaz\u00f3 la oferta salarial planteada por el DEM por insuficiente, frente a lo cual la patronal solicit\u00f3 a la autoridad laboral pasar a un cuarto intermedio, comprometi\u00e9ndose a mejorar la propuesta, postura que todas las partes aceptaron.<\/p>\n<p>La pr\u00f3xima audiencia se llevar\u00e1 a cabo el 2 de septiembre.<\/p>\n<p>Vale mencionar que la instancia paritaria se alcanz\u00f3 despu\u00e9s de 8 jornadas de lucha en reclamo de mejoras salariales, proceso que finalmente torci\u00f3 la voluntad del gobierno municipal de no abrir instancias de di\u00e1logo, en complicidad con el gremio amarillo.<\/p>\n<p>Ahora, en la paritaria, la Municipalidad dilata una respuesta acorde a las demandas de los y las municipales, cuyos haberes no cubren los gastos m\u00ednimos indispensables de una familia.<\/p>\n<p><img loading=\"lazy\" decoding=\"async\" class=\"aligncenter wp-image-50348 \" src=\"https:\/\/atecordoba.org\/wp-content\/uploads\/2025\/08\/WhatsApp-Image-2025-08-27-at-11.47.42-1-768x1024.jpeg\" alt=\"\" width=\"617\" height=\"823\" srcset=\"https:\/\/atecordoba.org\/wp-content\/uploads\/2025\/08\/WhatsApp-Image-2025-08-27-at-11.47.42-1-768x1024.jpeg 768w, https:\/\/atecordoba.org\/wp-content\/uploads\/2025\/08\/WhatsApp-Image-2025-08-27-at-11.47.42-1-225x300.jpeg 225w, https:\/\/atecordoba.org\/wp-content\/uploads\/2025\/08\/WhatsApp-Image-2025-08-27-at-11.47.42-1-750x1000.jpeg 750w, https:\/\/atecordoba.org\/wp-content\/uploads\/2025\/08\/WhatsApp-Image-2025-08-27-at-11.47.42-1-rotated.jpeg 1080w\" sizes=\"auto, (max-width: 617px) 100vw, 617px\" \/><\/p>\n","protected":false},"excerpt":{"rendered":"<p>Hoy se desarroll\u00f3 una nueva audiencia paritaria en la Secretaria de Trabajo de las provincia, entre la Municipalidad de Salsipuedes y la representaci\u00f3n gremial integrada por ATE y el sindicato municipal. En la oportunidad, estuvieron presentes el secretario de DDHH de ATE C\u00f3rdoba, C\u00e9sar Theaux, su par de Organizaci\u00f3n, Javier Bracamonte, y los delegados Vladimir [&hellip;]<\/p>\n","protected":false},"author":7,"featured_media":50346,"comment_status":"open","ping_status":"open","sticky":false,"template":"","format":"standard","meta":{"_exactmetrics_skip_tracking":false,"_exactmetrics_sitenote_active":false,"_exactmetrics_sitenote_note":"","_exactmetrics_sitenote_category":0,"jnews-multi-image_gallery":[],"jnews_single_post":{"format":"standard","override":[{"template":"1","parallax":"1","fullscreen":"1","layout":"no-sidebar-narrow","sidebar":"default-sidebar","second_sidebar":"default-sidebar","sticky_sidebar":"1","share_position":"bottom","share_float_style":"share-monocrhome","show_share_counter":"1","show_view_counter":"1","show_post_meta":"1","show_post_author_image":"1","show_post_date":"1","post_date_format":"default","post_date_format_custom":"Y\/m\/d","show_post_category":"1","show_post_reading_time":"0","post_reading_time_wpm":"300","post_calculate_word_method":"str_word_count","show_zoom_button":"0","zoom_button_out_step":"2","zoom_button_in_step":"3","show_post_tag":"1","number_popup_post":"1","show_post_related":"1","show_inline_post_related":"0"}],"image_override":[{"single_post_thumbnail_size":"crop-500","single_post_gallery_size":"crop-500"}],"trending_post_position":"meta","trending_post_label":"Trending","sponsored_post_label":"Sponsored by","disable_ad":"0"},"jnews_primary_category":[],"jnews_social_meta":[],"jnews_review":[],"enable_review":"","type":"percentage","name":"","summary":"","brand":"","sku":"","good":[],"bad":[],"score_override":"","override_value":"","rating":[],"price":[],"jnews_override_counter":{"view_counter_number":"0","share_counter_number":"0","like_counter_number":"0","dislike_counter_number":"0"},"jnews_post_split":{"post_split":[{"template":"1","tag":"h2","numbering":"asc","mode":"normal","first":"0","enable_toc":"0","toc_type":"normal"}]},"footnotes":""},"categories":[20],"tags":[],"class_list":["post-50345","post","type-post","status-publish","format-standard","has-post-thumbnail","hentry","category-municipales"],"jetpack_featured_media_url":"https:\/\/atecordoba.org\/wp-content\/uploads\/2025\/08\/WhatsApp-Image-2025-08-27-at-11.47.30-e1756315438182.jpeg","_links":{"self":[{"href":"https:\/\/atecordoba.org\/index.php?rest_route=\/wp\/v2\/posts\/50345","targetHints":{"allow":["GET"]}}],"collection":[{"href":"https:\/\/atecordoba.org\/index.php?rest_route=\/wp\/v2\/posts"}],"about":[{"href":"https:\/\/atecordoba.org\/index.php?rest_route=\/wp\/v2\/types\/post"}],"author":[{"embeddable":true,"href":"https:\/\/atecordoba.org\/index.php?rest_route=\/wp\/v2\/users\/7"}],"replies":[{"embeddable":true,"href":"https:\/\/atecordoba.org\/index.php?rest_route=%2Fwp%2Fv2%2Fcomments&post=50345"}],"version-history":[{"count":2,"href":"https:\/\/atecordoba.org\/index.php?rest_route=\/wp\/v2\/posts\/50345\/revisions"}],"predecessor-version":[{"id":50349,"href":"https:\/\/atecordoba.org\/index.php?rest_route=\/wp\/v2\/posts\/50345\/revisions\/50349"}],"wp:featuredmedia":[{"embeddable":true,"href":"https:\/\/atecordoba.org\/index.php?rest_route=\/wp\/v2\/media\/50346"}],"wp:attachment":[{"href":"https:\/\/atecordoba.org\/index.php?rest_route=%2Fwp%2Fv2%2Fmedia&parent=50345"}],"wp:term":[{"taxonomy":"category","embeddable":true,"href":"https:\/\/atecordoba.org\/index.php?rest_route=%2Fwp%2Fv2%2Fcategories&post=50345"},{"taxonomy":"post_tag","embeddable":true,"href":"https:\/\/atecordoba.org\/index.php?rest_route=%2Fwp%2Fv2%2Ftags&post=50345"}],"curies":[{"name":"wp","href":"https:\/\/api.w.org\/{rel}","templated":true}]}}