{"id":50336,"date":"2025-08-27T12:33:17","date_gmt":"2025-08-27T15:33:17","guid":{"rendered":"https:\/\/atecordoba.org\/?p=50336"},"modified":"2025-08-27T13:02:32","modified_gmt":"2025-08-27T16:02:32","slug":"en-audiencia-con-el-ejercito-ate-logro-un-espacio-de-dialogo-para-abordar-una-recomposicion-de-los-salarios-en-el-liceo-general-paz","status":"publish","type":"post","link":"https:\/\/atecordoba.org\/?p=50336","title":{"rendered":"En audiencia con el Ej\u00e9rcito, ATE logr\u00f3 un espacio de di\u00e1logo para abordar una recomposici\u00f3n de los salarios en el Liceo General Paz"},"content":{"rendered":"<p><img loading=\"lazy\" decoding=\"async\" class=\"aligncenter wp-image-50337 size-large\" src=\"https:\/\/atecordoba.org\/wp-content\/uploads\/2025\/08\/WhatsApp-Image-2025-08-26-at-17.32.40-1-473x1024.jpeg\" alt=\"\" width=\"473\" height=\"1024\" \/>Ayer se llev\u00f3 a cabo una audiencia en la sede del Ministerio de Defensa con funcionarios del Ej\u00e9rcito donde ATE plante\u00f3 la necesidad de que los y las docentes del Liceo Militar General Paz la necesidad de una urgente recomposici\u00f3n salarial, debido a los m\u00edseros haberes que cobra el personal del sector, que parten actualmente de 350 mil pesos.<\/p>\n<p>En la oportunidad, estuvieron presentes, por parte de la patronal, el\u00a0Sub Jefe del Estado Mayor, general Carlos Carugno, el director Nacional de Formaci\u00f3n de Defensa,\u00a0Emilio Villari\u00f1o, el director General de Educaci\u00f3n, general Jorge Puebla, el director General de Personal y Bienestar del Ej\u00e9rcito, general Gustavo Re, y el director de Personal Civil, coronel Pablo Panero.<img loading=\"lazy\" decoding=\"async\" class=\"alignright wp-image-50338 \" src=\"https:\/\/atecordoba.org\/wp-content\/uploads\/2025\/08\/WhatsApp-Image-2025-08-26-at-17.32.41-476x1024.jpeg\" alt=\"\" width=\"239\" height=\"514\" srcset=\"https:\/\/atecordoba.org\/wp-content\/uploads\/2025\/08\/WhatsApp-Image-2025-08-26-at-17.32.41-476x1024.jpeg 476w, https:\/\/atecordoba.org\/wp-content\/uploads\/2025\/08\/WhatsApp-Image-2025-08-26-at-17.32.41-139x300.jpeg 139w, https:\/\/atecordoba.org\/wp-content\/uploads\/2025\/08\/WhatsApp-Image-2025-08-26-at-17.32.41.jpeg 595w\" sizes=\"auto, (max-width: 239px) 100vw, 239px\" \/><\/p>\n<p>En tanto, la representaci\u00f3n de ATE estuvo integrada por las delegadas del Liceo, Roxana Nu\u00f1ez y Paola Sampietro, el paritario nacional de Ej\u00e9rcito, Dario Cecotti, la secretaria de Organizaci\u00f3n de la Junta Interna del Ministerio de Defensa, Carina Carrero, y el paritario del Consejo Directivo Nacional de ATE, Hugo Bell\u00f3n.<\/p>\n<p>ATE plante\u00f3 a los funcionarios que la situaci\u00f3n es insostenible, que los y las docentes no est\u00e1n tomando horas c\u00e1tedra por lo bajo que est\u00e1n siendo pagadas, afectando tanto el proyecto pedag\u00f3gico como la calidad educativa que reciben los estudiantes del Liceo, y que de profundizarse la situaci\u00f3n podr\u00eda afectar el prestigio de la instituci\u00f3n. Vale se\u00f1alar que el Liceo cobra altos aranceles mensuales a los estudiantes, pero esa recaudaci\u00f3n no impacta en los salarios del sector.<\/p>\n<p>Las delegadas de ATE C\u00f3rdoba, resaltaron la escucha emp\u00e1tica de los integrantes del Ej\u00e9rcito que participaron de la reuni\u00f3n y destacaron que se construya un espacio de di\u00e1logo institucional a los fines de avanzar en soluciones que restituyan el poder adquisitivo de los y las docentes.<\/p>\n<p>Al mismo tiempo, informaron que los funcionario apuntaron como responsables del congelamiento salarial a los ministerios de Econom\u00eda y Desregulaci\u00f3n, a cargo de Luis Caputo y Federico Stuzenegger, como los responsables de rechazar cualquier aumento salarial.<\/p>\n<p>&#8220;Hablamos del Liceo General Paz pero esta situaci\u00f3n se reproduce en todos los liceos del pa\u00eds y en las escuelas de Guerra&#8221;, resumi\u00f3 Paola Sampietro.<\/p>\n<p>Los militares se comprometieron a evaluar la participaci\u00f3n del paritario Cecotti en una pr\u00f3xima reuni\u00f3n con ambos ministerios para destrabar la situaci\u00f3n.<\/p>\n<p>&nbsp;<\/p>\n<p>&nbsp;<\/p>\n<p>&nbsp;<\/p>\n","protected":false},"excerpt":{"rendered":"<p>Ayer se llev\u00f3 a cabo una audiencia en la sede del Ministerio de Defensa con funcionarios del Ej\u00e9rcito donde ATE plante\u00f3 la necesidad de que los y las docentes del Liceo Militar General Paz la necesidad de una urgente recomposici\u00f3n salarial, debido a los m\u00edseros haberes que cobra el personal del sector, que parten actualmente [&hellip;]<\/p>\n","protected":false},"author":7,"featured_media":50337,"comment_status":"open","ping_status":"open","sticky":false,"template":"","format":"standard","meta":{"_exactmetrics_skip_tracking":false,"_exactmetrics_sitenote_active":false,"_exactmetrics_sitenote_note":"","_exactmetrics_sitenote_category":0,"jnews-multi-image_gallery":[],"jnews_single_post":{"format":"standard","override":[{"template":"1","parallax":"1","fullscreen":"1","layout":"no-sidebar-narrow","sidebar":"default-sidebar","second_sidebar":"default-sidebar","sticky_sidebar":"1","share_position":"bottom","share_float_style":"share-monocrhome","show_share_counter":"1","show_view_counter":"1","show_post_meta":"1","show_post_author_image":"1","show_post_date":"1","post_date_format":"default","post_date_format_custom":"Y\/m\/d","show_post_category":"1","show_post_reading_time":"0","post_reading_time_wpm":"300","post_calculate_word_method":"str_word_count","show_zoom_button":"0","zoom_button_out_step":"2","zoom_button_in_step":"3","show_post_tag":"1","number_popup_post":"1","show_post_related":"1","show_inline_post_related":"0"}],"image_override":[{"single_post_thumbnail_size":"crop-500","single_post_gallery_size":"crop-500"}],"trending_post_position":"meta","trending_post_label":"Trending","sponsored_post_label":"Sponsored by","disable_ad":"0"},"jnews_primary_category":[],"jnews_social_meta":[],"jnews_review":[],"enable_review":"","type":"percentage","name":"","summary":"","brand":"","sku":"","good":[],"bad":[],"score_override":"","override_value":"","rating":[],"price":[],"jnews_override_counter":{"view_counter_number":"0","share_counter_number":"0","like_counter_number":"0","dislike_counter_number":"0"},"jnews_post_split":{"post_split":[{"template":"1","tag":"h2","numbering":"asc","mode":"normal","first":"0","enable_toc":"0","toc_type":"normal"}]},"footnotes":""},"categories":[18],"tags":[],"class_list":["post-50336","post","type-post","status-publish","format-standard","has-post-thumbnail","hentry","category-nacionales"],"jetpack_featured_media_url":"https:\/\/atecordoba.org\/wp-content\/uploads\/2025\/08\/WhatsApp-Image-2025-08-26-at-17.32.40-1-e1756308762426.jpeg","_links":{"self":[{"href":"https:\/\/atecordoba.org\/index.php?rest_route=\/wp\/v2\/posts\/50336","targetHints":{"allow":["GET"]}}],"collection":[{"href":"https:\/\/atecordoba.org\/index.php?rest_route=\/wp\/v2\/posts"}],"about":[{"href":"https:\/\/atecordoba.org\/index.php?rest_route=\/wp\/v2\/types\/post"}],"author":[{"embeddable":true,"href":"https:\/\/atecordoba.org\/index.php?rest_route=\/wp\/v2\/users\/7"}],"replies":[{"embeddable":true,"href":"https:\/\/atecordoba.org\/index.php?rest_route=%2Fwp%2Fv2%2Fcomments&post=50336"}],"version-history":[{"count":5,"href":"https:\/\/atecordoba.org\/index.php?rest_route=\/wp\/v2\/posts\/50336\/revisions"}],"predecessor-version":[{"id":50343,"href":"https:\/\/atecordoba.org\/index.php?rest_route=\/wp\/v2\/posts\/50336\/revisions\/50343"}],"wp:featuredmedia":[{"embeddable":true,"href":"https:\/\/atecordoba.org\/index.php?rest_route=\/wp\/v2\/media\/50337"}],"wp:attachment":[{"href":"https:\/\/atecordoba.org\/index.php?rest_route=%2Fwp%2Fv2%2Fmedia&parent=50336"}],"wp:term":[{"taxonomy":"category","embeddable":true,"href":"https:\/\/atecordoba.org\/index.php?rest_route=%2Fwp%2Fv2%2Fcategories&post=50336"},{"taxonomy":"post_tag","embeddable":true,"href":"https:\/\/atecordoba.org\/index.php?rest_route=%2Fwp%2Fv2%2Ftags&post=50336"}],"curies":[{"name":"wp","href":"https:\/\/api.w.org\/{rel}","templated":true}]}}