{"id":5033,"date":"2015-03-20T16:17:07","date_gmt":"2015-03-20T19:17:07","guid":{"rendered":"http:\/\/www.atecordoba.org\/?p=5033"},"modified":"2015-03-20T16:17:07","modified_gmt":"2015-03-20T19:17:07","slug":"personal-civil-marcho-por-aumento-salarial","status":"publish","type":"post","link":"https:\/\/atecordoba.org\/?p=5033","title":{"rendered":"Personal Civil march\u00f3 por aumento salarial"},"content":{"rendered":"<p><em>En el marco del paro nacional del sector, los trabajadores realizaron ayer un corte parcial de la ruta 20.<\/em><\/p>\n<p><a href=\"http:\/\/www.atecordoba.org\/wp-content\/uploads\/2015\/03\/IMG-20150319-WA0007.jpg\"><img loading=\"lazy\" decoding=\"async\" class=\"aligncenter  wp-image-5034\" src=\"http:\/\/www.atecordoba.org\/wp-content\/uploads\/2015\/03\/IMG-20150319-WA0007.jpg\" alt=\"IMG-20150319-WA0007\" width=\"520\" height=\"390\" \/><\/a><\/p>\n<p>La concentraci\u00f3n se realiz\u00f3 a la ma\u00f1ana temprano en la Escuela de Suboficiales de la Fuerza A\u00e9rea, de donde parti\u00f3 una caravana de autos que se dirigi\u00f3 hasta la Escuela de Aviaci\u00f3n Militar. All\u00ed se realiz\u00f3 un corte de media calzada de la Ruta 20 para llevar a cabo una volanteada a los automovilistas.<\/p>\n<p>En la oportunidad, junto con los trabajadores movilizados y el cuerpo de delegados de ATE, se cont\u00f3 con la presencia de nuestro secretario Adjunto, Oscar Mengarelli, el secretario de organizaci\u00f3n y referente del sector, Alejandro Charra, el Gremial, Diego Guerra, el secretario de Interior, Lu\u00eds Barcena, de Acci\u00f3n Pol\u00edtica, Miriam Martino, de Prensa, Daniel Pawluchuzk, junto a otros integrantes de la conducci\u00f3n del Concejo Directivo Provincial (CDP), como V\u00edctor Lecuona y Eduardo Pereyra.<\/p>\n<p>La medida se realiz\u00f3 por el reclamo, sin respuesta de las autoridades del Ministerio de Defensa, de un aumento salarial de emergencia, la firma del convenio colectivo que est\u00e1 siendo negociado hace 9 a\u00f1os y que el Ejecutivo no se digna a concluir, el pase a planta de los trabajadores precarizados y la regularizaci\u00f3n del pago del incentivo docente.<\/p>\n<p>En la oportunidad, Oscar Mengarelli destac\u00f3 que los trabajadores civiles de las FF.AA. son el colectivo peor pagado del Estado nacional, con un salario b\u00e1sico inicial de $4000. Se trata de 25 mil trabajadores en esa condici\u00f3n que ATE viene organizando hace tiempo en C\u00f3rdoba como en otras provincias del pa\u00eds.<\/p>\n","protected":false},"excerpt":{"rendered":"<p>En el marco del paro nacional del sector, los trabajadores realizaron ayer un corte parcial de la ruta 20. La concentraci\u00f3n se realiz\u00f3 a la ma\u00f1ana temprano en la Escuela de Suboficiales de la Fuerza A\u00e9rea, de donde parti\u00f3 una caravana de autos que se dirigi\u00f3 hasta la Escuela de Aviaci\u00f3n Militar. All\u00ed se realiz\u00f3 [&hellip;]<\/p>\n","protected":false},"author":1,"featured_media":19220,"comment_status":"open","ping_status":"open","sticky":false,"template":"","format":"standard","meta":{"_exactmetrics_skip_tracking":false,"_exactmetrics_sitenote_active":false,"_exactmetrics_sitenote_note":"","_exactmetrics_sitenote_category":0,"jnews-multi-image_gallery":[],"jnews_single_post":[],"jnews_primary_category":[],"jnews_social_meta":[],"jnews_review":[],"enable_review":"","type":"","name":"","summary":"","brand":"","sku":"","good":[],"bad":[],"score_override":"","override_value":"","rating":[],"price":[],"jnews_override_counter":[],"jnews_post_split":[],"footnotes":""},"categories":[99,18],"tags":[],"class_list":["post-5033","post","type-post","status-publish","format-standard","has-post-thumbnail","hentry","category-iose","category-nacionales"],"jetpack_featured_media_url":"https:\/\/atecordoba.org\/wp-content\/uploads\/2020\/05\/logo-nuevochico-e1561581322808.png","_links":{"self":[{"href":"https:\/\/atecordoba.org\/index.php?rest_route=\/wp\/v2\/posts\/5033","targetHints":{"allow":["GET"]}}],"collection":[{"href":"https:\/\/atecordoba.org\/index.php?rest_route=\/wp\/v2\/posts"}],"about":[{"href":"https:\/\/atecordoba.org\/index.php?rest_route=\/wp\/v2\/types\/post"}],"author":[{"embeddable":true,"href":"https:\/\/atecordoba.org\/index.php?rest_route=\/wp\/v2\/users\/1"}],"replies":[{"embeddable":true,"href":"https:\/\/atecordoba.org\/index.php?rest_route=%2Fwp%2Fv2%2Fcomments&post=5033"}],"version-history":[{"count":0,"href":"https:\/\/atecordoba.org\/index.php?rest_route=\/wp\/v2\/posts\/5033\/revisions"}],"wp:featuredmedia":[{"embeddable":true,"href":"https:\/\/atecordoba.org\/index.php?rest_route=\/wp\/v2\/media\/19220"}],"wp:attachment":[{"href":"https:\/\/atecordoba.org\/index.php?rest_route=%2Fwp%2Fv2%2Fmedia&parent=5033"}],"wp:term":[{"taxonomy":"category","embeddable":true,"href":"https:\/\/atecordoba.org\/index.php?rest_route=%2Fwp%2Fv2%2Fcategories&post=5033"},{"taxonomy":"post_tag","embeddable":true,"href":"https:\/\/atecordoba.org\/index.php?rest_route=%2Fwp%2Fv2%2Ftags&post=5033"}],"curies":[{"name":"wp","href":"https:\/\/api.w.org\/{rel}","templated":true}]}}