{"id":50329,"date":"2025-08-27T10:21:55","date_gmt":"2025-08-27T13:21:55","guid":{"rendered":"https:\/\/atecordoba.org\/?p=50329"},"modified":"2025-08-27T10:21:55","modified_gmt":"2025-08-27T13:21:55","slug":"radio-abierta-en-san-francisco-contra-la-persecucion-antisindical","status":"publish","type":"post","link":"https:\/\/atecordoba.org\/?p=50329","title":{"rendered":"Radio Abierta en San Francisco contra la persecuci\u00f3n antisindical"},"content":{"rendered":"<p><img loading=\"lazy\" decoding=\"async\" class=\"aligncenter wp-image-50330 size-full\" src=\"https:\/\/atecordoba.org\/wp-content\/uploads\/2025\/08\/radio-abierta-san-francisco.jpg\" alt=\"\" width=\"512\" height=\"352\" srcset=\"https:\/\/atecordoba.org\/wp-content\/uploads\/2025\/08\/radio-abierta-san-francisco.jpg 512w, https:\/\/atecordoba.org\/wp-content\/uploads\/2025\/08\/radio-abierta-san-francisco-300x206.jpg 300w\" sizes=\"auto, (max-width: 512px) 100vw, 512px\" \/>En repudio al injusto, arbitrario y antisindical despido del compa\u00f1ero Mario Bongiovani del Municipio de San Francisco, ATE C\u00f3rdoba convoca a todas y todos a acompa\u00f1ar la Radio Abierta que se realizar\u00e1 en defensa de sus derechos.<\/p>\n<p>La cita es frente a la Municipalidad de San Francisco, ma\u00f1ana jueves 28 de agosto, a las 10 horas.<\/p>\n<p>\u201cPorque cuando tocan a un compa\u00f1ero, nos tocan a todos y todas. Organizaci\u00f3n y lucha en defensa de las y los trabajadores\u201d, areng\u00f3 el Consejo Directivo Provincial.<\/p>\n<p>&nbsp;<\/p>\n","protected":false},"excerpt":{"rendered":"<p>En repudio al injusto, arbitrario y antisindical despido del compa\u00f1ero Mario Bongiovani del Municipio de San Francisco, ATE C\u00f3rdoba convoca a todas y todos a acompa\u00f1ar la Radio Abierta que se realizar\u00e1 en defensa de sus derechos. La cita es frente a la Municipalidad de San Francisco, ma\u00f1ana jueves 28 de agosto, a las 10 [&hellip;]<\/p>\n","protected":false},"author":7,"featured_media":50330,"comment_status":"open","ping_status":"open","sticky":false,"template":"","format":"standard","meta":{"_exactmetrics_skip_tracking":false,"_exactmetrics_sitenote_active":false,"_exactmetrics_sitenote_note":"","_exactmetrics_sitenote_category":0,"jnews-multi-image_gallery":[],"jnews_single_post":[],"jnews_primary_category":[],"jnews_social_meta":[],"jnews_review":[],"enable_review":"","type":"","name":"","summary":"","brand":"","sku":"","good":[],"bad":[],"score_override":"","override_value":"","rating":[],"price":[],"jnews_override_counter":[],"jnews_post_split":[],"footnotes":""},"categories":[20],"tags":[],"class_list":["post-50329","post","type-post","status-publish","format-standard","has-post-thumbnail","hentry","category-municipales"],"jetpack_featured_media_url":"https:\/\/atecordoba.org\/wp-content\/uploads\/2025\/08\/radio-abierta-san-francisco.jpg","_links":{"self":[{"href":"https:\/\/atecordoba.org\/index.php?rest_route=\/wp\/v2\/posts\/50329","targetHints":{"allow":["GET"]}}],"collection":[{"href":"https:\/\/atecordoba.org\/index.php?rest_route=\/wp\/v2\/posts"}],"about":[{"href":"https:\/\/atecordoba.org\/index.php?rest_route=\/wp\/v2\/types\/post"}],"author":[{"embeddable":true,"href":"https:\/\/atecordoba.org\/index.php?rest_route=\/wp\/v2\/users\/7"}],"replies":[{"embeddable":true,"href":"https:\/\/atecordoba.org\/index.php?rest_route=%2Fwp%2Fv2%2Fcomments&post=50329"}],"version-history":[{"count":1,"href":"https:\/\/atecordoba.org\/index.php?rest_route=\/wp\/v2\/posts\/50329\/revisions"}],"predecessor-version":[{"id":50331,"href":"https:\/\/atecordoba.org\/index.php?rest_route=\/wp\/v2\/posts\/50329\/revisions\/50331"}],"wp:featuredmedia":[{"embeddable":true,"href":"https:\/\/atecordoba.org\/index.php?rest_route=\/wp\/v2\/media\/50330"}],"wp:attachment":[{"href":"https:\/\/atecordoba.org\/index.php?rest_route=%2Fwp%2Fv2%2Fmedia&parent=50329"}],"wp:term":[{"taxonomy":"category","embeddable":true,"href":"https:\/\/atecordoba.org\/index.php?rest_route=%2Fwp%2Fv2%2Fcategories&post=50329"},{"taxonomy":"post_tag","embeddable":true,"href":"https:\/\/atecordoba.org\/index.php?rest_route=%2Fwp%2Fv2%2Ftags&post=50329"}],"curies":[{"name":"wp","href":"https:\/\/api.w.org\/{rel}","templated":true}]}}