{"id":50325,"date":"2025-08-27T10:16:51","date_gmt":"2025-08-27T13:16:51","guid":{"rendered":"https:\/\/atecordoba.org\/?p=50325"},"modified":"2025-08-27T10:16:51","modified_gmt":"2025-08-27T13:16:51","slug":"yacanto-ate-acuerda-recategorizaciones-para-todo-el-personal-municipal","status":"publish","type":"post","link":"https:\/\/atecordoba.org\/?p=50325","title":{"rendered":"Yacanto: ATE acuerda recategorizaciones para todo el personal municipal"},"content":{"rendered":"<p><img loading=\"lazy\" decoding=\"async\" class=\"aligncenter wp-image-50326 \" src=\"https:\/\/atecordoba.org\/wp-content\/uploads\/2025\/08\/WhatsApp-Image-2025-08-27-at-08.23.03-1024x768.jpeg\" alt=\"\" width=\"617\" height=\"463\" \/>En otro logro de ATE para los y las municipales de Villa Yacanto, localidad del Valle de Calamuchita, la Municipalidad acord\u00f3 otorgar la recategorizaci\u00f3n de todo el personal, sea de planta permanente como contratado.<\/p>\n<p>El acuerdo se suscribi\u00f3 en reuni\u00f3n de la Mesa de Relaciones Laborales donde estuvieron presentes: la secretaria de Econom\u00eda del municipio, Melisa Ben, y el secretario de Coordinaci\u00f3n y Asuntos Institucionales, Edgardo Moiso, por parte del Departamento Ejecutivo, en tanto la representaci\u00f3n de nuestro gremio fue integrada por las delegadas Ayel\u00e9n Ram\u00edrez y Claudia P\u00e9rez.<\/p>\n<p>Las recategorizaciones se aplicar\u00e1n con los salarios del mes de septiembre.<\/p>\n<p>Adem\u00e1s, el Departamento Ejecutivo abrir\u00e1 la convocatoria a ex\u00e1menes para acceder a categor\u00edas superiores.<\/p>\n<p>Por \u00faltimo, se acord\u00f3 la posibilidad de rendir para las categor\u00edas superiores que quedan afuera de esta asignaci\u00f3n y para quien quiera acceder a m\u00e1s categor\u00eda. En ese marco, el Ejecutivo se comprometi\u00f3 a &#8220;evaluar casos puntuales para la asignaci\u00f3n de mayor categor\u00eda en los casos que corresponda, teniendo en cuenta la presentaci\u00f3n de t\u00edtulos, desempe\u00f1o y tareas realizadas&#8221;.<\/p>\n<p>As\u00ed, ATE alcanza a plasmar un viejo reclamo de los y las compa\u00f1eras del sector, logrado en base a perseverancia, convicciones y fuerza organizativa.<\/p>\n","protected":false},"excerpt":{"rendered":"<p>En otro logro de ATE para los y las municipales de Villa Yacanto, localidad del Valle de Calamuchita, la Municipalidad acord\u00f3 otorgar la recategorizaci\u00f3n de todo el personal, sea de planta permanente como contratado. El acuerdo se suscribi\u00f3 en reuni\u00f3n de la Mesa de Relaciones Laborales donde estuvieron presentes: la secretaria de Econom\u00eda del municipio, [&hellip;]<\/p>\n","protected":false},"author":7,"featured_media":50326,"comment_status":"open","ping_status":"open","sticky":false,"template":"","format":"standard","meta":{"_exactmetrics_skip_tracking":false,"_exactmetrics_sitenote_active":false,"_exactmetrics_sitenote_note":"","_exactmetrics_sitenote_category":0,"jnews-multi-image_gallery":[],"jnews_single_post":[],"jnews_primary_category":[],"jnews_social_meta":[],"jnews_review":[],"enable_review":"","type":"","name":"","summary":"","brand":"","sku":"","good":[],"bad":[],"score_override":"","override_value":"","rating":[],"price":[],"jnews_override_counter":[],"jnews_post_split":[],"footnotes":""},"categories":[20],"tags":[],"class_list":["post-50325","post","type-post","status-publish","format-standard","has-post-thumbnail","hentry","category-municipales"],"jetpack_featured_media_url":"https:\/\/atecordoba.org\/wp-content\/uploads\/2025\/08\/WhatsApp-Image-2025-08-27-at-08.23.03-e1756300604967.jpeg","_links":{"self":[{"href":"https:\/\/atecordoba.org\/index.php?rest_route=\/wp\/v2\/posts\/50325","targetHints":{"allow":["GET"]}}],"collection":[{"href":"https:\/\/atecordoba.org\/index.php?rest_route=\/wp\/v2\/posts"}],"about":[{"href":"https:\/\/atecordoba.org\/index.php?rest_route=\/wp\/v2\/types\/post"}],"author":[{"embeddable":true,"href":"https:\/\/atecordoba.org\/index.php?rest_route=\/wp\/v2\/users\/7"}],"replies":[{"embeddable":true,"href":"https:\/\/atecordoba.org\/index.php?rest_route=%2Fwp%2Fv2%2Fcomments&post=50325"}],"version-history":[{"count":1,"href":"https:\/\/atecordoba.org\/index.php?rest_route=\/wp\/v2\/posts\/50325\/revisions"}],"predecessor-version":[{"id":50327,"href":"https:\/\/atecordoba.org\/index.php?rest_route=\/wp\/v2\/posts\/50325\/revisions\/50327"}],"wp:featuredmedia":[{"embeddable":true,"href":"https:\/\/atecordoba.org\/index.php?rest_route=\/wp\/v2\/media\/50326"}],"wp:attachment":[{"href":"https:\/\/atecordoba.org\/index.php?rest_route=%2Fwp%2Fv2%2Fmedia&parent=50325"}],"wp:term":[{"taxonomy":"category","embeddable":true,"href":"https:\/\/atecordoba.org\/index.php?rest_route=%2Fwp%2Fv2%2Fcategories&post=50325"},{"taxonomy":"post_tag","embeddable":true,"href":"https:\/\/atecordoba.org\/index.php?rest_route=%2Fwp%2Fv2%2Ftags&post=50325"}],"curies":[{"name":"wp","href":"https:\/\/api.w.org\/{rel}","templated":true}]}}