{"id":50317,"date":"2025-08-26T13:26:24","date_gmt":"2025-08-26T16:26:24","guid":{"rendered":"https:\/\/atecordoba.org\/?p=50317"},"modified":"2025-08-26T13:29:29","modified_gmt":"2025-08-26T16:29:29","slug":"mendiolaza-arning-perpetra-otro-ataque-antisindical-contra-ate-para-embarrar-la-revocatoria-de-los-vecinos-a-su-gestion","status":"publish","type":"post","link":"https:\/\/atecordoba.org\/?p=50317","title":{"rendered":"Mendiolaza: Arning perpetra otro ataque antisindical contra ATE para embarrar la revocatoria de los vecinos a su gesti\u00f3n"},"content":{"rendered":"<figure id=\"attachment_50318\" aria-describedby=\"caption-attachment-50318\" style=\"width: 790px\" class=\"wp-caption aligncenter\"><img loading=\"lazy\" decoding=\"async\" class=\"wp-image-50318 size-full\" src=\"https:\/\/atecordoba.org\/wp-content\/uploads\/2025\/08\/guillermo-dietrich-adela-arning.webp\" alt=\"\" width=\"790\" height=\"445\" srcset=\"https:\/\/atecordoba.org\/wp-content\/uploads\/2025\/08\/guillermo-dietrich-adela-arning.webp 790w, https:\/\/atecordoba.org\/wp-content\/uploads\/2025\/08\/guillermo-dietrich-adela-arning-300x169.webp 300w, https:\/\/atecordoba.org\/wp-content\/uploads\/2025\/08\/guillermo-dietrich-adela-arning-768x433.webp 768w, https:\/\/atecordoba.org\/wp-content\/uploads\/2025\/08\/guillermo-dietrich-adela-arning-750x422.webp 750w\" sizes=\"auto, (max-width: 790px) 100vw, 790px\" \/><figcaption id=\"caption-attachment-50318\" class=\"wp-caption-text\">La intendenta macrista Adela Arning, junto al ex ministro denunciado por corrupci\u00f3n Guillermo Dietrich.<\/figcaption><\/figure>\n<p>Mientras designa como funcionario de su gabinete al referente del sindicato municipal local, la intendenta de Mendiolaza Adela Arning se encarga de atacar a ATE en un comunicado de prensa para justificar la impugnaci\u00f3n a la revocatoria de su gesti\u00f3n que llevan adelante las y los vecinos de la localidad a su penoso gobierno.<\/p>\n<p>Arning difundi\u00f3 un sumario administrativo donde se acusa a un delegado municipal formar parte de una maniobra para facilitar carnets de conducir de manera irregular. Para luego destacar que el acusado es \u201cdelegado de ATE\u201d, intentando ensuciar a nuestra organizaci\u00f3n sindical con dicha maniobra.<img loading=\"lazy\" decoding=\"async\" class=\"alignright wp-image-50321 \" src=\"https:\/\/atecordoba.org\/wp-content\/uploads\/2025\/08\/WhatsApp-Image-2025-08-26-at-11.21.34-1-576x1024.jpeg\" alt=\"\" width=\"328\" height=\"583\" srcset=\"https:\/\/atecordoba.org\/wp-content\/uploads\/2025\/08\/WhatsApp-Image-2025-08-26-at-11.21.34-1-576x1024.jpeg 576w, https:\/\/atecordoba.org\/wp-content\/uploads\/2025\/08\/WhatsApp-Image-2025-08-26-at-11.21.34-1-169x300.jpeg 169w, https:\/\/atecordoba.org\/wp-content\/uploads\/2025\/08\/WhatsApp-Image-2025-08-26-at-11.21.34-1.jpeg 720w\" sizes=\"auto, (max-width: 328px) 100vw, 328px\" \/><\/p>\n<p>En tal sentido, ATE C\u00f3rdoba se ve en la obligaci\u00f3n de informar que nuestra organizaci\u00f3n no tuvo ni tiene ninguna intervenci\u00f3n en los hechos denunciados y que toda actuaci\u00f3n administrativa y judicial apunta exclusivamente contra el acusado, que por cierto goza de presunci\u00f3n de inocencia hasta que se esclarezcan las presuntas irregularidades.<\/p>\n<p>En consecuencia, el secretario General de ATE C\u00f3rdoba, Federico Giuliani, curs\u00f3 una carta documento a la intendenta, exigiendo unas clara rectificaci\u00f3n, ya que los dichos de las Municipalidad constituyen actos discriminatorios y lesivos de los derechos y garant\u00edas establecidas por los Tratados de la OIT, establecidos como obligatorios para la Argentina, y para Mendiolaza tambi\u00e9n.<\/p>\n<p>Cabe se\u00f1alar que los hecho denunciados se habr\u00edan realizado con anterioridad al ingreso de ATE como gremio representativo de las y los municipales en la localidad que Arning gobierna.<\/p>\n<p>De esta forma, las intendenta apela a un recurso difamatorio con el \u00fanico objetivo de salvar su cuestionada gesti\u00f3n.<\/p>\n<p>En ese marco, ATE ratifica su voluntad y compromiso para representar a los y las trabajadoras municipales, trabajando para la mejora de los salarios y las condiciones de trabajo. Cualquier otra menci\u00f3n a nuestro sindicato forma para de la manipulaci\u00f3n pol\u00edtica de Arning.<\/p>\n<p>&nbsp;<\/p>\n","protected":false},"excerpt":{"rendered":"<p>Mientras designa como funcionario de su gabinete al referente del sindicato municipal local, la intendenta de Mendiolaza Adela Arning se encarga de atacar a ATE en un comunicado de prensa para justificar la impugnaci\u00f3n a la revocatoria de su gesti\u00f3n que llevan adelante las y los vecinos de la localidad a su penoso gobierno. Arning [&hellip;]<\/p>\n","protected":false},"author":7,"featured_media":50319,"comment_status":"open","ping_status":"open","sticky":false,"template":"","format":"standard","meta":{"_exactmetrics_skip_tracking":false,"_exactmetrics_sitenote_active":false,"_exactmetrics_sitenote_note":"","_exactmetrics_sitenote_category":0,"jnews-multi-image_gallery":[],"jnews_single_post":{"format":"standard","override":[{"template":"1","parallax":"1","fullscreen":"1","layout":"no-sidebar-narrow","sidebar":"default-sidebar","second_sidebar":"default-sidebar","sticky_sidebar":"1","share_position":"bottom","share_float_style":"share-monocrhome","show_share_counter":"1","show_view_counter":"1","show_post_meta":"1","show_post_author_image":"1","show_post_date":"1","post_date_format":"default","post_date_format_custom":"Y\/m\/d","show_post_category":"1","show_post_reading_time":"0","post_reading_time_wpm":"300","post_calculate_word_method":"str_word_count","show_zoom_button":"0","zoom_button_out_step":"2","zoom_button_in_step":"3","show_post_tag":"1","number_popup_post":"1","show_post_related":"1","show_inline_post_related":"0"}],"image_override":[{"single_post_thumbnail_size":"crop-500","single_post_gallery_size":"crop-500"}],"trending_post_position":"meta","trending_post_label":"Trending","sponsored_post_label":"Sponsored by","disable_ad":"0"},"jnews_primary_category":[],"jnews_social_meta":[],"jnews_review":[],"enable_review":"","type":"percentage","name":"","summary":"","brand":"","sku":"","good":[],"bad":[],"score_override":"","override_value":"","rating":[],"price":[],"jnews_override_counter":{"view_counter_number":"0","share_counter_number":"0","like_counter_number":"0","dislike_counter_number":"0"},"jnews_post_split":{"post_split":[{"template":"1","tag":"h2","numbering":"asc","mode":"normal","first":"0","enable_toc":"0","toc_type":"normal"}]},"footnotes":""},"categories":[20],"tags":[],"class_list":["post-50317","post","type-post","status-publish","format-standard","has-post-thumbnail","hentry","category-municipales"],"jetpack_featured_media_url":"https:\/\/atecordoba.org\/wp-content\/uploads\/2025\/08\/arning-e1756225759489.jpg","_links":{"self":[{"href":"https:\/\/atecordoba.org\/index.php?rest_route=\/wp\/v2\/posts\/50317","targetHints":{"allow":["GET"]}}],"collection":[{"href":"https:\/\/atecordoba.org\/index.php?rest_route=\/wp\/v2\/posts"}],"about":[{"href":"https:\/\/atecordoba.org\/index.php?rest_route=\/wp\/v2\/types\/post"}],"author":[{"embeddable":true,"href":"https:\/\/atecordoba.org\/index.php?rest_route=\/wp\/v2\/users\/7"}],"replies":[{"embeddable":true,"href":"https:\/\/atecordoba.org\/index.php?rest_route=%2Fwp%2Fv2%2Fcomments&post=50317"}],"version-history":[{"count":1,"href":"https:\/\/atecordoba.org\/index.php?rest_route=\/wp\/v2\/posts\/50317\/revisions"}],"predecessor-version":[{"id":50322,"href":"https:\/\/atecordoba.org\/index.php?rest_route=\/wp\/v2\/posts\/50317\/revisions\/50322"}],"wp:featuredmedia":[{"embeddable":true,"href":"https:\/\/atecordoba.org\/index.php?rest_route=\/wp\/v2\/media\/50319"}],"wp:attachment":[{"href":"https:\/\/atecordoba.org\/index.php?rest_route=%2Fwp%2Fv2%2Fmedia&parent=50317"}],"wp:term":[{"taxonomy":"category","embeddable":true,"href":"https:\/\/atecordoba.org\/index.php?rest_route=%2Fwp%2Fv2%2Fcategories&post=50317"},{"taxonomy":"post_tag","embeddable":true,"href":"https:\/\/atecordoba.org\/index.php?rest_route=%2Fwp%2Fv2%2Ftags&post=50317"}],"curies":[{"name":"wp","href":"https:\/\/api.w.org\/{rel}","templated":true}]}}