{"id":50313,"date":"2025-08-26T10:04:53","date_gmt":"2025-08-26T13:04:53","guid":{"rendered":"https:\/\/atecordoba.org\/?p=50313"},"modified":"2025-08-26T10:06:25","modified_gmt":"2025-08-26T13:06:25","slug":"trabajo-conjunto-cdp-con-ate-rio-tercero","status":"publish","type":"post","link":"https:\/\/atecordoba.org\/?p=50313","title":{"rendered":"Trabajo conjunto CDP con ATE R\u00edo Tercero"},"content":{"rendered":"<p><img loading=\"lazy\" decoding=\"async\" class=\"aligncenter wp-image-50314 size-full\" src=\"https:\/\/atecordoba.org\/wp-content\/uploads\/2025\/08\/julia-salto.jpg\" alt=\"\" width=\"526\" height=\"526\" \/>La Secretaria de Prensa del Consejo Directivo Provincial de ATE C\u00f3rdoba e integrante de la Comisi\u00f3n de Municipales del sindicato a nivel nacional, Julia Giuliani, se reuni\u00f3 ayer en la ciudad de R\u00edo Tercero con David Salto, Secretario General de la Asociaci\u00f3n Trabajadores del Estado de esa Seccional.<\/p>\n<p>Estuvimos reunidos definiendo acciones en conjunto y acordando trabajar en unidad entre la Seccional y el Consejo Directivo Provincial\u201d, apunt\u00f3 Giuliani.<\/p>\n<p>Y finaliz\u00f3: \u201cVamos con un Taller para las y los Delegados Municipales\u201d.<\/p>\n","protected":false},"excerpt":{"rendered":"<p>La Secretaria de Prensa del Consejo Directivo Provincial de ATE C\u00f3rdoba e integrante de la Comisi\u00f3n de Municipales del sindicato a nivel nacional, Julia Giuliani, se reuni\u00f3 ayer en la ciudad de R\u00edo Tercero con David Salto, Secretario General de la Asociaci\u00f3n Trabajadores del Estado de esa Seccional. Estuvimos reunidos definiendo acciones en conjunto y [&hellip;]<\/p>\n","protected":false},"author":7,"featured_media":50314,"comment_status":"open","ping_status":"open","sticky":false,"template":"","format":"standard","meta":{"_exactmetrics_skip_tracking":false,"_exactmetrics_sitenote_active":false,"_exactmetrics_sitenote_note":"","_exactmetrics_sitenote_category":0,"jnews-multi-image_gallery":[],"jnews_single_post":{"format":"standard","override":[{"template":"1","parallax":"1","fullscreen":"1","layout":"no-sidebar-narrow","sidebar":"default-sidebar","second_sidebar":"default-sidebar","sticky_sidebar":"1","share_position":"bottom","share_float_style":"share-monocrhome","show_share_counter":"1","show_view_counter":"1","show_post_meta":"1","show_post_author_image":"1","show_post_date":"1","post_date_format":"default","post_date_format_custom":"Y\/m\/d","show_post_category":"1","show_post_reading_time":"0","post_reading_time_wpm":"300","post_calculate_word_method":"str_word_count","show_zoom_button":"0","zoom_button_out_step":"2","zoom_button_in_step":"3","show_post_tag":"1","number_popup_post":"1","show_post_related":"1","show_inline_post_related":"0"}],"image_override":[{"single_post_thumbnail_size":"crop-500","single_post_gallery_size":"crop-500"}],"trending_post_position":"meta","trending_post_label":"Trending","sponsored_post_label":"Sponsored by","disable_ad":"0"},"jnews_primary_category":[],"jnews_social_meta":[],"jnews_review":[],"enable_review":"","type":"percentage","name":"","summary":"","brand":"","sku":"","good":[],"bad":[],"score_override":"","override_value":"","rating":[],"price":[],"jnews_override_counter":{"view_counter_number":"0","share_counter_number":"0","like_counter_number":"0","dislike_counter_number":"0"},"jnews_post_split":{"post_split":[{"template":"1","tag":"h2","numbering":"asc","mode":"normal","first":"0","enable_toc":"0","toc_type":"normal"}]},"footnotes":""},"categories":[20],"tags":[],"class_list":["post-50313","post","type-post","status-publish","format-standard","has-post-thumbnail","hentry","category-municipales"],"jetpack_featured_media_url":"https:\/\/atecordoba.org\/wp-content\/uploads\/2025\/08\/julia-salto-e1756213577186.jpg","_links":{"self":[{"href":"https:\/\/atecordoba.org\/index.php?rest_route=\/wp\/v2\/posts\/50313","targetHints":{"allow":["GET"]}}],"collection":[{"href":"https:\/\/atecordoba.org\/index.php?rest_route=\/wp\/v2\/posts"}],"about":[{"href":"https:\/\/atecordoba.org\/index.php?rest_route=\/wp\/v2\/types\/post"}],"author":[{"embeddable":true,"href":"https:\/\/atecordoba.org\/index.php?rest_route=\/wp\/v2\/users\/7"}],"replies":[{"embeddable":true,"href":"https:\/\/atecordoba.org\/index.php?rest_route=%2Fwp%2Fv2%2Fcomments&post=50313"}],"version-history":[{"count":1,"href":"https:\/\/atecordoba.org\/index.php?rest_route=\/wp\/v2\/posts\/50313\/revisions"}],"predecessor-version":[{"id":50315,"href":"https:\/\/atecordoba.org\/index.php?rest_route=\/wp\/v2\/posts\/50313\/revisions\/50315"}],"wp:featuredmedia":[{"embeddable":true,"href":"https:\/\/atecordoba.org\/index.php?rest_route=\/wp\/v2\/media\/50314"}],"wp:attachment":[{"href":"https:\/\/atecordoba.org\/index.php?rest_route=%2Fwp%2Fv2%2Fmedia&parent=50313"}],"wp:term":[{"taxonomy":"category","embeddable":true,"href":"https:\/\/atecordoba.org\/index.php?rest_route=%2Fwp%2Fv2%2Fcategories&post=50313"},{"taxonomy":"post_tag","embeddable":true,"href":"https:\/\/atecordoba.org\/index.php?rest_route=%2Fwp%2Fv2%2Ftags&post=50313"}],"curies":[{"name":"wp","href":"https:\/\/api.w.org\/{rel}","templated":true}]}}