{"id":50307,"date":"2025-08-26T09:59:17","date_gmt":"2025-08-26T12:59:17","guid":{"rendered":"https:\/\/atecordoba.org\/?p=50307"},"modified":"2025-08-26T09:59:17","modified_gmt":"2025-08-26T12:59:17","slug":"charla-debate-sobre-la-situacion-de-la-discapacidad-tras-los-ataques-de-milei-y-las-denuncias-de-corrupcion","status":"publish","type":"post","link":"https:\/\/atecordoba.org\/?p=50307","title":{"rendered":"Charla-debate sobre la situaci\u00f3n de la Discapacidad, tras los ataques de Milei y las denuncias de corrupci\u00f3n"},"content":{"rendered":"<p><img loading=\"lazy\" decoding=\"async\" class=\"aligncenter wp-image-50308 size-full\" src=\"https:\/\/atecordoba.org\/wp-content\/uploads\/2025\/08\/flyer-charla-discapacidad.jpg\" alt=\"\" width=\"509\" height=\"720\" srcset=\"https:\/\/atecordoba.org\/wp-content\/uploads\/2025\/08\/flyer-charla-discapacidad.jpg 509w, https:\/\/atecordoba.org\/wp-content\/uploads\/2025\/08\/flyer-charla-discapacidad-212x300.jpg 212w\" sizes=\"auto, (max-width: 509px) 100vw, 509px\" \/>Ma\u00f1ana 27 de agosto, a las 15:30 horas, se llevar\u00e1 a cabo una charla debate en la sede del Consejo Directivo Provincial sobre la Ley de Emergencia en Discapacidad, tras superar el congreso con inmensas mayor\u00edas el veto a la norma que hab\u00eda perpetrado el Presidente Milei.<\/p>\n<p>La cita es en Entre R\u00edos 450, C\u00f3rdoba Capital. Te invitamos a compartir un mano a mano con dos compa\u00f1eras que luchan d\u00eda a d\u00eda en defensa de los derechos: Mar\u00eda Noel Tapia Varela, abogada, Presidenta de la Asociaci\u00f3n de Hermanos por la Salud Mental (AHESAM) y Directora de la Sala de Salud Mental y Adicciones del Colegio de Abogados de C\u00f3rdoba; y Vanesa Hern\u00e1ndez, trabajadora y delegada de ATE en la Superintendencia de Riesgos de Trabajo, responsable del Departamento de Discapacidad de ATE C\u00f3rdoba.<\/p>\n<p>Ejes del encuentro:<\/p>\n<p><strong>-Ley de Emergencia en Discapacidad:\u00a0Alcance y veto presidencial.<\/strong><\/p>\n<p><strong>-La salud mental en tiempos actuales.<\/strong><\/p>\n<p><strong>-Vulneraci\u00f3n de derechos por retiro de pol\u00edticas p\u00fablicas.<\/strong><\/p>\n<p>\u00a1Ven\u00ed con tu mate y sumate a este espacio colectivo de reflexi\u00f3n, debate y organizaci\u00f3n!<\/p>\n","protected":false},"excerpt":{"rendered":"<p>Ma\u00f1ana 27 de agosto, a las 15:30 horas, se llevar\u00e1 a cabo una charla debate en la sede del Consejo Directivo Provincial sobre la Ley de Emergencia en Discapacidad, tras superar el congreso con inmensas mayor\u00edas el veto a la norma que hab\u00eda perpetrado el Presidente Milei. La cita es en Entre R\u00edos 450, C\u00f3rdoba [&hellip;]<\/p>\n","protected":false},"author":7,"featured_media":50309,"comment_status":"open","ping_status":"open","sticky":false,"template":"","format":"standard","meta":{"_exactmetrics_skip_tracking":false,"_exactmetrics_sitenote_active":false,"_exactmetrics_sitenote_note":"","_exactmetrics_sitenote_category":0,"jnews-multi-image_gallery":[],"jnews_single_post":[],"jnews_primary_category":[],"jnews_social_meta":[],"jnews_review":[],"enable_review":"","type":"","name":"","summary":"","brand":"","sku":"","good":[],"bad":[],"score_override":"","override_value":"","rating":[],"price":[],"jnews_override_counter":[],"jnews_post_split":[],"footnotes":""},"categories":[625],"tags":[],"class_list":["post-50307","post","type-post","status-publish","format-standard","has-post-thumbnail","hentry","category-discapacidad"],"jetpack_featured_media_url":"https:\/\/atecordoba.org\/wp-content\/uploads\/2025\/08\/flyer-charla-discapacidad-1.jpg","_links":{"self":[{"href":"https:\/\/atecordoba.org\/index.php?rest_route=\/wp\/v2\/posts\/50307","targetHints":{"allow":["GET"]}}],"collection":[{"href":"https:\/\/atecordoba.org\/index.php?rest_route=\/wp\/v2\/posts"}],"about":[{"href":"https:\/\/atecordoba.org\/index.php?rest_route=\/wp\/v2\/types\/post"}],"author":[{"embeddable":true,"href":"https:\/\/atecordoba.org\/index.php?rest_route=\/wp\/v2\/users\/7"}],"replies":[{"embeddable":true,"href":"https:\/\/atecordoba.org\/index.php?rest_route=%2Fwp%2Fv2%2Fcomments&post=50307"}],"version-history":[{"count":1,"href":"https:\/\/atecordoba.org\/index.php?rest_route=\/wp\/v2\/posts\/50307\/revisions"}],"predecessor-version":[{"id":50310,"href":"https:\/\/atecordoba.org\/index.php?rest_route=\/wp\/v2\/posts\/50307\/revisions\/50310"}],"wp:featuredmedia":[{"embeddable":true,"href":"https:\/\/atecordoba.org\/index.php?rest_route=\/wp\/v2\/media\/50309"}],"wp:attachment":[{"href":"https:\/\/atecordoba.org\/index.php?rest_route=%2Fwp%2Fv2%2Fmedia&parent=50307"}],"wp:term":[{"taxonomy":"category","embeddable":true,"href":"https:\/\/atecordoba.org\/index.php?rest_route=%2Fwp%2Fv2%2Fcategories&post=50307"},{"taxonomy":"post_tag","embeddable":true,"href":"https:\/\/atecordoba.org\/index.php?rest_route=%2Fwp%2Fv2%2Ftags&post=50307"}],"curies":[{"name":"wp","href":"https:\/\/api.w.org\/{rel}","templated":true}]}}