{"id":50300,"date":"2025-08-26T09:36:21","date_gmt":"2025-08-26T12:36:21","guid":{"rendered":"https:\/\/atecordoba.org\/?p=50300"},"modified":"2025-08-26T10:00:36","modified_gmt":"2025-08-26T13:00:36","slug":"es-perverso-milei-busco-ensuciar-a-todo-el-colectivo-de-discapacidad-mientras-hace-negocios-corrupcion","status":"publish","type":"post","link":"https:\/\/atecordoba.org\/?p=50300","title":{"rendered":"\u201cEs perverso: Milei busc\u00f3 ensuciar a todo el colectivo de discapacidad, mientras hace negocios con la corrupci\u00f3n\u201d"},"content":{"rendered":"<p><img loading=\"lazy\" decoding=\"async\" class=\"aligncenter wp-image-50301 \" src=\"https:\/\/atecordoba.org\/wp-content\/uploads\/2025\/08\/milei-fruncido.jpg\" alt=\"\" width=\"658\" height=\"439\" srcset=\"https:\/\/atecordoba.org\/wp-content\/uploads\/2025\/08\/milei-fruncido.jpg 700w, https:\/\/atecordoba.org\/wp-content\/uploads\/2025\/08\/milei-fruncido-300x200.jpg 300w\" sizes=\"auto, (max-width: 658px) 100vw, 658px\" \/>\u201cBuscaron desacreditar a todo el colectivo de discapacidad y pusieron en un manto de sospecha su condici\u00f3n, mientras hac\u00edan negocios de corrupci\u00f3n\u201d, afirm\u00f3 Franco Orsato, trabajador de la Agencia Nacional de Discapacidad (ANDIS), en declaraciones al programa de radio Poster Central de R\u00edo Cuarto.<\/p>\n<p>Al explicar el contexto de las pol\u00edticas de Milei, Orsato manifest\u00f3 que \u201cel Gobierno nacional se ha ense\u00f1ado con todos los sectores, pero agredi\u00f3 especialmente a las personas con Discapacidad con un ajuste brutal\u201d.\u00a0\u201cSomos un sector de alto nivel de vulnerabilidad social. La pensi\u00f3n por discapacidad fue sometida a auditor\u00edas. Un mill\u00f3n cien mil personas fueron obligadas a someterse a un nuevo proceso de evaluaci\u00f3n, una locura\u201d, enfatiz\u00f3.<img loading=\"lazy\" decoding=\"async\" class=\"aligncenter wp-image-50302 size-full\" src=\"https:\/\/atecordoba.org\/wp-content\/uploads\/2025\/08\/orsato.png\" alt=\"\" width=\"599\" height=\"344\" srcset=\"https:\/\/atecordoba.org\/wp-content\/uploads\/2025\/08\/orsato.png 599w, https:\/\/atecordoba.org\/wp-content\/uploads\/2025\/08\/orsato-300x172.png 300w\" sizes=\"auto, (max-width: 599px) 100vw, 599px\" \/><\/p>\n<p>Para Orsato, \u201ccuando este proceso nos vamos a dar cuenta que son denuncias p\u00fablicas que no dejan nada, son un gran montaje donde los medios son part\u00edcipes\u201d.<\/p>\n<p>\u201cBuscaron el desprestigio de las personas con discapacidad y de ANDIS, pese a que tenemos un proceso de auditor\u00eda permanente. Eso que en un momento Manuel Adorni mostr\u00f3, con una radiograf\u00eda de un perro, fue una mentira. Pero eso les sirvi\u00f3 para contar una generalidad\u201d, lament\u00f3.<\/p>\n<p>Y agreg\u00f3: \u201cEs perversa la doble moral. Buscaron desacreditar a todo el colectivo de discapacidad y pusieron en un manto de sospecha su condici\u00f3n, mientras hac\u00edan negocios de corrupci\u00f3n\u201d<\/p>\n","protected":false},"excerpt":{"rendered":"<p>\u201cBuscaron desacreditar a todo el colectivo de discapacidad y pusieron en un manto de sospecha su condici\u00f3n, mientras hac\u00edan negocios de corrupci\u00f3n\u201d, afirm\u00f3 Franco Orsato, trabajador de la Agencia Nacional de Discapacidad (ANDIS), en declaraciones al programa de radio Poster Central de R\u00edo Cuarto. Al explicar el contexto de las pol\u00edticas de Milei, Orsato manifest\u00f3 [&hellip;]<\/p>\n","protected":false},"author":7,"featured_media":50301,"comment_status":"open","ping_status":"open","sticky":false,"template":"","format":"standard","meta":{"_exactmetrics_skip_tracking":false,"_exactmetrics_sitenote_active":false,"_exactmetrics_sitenote_note":"","_exactmetrics_sitenote_category":0,"jnews-multi-image_gallery":[],"jnews_single_post":{"format":"standard","override":[{"template":"1","parallax":"1","fullscreen":"1","layout":"no-sidebar-narrow","sidebar":"default-sidebar","second_sidebar":"default-sidebar","sticky_sidebar":"1","share_position":"bottom","share_float_style":"share-monocrhome","show_share_counter":"1","show_view_counter":"1","show_post_meta":"1","show_post_author_image":"1","show_post_date":"1","post_date_format":"default","post_date_format_custom":"Y\/m\/d","show_post_category":"1","show_post_reading_time":"0","post_reading_time_wpm":"300","post_calculate_word_method":"str_word_count","show_zoom_button":"0","zoom_button_out_step":"2","zoom_button_in_step":"3","show_post_tag":"1","number_popup_post":"1","show_post_related":"1","show_inline_post_related":"0"}],"image_override":[{"single_post_thumbnail_size":"crop-500","single_post_gallery_size":"crop-500"}],"trending_post_position":"meta","trending_post_label":"Trending","sponsored_post_label":"Sponsored by","disable_ad":"0"},"jnews_primary_category":[],"jnews_social_meta":[],"jnews_review":[],"enable_review":"","type":"percentage","name":"","summary":"","brand":"","sku":"","good":[],"bad":[],"score_override":"","override_value":"","rating":[],"price":[],"jnews_override_counter":{"view_counter_number":"0","share_counter_number":"0","like_counter_number":"0","dislike_counter_number":"0"},"jnews_post_split":{"post_split":[{"template":"1","tag":"h2","numbering":"asc","mode":"normal","first":"0","enable_toc":"0","toc_type":"normal"}]},"footnotes":""},"categories":[625],"tags":[],"class_list":["post-50300","post","type-post","status-publish","format-standard","has-post-thumbnail","hentry","category-discapacidad"],"jetpack_featured_media_url":"https:\/\/atecordoba.org\/wp-content\/uploads\/2025\/08\/milei-fruncido.jpg","_links":{"self":[{"href":"https:\/\/atecordoba.org\/index.php?rest_route=\/wp\/v2\/posts\/50300","targetHints":{"allow":["GET"]}}],"collection":[{"href":"https:\/\/atecordoba.org\/index.php?rest_route=\/wp\/v2\/posts"}],"about":[{"href":"https:\/\/atecordoba.org\/index.php?rest_route=\/wp\/v2\/types\/post"}],"author":[{"embeddable":true,"href":"https:\/\/atecordoba.org\/index.php?rest_route=\/wp\/v2\/users\/7"}],"replies":[{"embeddable":true,"href":"https:\/\/atecordoba.org\/index.php?rest_route=%2Fwp%2Fv2%2Fcomments&post=50300"}],"version-history":[{"count":3,"href":"https:\/\/atecordoba.org\/index.php?rest_route=\/wp\/v2\/posts\/50300\/revisions"}],"predecessor-version":[{"id":50311,"href":"https:\/\/atecordoba.org\/index.php?rest_route=\/wp\/v2\/posts\/50300\/revisions\/50311"}],"wp:featuredmedia":[{"embeddable":true,"href":"https:\/\/atecordoba.org\/index.php?rest_route=\/wp\/v2\/media\/50301"}],"wp:attachment":[{"href":"https:\/\/atecordoba.org\/index.php?rest_route=%2Fwp%2Fv2%2Fmedia&parent=50300"}],"wp:term":[{"taxonomy":"category","embeddable":true,"href":"https:\/\/atecordoba.org\/index.php?rest_route=%2Fwp%2Fv2%2Fcategories&post=50300"},{"taxonomy":"post_tag","embeddable":true,"href":"https:\/\/atecordoba.org\/index.php?rest_route=%2Fwp%2Fv2%2Ftags&post=50300"}],"curies":[{"name":"wp","href":"https:\/\/api.w.org\/{rel}","templated":true}]}}