{"id":50288,"date":"2025-08-25T11:23:53","date_gmt":"2025-08-25T14:23:53","guid":{"rendered":"https:\/\/atecordoba.org\/?p=50288"},"modified":"2025-08-25T11:23:53","modified_gmt":"2025-08-25T14:23:53","slug":"rio-tercero-estatales-en-el-concejo-deliberante","status":"publish","type":"post","link":"https:\/\/atecordoba.org\/?p=50288","title":{"rendered":"R\u00edo Tercero: Estatales en el Concejo Deliberante"},"content":{"rendered":"<p><img loading=\"lazy\" decoding=\"async\" class=\"aligncenter wp-image-50289 \" src=\"https:\/\/atecordoba.org\/wp-content\/uploads\/2025\/08\/rio-tercero-consejo-deliberane-1024x771.jpg\" alt=\"\" width=\"612\" height=\"461\" \/>El pasado lunes 18 de agosto el Secretario General de ATE R\u00edo Tercero, David Salto. junto al Secretario Gremial, Juan Bazan, y Walter Garay, miembro de Comisi\u00f3n Directiva, recorrieron el Concejo Deliberante.<\/p>\n<p>Lo hicieron con el fin de elevar el proyecto de Ordenanza donde se pretende regularizar el m\u00e9todo de liquidaci\u00f3n del adicional espec\u00edfico y que vuelva a estar en el recibo de sueldo con car\u00e1cter remunerativo y a su vez tratar de reglamentar los otorgamientos de los mismos.<\/p>\n","protected":false},"excerpt":{"rendered":"<p>El pasado lunes 18 de agosto el Secretario General de ATE R\u00edo Tercero, David Salto. junto al Secretario Gremial, Juan Bazan, y Walter Garay, miembro de Comisi\u00f3n Directiva, recorrieron el Concejo Deliberante. Lo hicieron con el fin de elevar el proyecto de Ordenanza donde se pretende regularizar el m\u00e9todo de liquidaci\u00f3n del adicional espec\u00edfico y [&hellip;]<\/p>\n","protected":false},"author":7,"featured_media":50289,"comment_status":"open","ping_status":"open","sticky":false,"template":"","format":"standard","meta":{"_exactmetrics_skip_tracking":false,"_exactmetrics_sitenote_active":false,"_exactmetrics_sitenote_note":"","_exactmetrics_sitenote_category":0,"jnews-multi-image_gallery":[],"jnews_single_post":[],"jnews_primary_category":[],"jnews_social_meta":[],"jnews_review":[],"enable_review":"","type":"","name":"","summary":"","brand":"","sku":"","good":[],"bad":[],"score_override":"","override_value":"","rating":[],"price":[],"jnews_override_counter":[],"jnews_post_split":[],"footnotes":""},"categories":[20],"tags":[],"class_list":["post-50288","post","type-post","status-publish","format-standard","has-post-thumbnail","hentry","category-municipales"],"jetpack_featured_media_url":"https:\/\/atecordoba.org\/wp-content\/uploads\/2025\/08\/rio-tercero-consejo-deliberane-e1756131827806.jpg","_links":{"self":[{"href":"https:\/\/atecordoba.org\/index.php?rest_route=\/wp\/v2\/posts\/50288","targetHints":{"allow":["GET"]}}],"collection":[{"href":"https:\/\/atecordoba.org\/index.php?rest_route=\/wp\/v2\/posts"}],"about":[{"href":"https:\/\/atecordoba.org\/index.php?rest_route=\/wp\/v2\/types\/post"}],"author":[{"embeddable":true,"href":"https:\/\/atecordoba.org\/index.php?rest_route=\/wp\/v2\/users\/7"}],"replies":[{"embeddable":true,"href":"https:\/\/atecordoba.org\/index.php?rest_route=%2Fwp%2Fv2%2Fcomments&post=50288"}],"version-history":[{"count":1,"href":"https:\/\/atecordoba.org\/index.php?rest_route=\/wp\/v2\/posts\/50288\/revisions"}],"predecessor-version":[{"id":50290,"href":"https:\/\/atecordoba.org\/index.php?rest_route=\/wp\/v2\/posts\/50288\/revisions\/50290"}],"wp:featuredmedia":[{"embeddable":true,"href":"https:\/\/atecordoba.org\/index.php?rest_route=\/wp\/v2\/media\/50289"}],"wp:attachment":[{"href":"https:\/\/atecordoba.org\/index.php?rest_route=%2Fwp%2Fv2%2Fmedia&parent=50288"}],"wp:term":[{"taxonomy":"category","embeddable":true,"href":"https:\/\/atecordoba.org\/index.php?rest_route=%2Fwp%2Fv2%2Fcategories&post=50288"},{"taxonomy":"post_tag","embeddable":true,"href":"https:\/\/atecordoba.org\/index.php?rest_route=%2Fwp%2Fv2%2Ftags&post=50288"}],"curies":[{"name":"wp","href":"https:\/\/api.w.org\/{rel}","templated":true}]}}