{"id":50284,"date":"2025-08-25T11:20:10","date_gmt":"2025-08-25T14:20:10","guid":{"rendered":"https:\/\/atecordoba.org\/?p=50284"},"modified":"2025-08-25T11:20:10","modified_gmt":"2025-08-25T14:20:10","slug":"salud-solidaria-beneficios-para-afiliados-y-afiliadas","status":"publish","type":"post","link":"https:\/\/atecordoba.org\/?p=50284","title":{"rendered":"Salud Solidaria, beneficios para afiliados y afiliadas"},"content":{"rendered":"<p><img loading=\"lazy\" decoding=\"async\" class=\"aligncenter wp-image-50285 \" src=\"https:\/\/atecordoba.org\/wp-content\/uploads\/2025\/08\/paredes-che-guevara-768x1024.jpg\" alt=\"\" width=\"617\" height=\"823\" \/>El Secretario General de ATE San Justo y la CTA Aut\u00f3noma San Francisco, Dar\u00edo Paredes, estuvo recorriendo el Centro Oftalmologico \u201cErnesto Che Guevara\u201d en la ciudad de C\u00f3rdoba.<\/p>\n<p>El mismo ha firmado un Convenio con ATE Provincial hace unos d\u00edas atr\u00e1s, donde tambi\u00e9n se pudo ampliar la atenci\u00f3n gratuita de enfermedades oculares como cataratas y pterigion a compa\u00f1eras y compa\u00f1eros jubilados del Este provincial.<\/p>\n<p>\u201cQuiero agradecer la gesti\u00f3n de nuestro Secretario General Provincial, Federico Giuliani, por darnos la oportunidad de que este Convenio pueda ser ampliado en nuestra ciudad\u201d, afirm\u00f3 Paredes.<\/p>\n","protected":false},"excerpt":{"rendered":"<p>El Secretario General de ATE San Justo y la CTA Aut\u00f3noma San Francisco, Dar\u00edo Paredes, estuvo recorriendo el Centro Oftalmologico \u201cErnesto Che Guevara\u201d en la ciudad de C\u00f3rdoba. El mismo ha firmado un Convenio con ATE Provincial hace unos d\u00edas atr\u00e1s, donde tambi\u00e9n se pudo ampliar la atenci\u00f3n gratuita de enfermedades oculares como cataratas y [&hellip;]<\/p>\n","protected":false},"author":7,"featured_media":50285,"comment_status":"open","ping_status":"open","sticky":false,"template":"","format":"standard","meta":{"_exactmetrics_skip_tracking":false,"_exactmetrics_sitenote_active":false,"_exactmetrics_sitenote_note":"","_exactmetrics_sitenote_category":0,"jnews-multi-image_gallery":[],"jnews_single_post":[],"jnews_primary_category":[],"jnews_social_meta":[],"jnews_review":[],"enable_review":"","type":"","name":"","summary":"","brand":"","sku":"","good":[],"bad":[],"score_override":"","override_value":"","rating":[],"price":[],"jnews_override_counter":[],"jnews_post_split":[],"footnotes":""},"categories":[148],"tags":[],"class_list":["post-50284","post","type-post","status-publish","format-standard","has-post-thumbnail","hentry","category-san-justo"],"jetpack_featured_media_url":"https:\/\/atecordoba.org\/wp-content\/uploads\/2025\/08\/paredes-che-guevara-e1756131588253.jpg","_links":{"self":[{"href":"https:\/\/atecordoba.org\/index.php?rest_route=\/wp\/v2\/posts\/50284","targetHints":{"allow":["GET"]}}],"collection":[{"href":"https:\/\/atecordoba.org\/index.php?rest_route=\/wp\/v2\/posts"}],"about":[{"href":"https:\/\/atecordoba.org\/index.php?rest_route=\/wp\/v2\/types\/post"}],"author":[{"embeddable":true,"href":"https:\/\/atecordoba.org\/index.php?rest_route=\/wp\/v2\/users\/7"}],"replies":[{"embeddable":true,"href":"https:\/\/atecordoba.org\/index.php?rest_route=%2Fwp%2Fv2%2Fcomments&post=50284"}],"version-history":[{"count":1,"href":"https:\/\/atecordoba.org\/index.php?rest_route=\/wp\/v2\/posts\/50284\/revisions"}],"predecessor-version":[{"id":50286,"href":"https:\/\/atecordoba.org\/index.php?rest_route=\/wp\/v2\/posts\/50284\/revisions\/50286"}],"wp:featuredmedia":[{"embeddable":true,"href":"https:\/\/atecordoba.org\/index.php?rest_route=\/wp\/v2\/media\/50285"}],"wp:attachment":[{"href":"https:\/\/atecordoba.org\/index.php?rest_route=%2Fwp%2Fv2%2Fmedia&parent=50284"}],"wp:term":[{"taxonomy":"category","embeddable":true,"href":"https:\/\/atecordoba.org\/index.php?rest_route=%2Fwp%2Fv2%2Fcategories&post=50284"},{"taxonomy":"post_tag","embeddable":true,"href":"https:\/\/atecordoba.org\/index.php?rest_route=%2Fwp%2Fv2%2Ftags&post=50284"}],"curies":[{"name":"wp","href":"https:\/\/api.w.org\/{rel}","templated":true}]}}